{"id":25426,"date":"2026-01-28T09:29:48","date_gmt":"2026-01-28T06:29:48","guid":{"rendered":"https:\/\/mybook.am\/?p=25426"},"modified":"2026-01-28T09:29:49","modified_gmt":"2026-01-28T06:29:49","slug":"je-me-tenais-dans-la-cuisine-la-cuillere-en-bois-a-la-main-quand-une-pensee-absurde-ma-traverse-lesprit-pourquoi-ai-je-froid-alors-que-la-plaque-est-deja-allumee","status":"publish","type":"post","link":"https:\/\/mybook.am\/?p=25426","title":{"rendered":"Je me tenais dans la cuisine, la cuill\u00e8re en bois \u00e0 la main, quand une pens\u00e9e absurde m\u2019a travers\u00e9 l\u2019esprit : pourquoi ai-je froid alors que la plaque est d\u00e9j\u00e0 allum\u00e9e ?"},"content":{"rendered":"\n<p>Mes doigts tremblaient l\u00e9g\u00e8rement. La cuill\u00e8re a heurt\u00e9 le bord de la casserole avec un bruit sec. J\u2019ai regard\u00e9 de nouveau \u00e0 l\u2019int\u00e9rieur du sachet ouvert, comme si la situation pouvait se corriger toute seule.Les petits pois \u00e9taient \u00e0 leur place.<br>Le ma\u00efs aussi.<br>Les carottes, normales.<\/p>\n\n\n\n<figure class=\"wp-block-image size-full is-resized\"><img loading=\"lazy\" decoding=\"async\" width=\"421\" height=\"623\" src=\"https:\/\/mybook.am\/wp-content\/uploads\/2026\/01\/89798465489465-1.jpg\" alt=\"\" class=\"wp-image-25430\" style=\"width:747px;height:auto\" srcset=\"https:\/\/mybook.am\/wp-content\/uploads\/2026\/01\/89798465489465-1.jpg 421w, https:\/\/mybook.am\/wp-content\/uploads\/2026\/01\/89798465489465-1-203x300.jpg 203w\" sizes=\"auto, (max-width: 421px) 100vw, 421px\" \/><\/figure>\n\n\n\n<p>Mais cet objet\u2026 il \u00e9tait toujours l\u00e0.<\/p>\n\n\n\n<p>Trop clair. Trop lisse. Trop volumineux pour appartenir \u00e0 un m\u00e9lange de l\u00e9gumes surgel\u00e9s. Au premier regard, j\u2019avais cru \u00e0 un gros morceau de haricot, mal d\u00e9coup\u00e9. En me penchant, j\u2019ai compris que quelque chose clochait. Sa forme \u00e9tait irr\u00e9guli\u00e8re, dense, \u00e9trang\u00e8re au reste.<\/p>\n\n\n\n<p>J\u2019ai pris la cuill\u00e8re et l\u2019ai pouss\u00e9 doucement sur le c\u00f4t\u00e9. Puis je l\u2019ai sorti.<\/p>\n\n\n\n<p>Il est tomb\u00e9 sur le plan de travail avec un bruit sourd.<br>Un bruit que les l\u00e9gumes ne font pas.<\/p>\n\n\n\n<p>Mon estomac s\u2019est nou\u00e9 instantan\u00e9ment.<\/p>\n\n\n\n<p>J\u2019ai allum\u00e9 la lumi\u00e8re au-dessus de l\u2019\u00e9vier, plus forte. Je me suis approch\u00e9e. J\u2019ai vu les fibres. La texture. Les bords imparfaits, comme arrach\u00e9s plut\u00f4t que coup\u00e9s. Mon esprit refusait encore de nommer ce que je voyais, mais mon corps, lui, avait d\u00e9j\u00e0 compris.<\/p>\n\n\n\n<p>Ce n\u2019\u00e9tait pas un v\u00e9g\u00e9tal.<br>C\u2019\u00e9tait un fragment de tissu animal.<\/p>\n\n\n\n<p>Ni os, ni peau. Un v\u00e9ritable morceau de chair, congel\u00e9, compact, d\u00e9plac\u00e9 l\u00e0 o\u00f9 il n\u2019avait rien \u00e0 faire. Une image ancienne m\u2019est revenue \u2014 un souvenir que je n\u2019avais jamais associ\u00e9 \u00e0 la cuisine : un manuel d\u2019anatomie. Et une autre sc\u00e8ne, plus personnelle, trop proche pour \u00eatre confortable.<\/p>\n\n\n\n<p>La naus\u00e9e est mont\u00e9e. J\u2019ai recul\u00e9 la casserole comme si elle \u00e9tait devenue dangereuse. Le sachet de l\u00e9gumes \u00e9tait toujours ouvert, et soudain tout me paraissait r\u00e9pugnant. Les pois ressemblaient \u00e0 des yeux. Les haricots \u00e0 des doigts. C\u2019\u00e9tait irrationnel, je le savais \u2014 et pourtant impossible \u00e0 chasser.<\/p>\n\n\n\n<p>Mon premier r\u00e9flexe a \u00e9t\u00e9 simple : tout jeter.<br>Fermer le sac, le mettre \u00e0 la poubelle, nettoyer la cuisine et pr\u00e9tendre que rien ne s\u2019\u00e9tait pass\u00e9. Mais une autre pens\u00e9e, plus froide, s\u2019est impos\u00e9e :<br>Et si quelqu\u2019un d\u2019autre avait d\u00e9j\u00e0 mang\u00e9 \u00e7a ?<br>Et si d\u2019autres sachets identiques \u00e9taient encore dans des cong\u00e9lateurs, pr\u00eats \u00e0 \u00eatre cuisin\u00e9s sans \u00eatre regard\u00e9s ?<\/p>\n\n\n\n<p>Je me suis lav\u00e9 les mains trop longtemps, jusqu\u2019\u00e0 ce que la peau br\u00fble. Puis j\u2019ai pris mon t\u00e9l\u00e9phone et j\u2019ai pris des photos. Une. Deux. Trois. Sur la derni\u00e8re, le d\u00e9tail \u00e9tait si net que j\u2019ai d\u00fb d\u00e9tourner le regard.<\/p>\n\n\n\n<p>Le silence dans la cuisine devenait pesant. Le r\u00e9frig\u00e9rateur ronronnait doucement, comme s\u2019il savait que quelque chose n\u2019allait pas.<\/p>\n\n\n\n<p>J\u2019ai retourn\u00e9 l\u2019emballage. Des phrases rassurantes, imprim\u00e9es en petit : contr\u00f4le qualit\u00e9, conforme aux normes, produit s\u00fbr. Tout semblait parfaitement normal. Et c\u2019est pr\u00e9cis\u00e9ment ce calme qui m\u2019a glac\u00e9e. Comme le ton pos\u00e9 de quelqu\u2019un qui ment sans h\u00e9siter.<\/p>\n\n\n\n<p>Quand j\u2019ai appel\u00e9 le service client, la voix \u00e0 l\u2019autre bout du fil \u00e9tait polie, presque m\u00e9canique.<br>\u2014 \u00ab Ce n\u2019est pas possible \u00bb, a-t-il dit.<\/p>\n\n\n\n<p>J\u2019ai regard\u00e9 la table.<br>\u2014 \u00ab Pourtant, c\u2019est l\u00e0 \u00bb, ai-je r\u00e9pondu.<\/p>\n\n\n\n<p>Le silence qui a suivi m\u2019a paru interminable. Cette pause en disait plus long que n\u2019importe quelle excuse.<\/p>\n\n\n\n<p>Le d\u00eener n\u2019a jamais eu lieu. Je suis rest\u00e9e assise dans la cuisine, la lumi\u00e8re allum\u00e9e, la nourriture intacte. Je n\u2019avais plus faim \u2014 quelque chose s\u2019\u00e9tait fissur\u00e9.<\/p>\n\n\n\n<p>Depuis ce jour-l\u00e0, je n\u2019ouvre plus jamais un sachet surgel\u00e9 sans examiner son contenu lentement. Pas par parano\u00efa. Par lucidit\u00e9.<\/p>\n\n\n\n<p>Parce que parfois, l\u2019horreur ne crie pas.<br>Elle se cache dans les choses ordinaires.<br>Dans un geste machinal.<br>Dans un produit que l\u2019on croyait s\u00fbr.<\/p>\n\n\n\n<p>Et le plus effrayant n\u2019est pas ce que j\u2019ai vu ce soir-l\u00e0.<br>C\u2019est de penser \u00e0 tout ce que j\u2019aurais pu ne pas voir.<\/p>\n","protected":false},"excerpt":{"rendered":"Mes doigts tremblaient l\u00e9g\u00e8rement. La cuill\u00e8re a heurt\u00e9 le bord de la casserole avec un bruit sec. J\u2019ai regard\u00e9 de nouveau \u00e0 l\u2019int\u00e9rieur \n<a class=\"moretag\" href=\"https:\/\/mybook.am\/?p=25426\"> [...]<\/a>","protected":false},"author":1,"featured_media":25430,"comment_status":"open","ping_status":"open","sticky":false,"template":"","format":"standard","meta":{"footnotes":""},"categories":[3],"tags":[],"class_list":["post-25426","post","type-post","status-publish","format-standard","has-post-thumbnail","hentry","category-fotto"],"yoast_head":"<!-- This site is optimized with the Yoast SEO plugin v27.5 - https:\/\/yoast.com\/product\/yoast-seo-wordpress\/ -->\n<title>Je me tenais dans la cuisine, la cuill\u00e8re en bois \u00e0 la main, quand une pens\u00e9e absurde m\u2019a travers\u00e9 l\u2019esprit : pourquoi ai-je froid alors que la plaque est d\u00e9j\u00e0 allum\u00e9e ? -<\/title>\n<meta name=\"robots\" content=\"index, follow, max-snippet:-1, max-image-preview:large, max-video-preview:-1\" \/>\n<link rel=\"canonical\" href=\"https:\/\/mybook.am\/?p=25426\" \/>\n<meta property=\"og:locale\" content=\"ru_RU\" \/>\n<meta property=\"og:type\" content=\"article\" \/>\n<meta property=\"og:title\" content=\"Je me tenais dans la cuisine, la cuill\u00e8re en bois \u00e0 la main, quand une pens\u00e9e absurde m\u2019a travers\u00e9 l\u2019esprit : pourquoi ai-je froid alors que la plaque est d\u00e9j\u00e0 allum\u00e9e ? -\" \/>\n<meta property=\"og:description\" content=\"Mes doigts tremblaient l\u00e9g\u00e8rement. La cuill\u00e8re a heurt\u00e9 le bord de la casserole avec un bruit sec. J\u2019ai regard\u00e9 de nouveau \u00e0 l\u2019int\u00e9rieur\" \/>\n<meta property=\"og:url\" content=\"https:\/\/mybook.am\/?p=25426\" \/>\n<meta property=\"article:published_time\" content=\"2026-01-28T06:29:48+00:00\" \/>\n<meta property=\"article:modified_time\" content=\"2026-01-28T06:29:49+00:00\" \/>\n<meta property=\"og:image\" content=\"https:\/\/mybook.am\/wp-content\/uploads\/2026\/01\/89798465489465-1.jpg\" \/>\n\t<meta property=\"og:image:width\" content=\"421\" \/>\n\t<meta property=\"og:image:height\" content=\"623\" \/>\n\t<meta property=\"og:image:type\" content=\"image\/jpeg\" \/>\n<meta name=\"author\" content=\"admin\" \/>\n<meta name=\"twitter:card\" content=\"summary_large_image\" \/>\n<meta name=\"twitter:label1\" content=\"\u041d\u0430\u043f\u0438\u0441\u0430\u043d\u043e \u0430\u0432\u0442\u043e\u0440\u043e\u043c\" \/>\n\t<meta name=\"twitter:data1\" content=\"admin\" \/>\n\t<meta name=\"twitter:label2\" content=\"\u041f\u0440\u0438\u043c\u0435\u0440\u043d\u043e\u0435 \u0432\u0440\u0435\u043c\u044f \u0434\u043b\u044f \u0447\u0442\u0435\u043d\u0438\u044f\" \/>\n\t<meta name=\"twitter:data2\" content=\"4 \u043c\u0438\u043d\u0443\u0442\u044b\" \/>\n<script type=\"application\/ld+json\" class=\"yoast-schema-graph\">{\"@context\":\"https:\\\/\\\/schema.org\",\"@graph\":[{\"@type\":\"Article\",\"@id\":\"https:\\\/\\\/mybook.am\\\/?p=25426#article\",\"isPartOf\":{\"@id\":\"https:\\\/\\\/mybook.am\\\/?p=25426\"},\"author\":{\"name\":\"admin\",\"@id\":\"https:\\\/\\\/mybook.am\\\/#\\\/schema\\\/person\\\/e730847942cff3a199774e803916e97e\"},\"headline\":\"Je me tenais dans la cuisine, la cuill\u00e8re en bois \u00e0 la main, quand une pens\u00e9e absurde m\u2019a travers\u00e9 l\u2019esprit : pourquoi ai-je froid alors que la plaque est d\u00e9j\u00e0 allum\u00e9e ?\",\"datePublished\":\"2026-01-28T06:29:48+00:00\",\"dateModified\":\"2026-01-28T06:29:49+00:00\",\"mainEntityOfPage\":{\"@id\":\"https:\\\/\\\/mybook.am\\\/?p=25426\"},\"wordCount\":729,\"commentCount\":0,\"image\":{\"@id\":\"https:\\\/\\\/mybook.am\\\/?p=25426#primaryimage\"},\"thumbnailUrl\":\"https:\\\/\\\/mybook.am\\\/wp-content\\\/uploads\\\/2026\\\/01\\\/89798465489465-1.jpg\",\"articleSection\":[\"FRANS\"],\"inLanguage\":\"ru-RU\",\"potentialAction\":[{\"@type\":\"CommentAction\",\"name\":\"Comment\",\"target\":[\"https:\\\/\\\/mybook.am\\\/?p=25426#respond\"]}]},{\"@type\":\"WebPage\",\"@id\":\"https:\\\/\\\/mybook.am\\\/?p=25426\",\"url\":\"https:\\\/\\\/mybook.am\\\/?p=25426\",\"name\":\"Je me tenais dans la cuisine, la cuill\u00e8re en bois \u00e0 la main, quand une pens\u00e9e absurde m\u2019a travers\u00e9 l\u2019esprit : pourquoi ai-je froid alors que la plaque est d\u00e9j\u00e0 allum\u00e9e ? -\",\"isPartOf\":{\"@id\":\"https:\\\/\\\/mybook.am\\\/#website\"},\"primaryImageOfPage\":{\"@id\":\"https:\\\/\\\/mybook.am\\\/?p=25426#primaryimage\"},\"image\":{\"@id\":\"https:\\\/\\\/mybook.am\\\/?p=25426#primaryimage\"},\"thumbnailUrl\":\"https:\\\/\\\/mybook.am\\\/wp-content\\\/uploads\\\/2026\\\/01\\\/89798465489465-1.jpg\",\"datePublished\":\"2026-01-28T06:29:48+00:00\",\"dateModified\":\"2026-01-28T06:29:49+00:00\",\"author\":{\"@id\":\"https:\\\/\\\/mybook.am\\\/#\\\/schema\\\/person\\\/e730847942cff3a199774e803916e97e\"},\"breadcrumb\":{\"@id\":\"https:\\\/\\\/mybook.am\\\/?p=25426#breadcrumb\"},\"inLanguage\":\"ru-RU\",\"potentialAction\":[{\"@type\":\"ReadAction\",\"target\":[\"https:\\\/\\\/mybook.am\\\/?p=25426\"]}]},{\"@type\":\"ImageObject\",\"inLanguage\":\"ru-RU\",\"@id\":\"https:\\\/\\\/mybook.am\\\/?p=25426#primaryimage\",\"url\":\"https:\\\/\\\/mybook.am\\\/wp-content\\\/uploads\\\/2026\\\/01\\\/89798465489465-1.jpg\",\"contentUrl\":\"https:\\\/\\\/mybook.am\\\/wp-content\\\/uploads\\\/2026\\\/01\\\/89798465489465-1.jpg\",\"width\":421,\"height\":623},{\"@type\":\"BreadcrumbList\",\"@id\":\"https:\\\/\\\/mybook.am\\\/?p=25426#breadcrumb\",\"itemListElement\":[{\"@type\":\"ListItem\",\"position\":1,\"name\":\"\u0413\u043b\u0430\u0432\u043d\u0430\u044f \u0441\u0442\u0440\u0430\u043d\u0438\u0446\u0430\",\"item\":\"https:\\\/\\\/mybook.am\\\/\"},{\"@type\":\"ListItem\",\"position\":2,\"name\":\"Je me tenais dans la cuisine, la cuill\u00e8re en bois \u00e0 la main, quand une pens\u00e9e absurde m\u2019a travers\u00e9 l\u2019esprit : pourquoi ai-je froid alors que la plaque est d\u00e9j\u00e0 allum\u00e9e ?\"}]},{\"@type\":\"WebSite\",\"@id\":\"https:\\\/\\\/mybook.am\\\/#website\",\"url\":\"https:\\\/\\\/mybook.am\\\/\",\"name\":\"\",\"description\":\"\",\"potentialAction\":[{\"@type\":\"SearchAction\",\"target\":{\"@type\":\"EntryPoint\",\"urlTemplate\":\"https:\\\/\\\/mybook.am\\\/?s={search_term_string}\"},\"query-input\":{\"@type\":\"PropertyValueSpecification\",\"valueRequired\":true,\"valueName\":\"search_term_string\"}}],\"inLanguage\":\"ru-RU\"},{\"@type\":\"Person\",\"@id\":\"https:\\\/\\\/mybook.am\\\/#\\\/schema\\\/person\\\/e730847942cff3a199774e803916e97e\",\"name\":\"admin\",\"image\":{\"@type\":\"ImageObject\",\"inLanguage\":\"ru-RU\",\"@id\":\"https:\\\/\\\/secure.gravatar.com\\\/avatar\\\/df64e550a0653b7be0f1bcf897f33faad9c2c8153472b2d9319beafb51370f6f?s=96&d=mm&r=g\",\"url\":\"https:\\\/\\\/secure.gravatar.com\\\/avatar\\\/df64e550a0653b7be0f1bcf897f33faad9c2c8153472b2d9319beafb51370f6f?s=96&d=mm&r=g\",\"contentUrl\":\"https:\\\/\\\/secure.gravatar.com\\\/avatar\\\/df64e550a0653b7be0f1bcf897f33faad9c2c8153472b2d9319beafb51370f6f?s=96&d=mm&r=g\",\"caption\":\"admin\"},\"sameAs\":[\"http:\\\/\\\/mybook.am\"],\"url\":\"https:\\\/\\\/mybook.am\\\/?author=1\"}]}<\/script>\n<!-- \/ Yoast SEO plugin. -->","yoast_head_json":{"title":"Je me tenais dans la cuisine, la cuill\u00e8re en bois \u00e0 la main, quand une pens\u00e9e absurde m\u2019a travers\u00e9 l\u2019esprit : pourquoi ai-je froid alors que la plaque est d\u00e9j\u00e0 allum\u00e9e ? -","robots":{"index":"index","follow":"follow","max-snippet":"max-snippet:-1","max-image-preview":"max-image-preview:large","max-video-preview":"max-video-preview:-1"},"canonical":"https:\/\/mybook.am\/?p=25426","og_locale":"ru_RU","og_type":"article","og_title":"Je me tenais dans la cuisine, la cuill\u00e8re en bois \u00e0 la main, quand une pens\u00e9e absurde m\u2019a travers\u00e9 l\u2019esprit : pourquoi ai-je froid alors que la plaque est d\u00e9j\u00e0 allum\u00e9e ? -","og_description":"Mes doigts tremblaient l\u00e9g\u00e8rement. La cuill\u00e8re a heurt\u00e9 le bord de la casserole avec un bruit sec. J\u2019ai regard\u00e9 de nouveau \u00e0 l\u2019int\u00e9rieur","og_url":"https:\/\/mybook.am\/?p=25426","article_published_time":"2026-01-28T06:29:48+00:00","article_modified_time":"2026-01-28T06:29:49+00:00","og_image":[{"width":421,"height":623,"url":"https:\/\/mybook.am\/wp-content\/uploads\/2026\/01\/89798465489465-1.jpg","type":"image\/jpeg"}],"author":"admin","twitter_card":"summary_large_image","twitter_misc":{"\u041d\u0430\u043f\u0438\u0441\u0430\u043d\u043e \u0430\u0432\u0442\u043e\u0440\u043e\u043c":"admin","\u041f\u0440\u0438\u043c\u0435\u0440\u043d\u043e\u0435 \u0432\u0440\u0435\u043c\u044f \u0434\u043b\u044f \u0447\u0442\u0435\u043d\u0438\u044f":"4 \u043c\u0438\u043d\u0443\u0442\u044b"},"schema":{"@context":"https:\/\/schema.org","@graph":[{"@type":"Article","@id":"https:\/\/mybook.am\/?p=25426#article","isPartOf":{"@id":"https:\/\/mybook.am\/?p=25426"},"author":{"name":"admin","@id":"https:\/\/mybook.am\/#\/schema\/person\/e730847942cff3a199774e803916e97e"},"headline":"Je me tenais dans la cuisine, la cuill\u00e8re en bois \u00e0 la main, quand une pens\u00e9e absurde m\u2019a travers\u00e9 l\u2019esprit : pourquoi ai-je froid alors que la plaque est d\u00e9j\u00e0 allum\u00e9e ?","datePublished":"2026-01-28T06:29:48+00:00","dateModified":"2026-01-28T06:29:49+00:00","mainEntityOfPage":{"@id":"https:\/\/mybook.am\/?p=25426"},"wordCount":729,"commentCount":0,"image":{"@id":"https:\/\/mybook.am\/?p=25426#primaryimage"},"thumbnailUrl":"https:\/\/mybook.am\/wp-content\/uploads\/2026\/01\/89798465489465-1.jpg","articleSection":["FRANS"],"inLanguage":"ru-RU","potentialAction":[{"@type":"CommentAction","name":"Comment","target":["https:\/\/mybook.am\/?p=25426#respond"]}]},{"@type":"WebPage","@id":"https:\/\/mybook.am\/?p=25426","url":"https:\/\/mybook.am\/?p=25426","name":"Je me tenais dans la cuisine, la cuill\u00e8re en bois \u00e0 la main, quand une pens\u00e9e absurde m\u2019a travers\u00e9 l\u2019esprit : pourquoi ai-je froid alors que la plaque est d\u00e9j\u00e0 allum\u00e9e ? -","isPartOf":{"@id":"https:\/\/mybook.am\/#website"},"primaryImageOfPage":{"@id":"https:\/\/mybook.am\/?p=25426#primaryimage"},"image":{"@id":"https:\/\/mybook.am\/?p=25426#primaryimage"},"thumbnailUrl":"https:\/\/mybook.am\/wp-content\/uploads\/2026\/01\/89798465489465-1.jpg","datePublished":"2026-01-28T06:29:48+00:00","dateModified":"2026-01-28T06:29:49+00:00","author":{"@id":"https:\/\/mybook.am\/#\/schema\/person\/e730847942cff3a199774e803916e97e"},"breadcrumb":{"@id":"https:\/\/mybook.am\/?p=25426#breadcrumb"},"inLanguage":"ru-RU","potentialAction":[{"@type":"ReadAction","target":["https:\/\/mybook.am\/?p=25426"]}]},{"@type":"ImageObject","inLanguage":"ru-RU","@id":"https:\/\/mybook.am\/?p=25426#primaryimage","url":"https:\/\/mybook.am\/wp-content\/uploads\/2026\/01\/89798465489465-1.jpg","contentUrl":"https:\/\/mybook.am\/wp-content\/uploads\/2026\/01\/89798465489465-1.jpg","width":421,"height":623},{"@type":"BreadcrumbList","@id":"https:\/\/mybook.am\/?p=25426#breadcrumb","itemListElement":[{"@type":"ListItem","position":1,"name":"\u0413\u043b\u0430\u0432\u043d\u0430\u044f \u0441\u0442\u0440\u0430\u043d\u0438\u0446\u0430","item":"https:\/\/mybook.am\/"},{"@type":"ListItem","position":2,"name":"Je me tenais dans la cuisine, la cuill\u00e8re en bois \u00e0 la main, quand une pens\u00e9e absurde m\u2019a travers\u00e9 l\u2019esprit : pourquoi ai-je froid alors que la plaque est d\u00e9j\u00e0 allum\u00e9e ?"}]},{"@type":"WebSite","@id":"https:\/\/mybook.am\/#website","url":"https:\/\/mybook.am\/","name":"","description":"","potentialAction":[{"@type":"SearchAction","target":{"@type":"EntryPoint","urlTemplate":"https:\/\/mybook.am\/?s={search_term_string}"},"query-input":{"@type":"PropertyValueSpecification","valueRequired":true,"valueName":"search_term_string"}}],"inLanguage":"ru-RU"},{"@type":"Person","@id":"https:\/\/mybook.am\/#\/schema\/person\/e730847942cff3a199774e803916e97e","name":"admin","image":{"@type":"ImageObject","inLanguage":"ru-RU","@id":"https:\/\/secure.gravatar.com\/avatar\/df64e550a0653b7be0f1bcf897f33faad9c2c8153472b2d9319beafb51370f6f?s=96&d=mm&r=g","url":"https:\/\/secure.gravatar.com\/avatar\/df64e550a0653b7be0f1bcf897f33faad9c2c8153472b2d9319beafb51370f6f?s=96&d=mm&r=g","contentUrl":"https:\/\/secure.gravatar.com\/avatar\/df64e550a0653b7be0f1bcf897f33faad9c2c8153472b2d9319beafb51370f6f?s=96&d=mm&r=g","caption":"admin"},"sameAs":["http:\/\/mybook.am"],"url":"https:\/\/mybook.am\/?author=1"}]}},"views":1061,"_links":{"self":[{"href":"https:\/\/mybook.am\/index.php?rest_route=\/wp\/v2\/posts\/25426","targetHints":{"allow":["GET"]}}],"collection":[{"href":"https:\/\/mybook.am\/index.php?rest_route=\/wp\/v2\/posts"}],"about":[{"href":"https:\/\/mybook.am\/index.php?rest_route=\/wp\/v2\/types\/post"}],"author":[{"embeddable":true,"href":"https:\/\/mybook.am\/index.php?rest_route=\/wp\/v2\/users\/1"}],"replies":[{"embeddable":true,"href":"https:\/\/mybook.am\/index.php?rest_route=%2Fwp%2Fv2%2Fcomments&post=25426"}],"version-history":[{"count":1,"href":"https:\/\/mybook.am\/index.php?rest_route=\/wp\/v2\/posts\/25426\/revisions"}],"predecessor-version":[{"id":25431,"href":"https:\/\/mybook.am\/index.php?rest_route=\/wp\/v2\/posts\/25426\/revisions\/25431"}],"wp:featuredmedia":[{"embeddable":true,"href":"https:\/\/mybook.am\/index.php?rest_route=\/wp\/v2\/media\/25430"}],"wp:attachment":[{"href":"https:\/\/mybook.am\/index.php?rest_route=%2Fwp%2Fv2%2Fmedia&parent=25426"}],"wp:term":[{"taxonomy":"category","embeddable":true,"href":"https:\/\/mybook.am\/index.php?rest_route=%2Fwp%2Fv2%2Fcategories&post=25426"},{"taxonomy":"post_tag","embeddable":true,"href":"https:\/\/mybook.am\/index.php?rest_route=%2Fwp%2Fv2%2Ftags&post=25426"}],"curies":[{"name":"wp","href":"https:\/\/api.w.org\/{rel}","templated":true}]}}