{"id":25445,"date":"2026-01-28T19:26:59","date_gmt":"2026-01-28T16:26:59","guid":{"rendered":"https:\/\/mybook.am\/?p=25445"},"modified":"2026-01-28T19:26:59","modified_gmt":"2026-01-28T16:26:59","slug":"pani-k-milionar-se-u-soudu-zminil-o-tehotenstvi-sve-zeny-netusil-ze-soudce-je-jejim-otcem","status":"publish","type":"post","link":"https:\/\/mybook.am\/?p=25445","title":{"rendered":"Pan\u00ed K.! Milion\u00e1\u0159 se u soudu zm\u00ednil o t\u011bhotenstv\u00ed sv\u00e9 \u017eeny \u2014 netu\u0161il, \u017ee soudce je jej\u00edm otcem"},"content":{"rendered":"\n<p>R\u00e1no u rodinn\u00e9ho soudu v Madridu bylo napjat\u00e9 tak, \u017ee se vzduch dal kr\u00e1jet.Jmenuji se Elena M\u00e1rquez, je mi t\u0159icet dva let a jsem v sedm\u00e9m m\u011bs\u00edci t\u011bhotenstv\u00ed.<br>\u010cern\u00fd v\u016fz zastavil p\u0159esn\u011b v osm t\u0159icet. Z vystoupil Javier, m\u016fj man\u017eel \u2014 sebejist\u00fd, dokonale oble\u010den\u00fd, s v\u00fdrazem mu\u017ee, kter\u00fd je zvykl\u00fd vyhr\u00e1vat. Po jeho boku kr\u00e1\u010dela Luc\u00eda, jeho milenka. B\u00edl\u00fd kost\u00fdm, rovn\u00e1 z\u00e1da, chladn\u00fd \u00fasm\u011bv. Vypadali jako p\u00e1r z tituln\u00ed strany \u010dasopisu. Jako by moje existence byla jen nep\u0159\u00edjemn\u00e1 pozn\u00e1mka pod \u010darou.<\/p>\n\n\n\n<figure class=\"wp-block-image size-large is-resized\"><img loading=\"lazy\" decoding=\"async\" width=\"604\" height=\"1024\" src=\"https:\/\/mybook.am\/wp-content\/uploads\/2026\/01\/79875498464654-604x1024.jpg\" alt=\"\" class=\"wp-image-25446\" style=\"width:747px;height:auto\" srcset=\"https:\/\/mybook.am\/wp-content\/uploads\/2026\/01\/79875498464654-604x1024.jpg 604w, https:\/\/mybook.am\/wp-content\/uploads\/2026\/01\/79875498464654-177x300.jpg 177w, https:\/\/mybook.am\/wp-content\/uploads\/2026\/01\/79875498464654-768x1302.jpg 768w, https:\/\/mybook.am\/wp-content\/uploads\/2026\/01\/79875498464654.jpg 892w\" sizes=\"auto, (max-width: 604px) 100vw, 604px\" \/><\/figure>\n\n\n\n<p>V soudn\u00ed s\u00edni p\u0159edsedal soudce Santiago Herrera. Kdy\u017e se na m\u011b pod\u00edval, jeho pohled na vte\u0159inu ztuhl. Nev\u011bd\u011bla jsem pro\u010d \u2014 jen jsem c\u00edtila, \u017ee se v n\u011bm n\u011bco pohnulo. Ne soucit. Sp\u00ed\u0161 znepokojiv\u00e9 pozn\u00e1n\u00ed, kter\u00e9 si je\u0161t\u011b neum\u011bl pojmenovat.<\/p>\n\n\n\n<p>M\u016fj advok\u00e1t p\u0159edlo\u017eil d\u016fkazy: v\u00fdhr\u016f\u017en\u00e9 zpr\u00e1vy, l\u00e9ka\u0159sk\u00e9 zpr\u00e1vy, z\u00e1znamy o psychick\u00e9m i fyzick\u00e9m n\u00e1tlaku. Obrana Javiera se m\u011b sna\u017eila vykreslit jako hysterickou \u017eenu, \u201eemo\u010dn\u011b nestabiln\u00ed\u201c, neschopnou rozumn\u00e9ho \u00fasudku.<br>Luc\u00eda p\u0159i ka\u017ed\u00e9 m\u00e9 v\u011bt\u011b teatr\u00e1ln\u011b obracela o\u010di.<\/p>\n\n\n\n<p>Nap\u011bt\u00ed se p\u0159elomilo ve chv\u00edli, kdy padla zm\u00ednka o jejich pom\u011bru.<\/p>\n\n\n\n<p>Luc\u00eda n\u00e1hle vysko\u010dila.<\/p>\n\n\n\n<p>\u2014 On l\u017ee! \u2014 vyk\u0159ikla.<\/p>\n\n\n\n<p>Soudce ude\u0159il klad\u00edvkem.<br>\u2014 Ticho v soudn\u00ed s\u00edni!<\/p>\n\n\n\n<p>Ale Luc\u00eda u\u017e byla mimo sebe. V o\u010d\u00edch m\u011bla vztek, ne stud. Ne\u017e kdokoli stihl zareagovat, vrhla se ke mn\u011b.<\/p>\n\n\n\n<p>Uc\u00edt\u00edla jsem jen n\u00e1raz. Tvrd\u00fd. P\u0159esn\u00fd. Do b\u0159icha.<\/p>\n\n\n\n<p>V\u00fdk\u0159ik, kter\u00fd ze m\u011b vy\u0161el, nebyl lidsk\u00fd. Zhroutila jsem se na mramorovou podlahu, zat\u00edmco tmav\u00e1 tekutina se rozl\u00e9vala pod m\u00fdm t\u011blem. Lid\u00e9 k\u0159i\u010deli. N\u011bkdo plakal. N\u011bkdo ut\u00edkal pro pomoc.<\/p>\n\n\n\n<p>\u2014 Okam\u017eit\u011b zavolejte z\u00e1chranku! \u2014 p\u0159ik\u00e1zal soudce Herrera. Byl bled\u00fd. Skute\u010dn\u011b bled\u00fd.<\/p>\n\n\n\n<p>Kdy\u017e m\u011b odv\u00e1\u017eeli, jeho pohled se zastavil na m\u00e9m krku. Na star\u00e9m st\u0159\u00edbrn\u00e9m p\u0159\u00edv\u011bsku.<br>Vid\u011bla jsem, jak se mu st\u00e1hly rty. Jako by ten p\u0159edm\u011bt znal.<\/p>\n\n\n\n<p>Tu noc, kdy jsem bojovala o \u017eivot sv\u00e9ho d\u00edt\u011bte, mi p\u0159i\u0161la anonymn\u00ed zpr\u00e1va.<\/p>\n\n\n\n<p>\u201ePokud jste Elena M\u00e1rquez\u2026 mysl\u00edm, \u017ee jsem v\u00e1\u0161 otec.\u201c<\/p>\n\n\n\n<p>Telefon mi t\u011b\u017ekl v ruce v\u00edc ne\u017e kapa\u010dka v \u017e\u00edle. Monitory p\u00edpaly nepravideln\u011b. L\u00e9ka\u0159i mluvili \u0161eptem, jako by hlasit\u011bj\u0161\u00ed slova mohla v\u0161echno zlomit.<\/p>\n\n\n\n<p>\u201eKritick\u00fd stav.\u201c<br>\u201eRiziko p\u0159ed\u010dasn\u00e9ho porodu.\u201c<br>\u201eD\u011bl\u00e1me, co m\u016f\u017eeme.\u201c<\/p>\n\n\n\n<p>R\u00e1no se otev\u0159ely dve\u0159e pokoje.<\/p>\n\n\n\n<p>St\u00e1l tam Santiago Herrera. Bez tal\u00e1ru. Bez autority. Jen mu\u017e se shrben\u00fdmi rameny.<\/p>\n\n\n\n<p>\u2014 Ten p\u0159\u00edv\u011bsek\u2026 \u2014 za\u010dal ti\u0161e. \u2014 P\u0159ed t\u0159iat\u0159iceti lety jsem daroval stejn\u00fd \u017een\u011b, kterou jsem opustil. Byl jsem zbab\u011blec. Vybral jsem si kari\u00e9ru.<\/p>\n\n\n\n<p>Posadil se. Ruce se mu t\u0159\u00e1sly.<\/p>\n\n\n\n<p>\u2014 Ud\u011blal jsem test. Neofici\u00e1ln\u011b. Jsi moje dcera.<\/p>\n\n\n\n<p>Neplakala jsem.<br>Proto\u017ee v tu chv\u00edli mi do\u0161lo n\u011bco hor\u0161\u00edho:<br>Cel\u00fd ten soud nebyl o m\u00e9m man\u017eelstv\u00ed. Byl o pravd\u011b, kter\u00e1 \u010dekala p\u0159\u00edli\u0161 dlouho.<\/p>\n\n\n\n<p>O n\u011bkolik dn\u00ed pozd\u011bji prob\u011bhlo nov\u00e9 sly\u0161en\u00ed.<\/p>\n\n\n\n<p>Javier se usm\u00edval. Dokonce si dovolil pozn\u00e1mku:<\/p>\n\n\n\n<p>\u2014 Va\u0161e ctihodnosti, moje \u017eena pou\u017e\u00edv\u00e1 t\u011bhotenstv\u00ed jako n\u00e1stroj. A up\u0159\u00edmn\u011b \u2014 ani si nejsme jisti, \u017ee to d\u00edt\u011b je moje.<\/p>\n\n\n\n<p>V s\u00e1le se rozhostilo ticho.<\/p>\n\n\n\n<p>Soudce Herrera se zvedl.<\/p>\n\n\n\n<p>\u2014 Sta\u010d\u00ed.<\/p>\n\n\n\n<p>Pod\u00edval se p\u0159\u00edmo na n\u011bj.<\/p>\n\n\n\n<p>\u2014 Oznamuji soudu, \u017ee z d\u016fvodu st\u0159etu z\u00e1jm\u016f odstupuji z p\u0159\u00edpadu. Ale z\u00e1rove\u0148 \u010din\u00edm ofici\u00e1ln\u00ed prohl\u00e1\u0161en\u00ed: Elena M\u00e1rquez je moje biologick\u00e1 dcera.<\/p>\n\n\n\n<p>Luc\u00eda zbledla.<br>Javier poprv\u00e9 ztratil \u0159e\u010d.<\/p>\n\n\n\n<p>O t\u00fdden pozd\u011bji byl Javier zat\u010den. Finan\u010dn\u00ed podvody. N\u00e1tlak na sv\u011bdky. Dom\u00e1c\u00ed n\u00e1sil\u00ed. V\u0161echno, co pova\u017eoval za nedotknuteln\u00e9.<\/p>\n\n\n\n<p>M\u016fj syn se narodil p\u0159ed\u010dasn\u011b. Mal\u00fd. Slab\u00fd. Ale \u017eiv\u00fd.<\/p>\n\n\n\n<p>A kdy\u017e jsem ho dr\u017eela v n\u00e1ru\u010d\u00ed, pochopila jsem posledn\u00ed paradox:<br>Mu\u017e, kter\u00fd mi cht\u011bl vz\u00edt budoucnost, m\u011b donutil kone\u010dn\u011b poznat minulost.<\/p>\n","protected":false},"excerpt":{"rendered":"R\u00e1no u rodinn\u00e9ho soudu v Madridu bylo napjat\u00e9 tak, \u017ee se vzduch dal kr\u00e1jet.Jmenuji se Elena M\u00e1rquez, je mi t\u0159icet dva let a \n<a class=\"moretag\" href=\"https:\/\/mybook.am\/?p=25445\"> [...]<\/a>","protected":false},"author":1,"featured_media":25446,"comment_status":"open","ping_status":"open","sticky":false,"template":"","format":"standard","meta":{"footnotes":""},"categories":[1],"tags":[],"class_list":["post-25445","post","type-post","status-publish","format-standard","has-post-thumbnail","hentry","category-ceska"],"yoast_head":"<!-- This site is optimized with the Yoast SEO plugin v27.5 - https:\/\/yoast.com\/product\/yoast-seo-wordpress\/ -->\n<title>Pan\u00ed K.! Milion\u00e1\u0159 se u soudu zm\u00ednil o t\u011bhotenstv\u00ed sv\u00e9 \u017eeny \u2014 netu\u0161il, \u017ee soudce je jej\u00edm otcem -<\/title>\n<meta name=\"robots\" content=\"index, follow, max-snippet:-1, max-image-preview:large, max-video-preview:-1\" \/>\n<link rel=\"canonical\" href=\"https:\/\/mybook.am\/?p=25445\" \/>\n<meta property=\"og:locale\" content=\"ru_RU\" \/>\n<meta property=\"og:type\" content=\"article\" \/>\n<meta property=\"og:title\" content=\"Pan\u00ed K.! Milion\u00e1\u0159 se u soudu zm\u00ednil o t\u011bhotenstv\u00ed sv\u00e9 \u017eeny \u2014 netu\u0161il, \u017ee soudce je jej\u00edm otcem -\" \/>\n<meta property=\"og:description\" content=\"R\u00e1no u rodinn\u00e9ho soudu v Madridu bylo napjat\u00e9 tak, \u017ee se vzduch dal kr\u00e1jet.Jmenuji se Elena M\u00e1rquez, je mi t\u0159icet dva let a\" \/>\n<meta property=\"og:url\" content=\"https:\/\/mybook.am\/?p=25445\" \/>\n<meta property=\"article:published_time\" content=\"2026-01-28T16:26:59+00:00\" \/>\n<meta property=\"og:image\" content=\"https:\/\/mybook.am\/wp-content\/uploads\/2026\/01\/79875498464654.jpg\" \/>\n\t<meta property=\"og:image:width\" content=\"892\" \/>\n\t<meta property=\"og:image:height\" content=\"1512\" \/>\n\t<meta property=\"og:image:type\" content=\"image\/jpeg\" \/>\n<meta name=\"author\" content=\"admin\" \/>\n<meta name=\"twitter:card\" content=\"summary_large_image\" \/>\n<meta name=\"twitter:label1\" content=\"\u041d\u0430\u043f\u0438\u0441\u0430\u043d\u043e \u0430\u0432\u0442\u043e\u0440\u043e\u043c\" \/>\n\t<meta name=\"twitter:data1\" content=\"admin\" \/>\n\t<meta name=\"twitter:label2\" content=\"\u041f\u0440\u0438\u043c\u0435\u0440\u043d\u043e\u0435 \u0432\u0440\u0435\u043c\u044f \u0434\u043b\u044f \u0447\u0442\u0435\u043d\u0438\u044f\" \/>\n\t<meta name=\"twitter:data2\" content=\"4 \u043c\u0438\u043d\u0443\u0442\u044b\" \/>\n<script type=\"application\/ld+json\" class=\"yoast-schema-graph\">{\"@context\":\"https:\\\/\\\/schema.org\",\"@graph\":[{\"@type\":\"Article\",\"@id\":\"https:\\\/\\\/mybook.am\\\/?p=25445#article\",\"isPartOf\":{\"@id\":\"https:\\\/\\\/mybook.am\\\/?p=25445\"},\"author\":{\"name\":\"admin\",\"@id\":\"https:\\\/\\\/mybook.am\\\/#\\\/schema\\\/person\\\/e730847942cff3a199774e803916e97e\"},\"headline\":\"Pan\u00ed K.! Milion\u00e1\u0159 se u soudu zm\u00ednil o t\u011bhotenstv\u00ed sv\u00e9 \u017eeny \u2014 netu\u0161il, \u017ee soudce je jej\u00edm otcem\",\"datePublished\":\"2026-01-28T16:26:59+00:00\",\"mainEntityOfPage\":{\"@id\":\"https:\\\/\\\/mybook.am\\\/?p=25445\"},\"wordCount\":751,\"commentCount\":0,\"image\":{\"@id\":\"https:\\\/\\\/mybook.am\\\/?p=25445#primaryimage\"},\"thumbnailUrl\":\"https:\\\/\\\/mybook.am\\\/wp-content\\\/uploads\\\/2026\\\/01\\\/79875498464654.jpg\",\"articleSection\":[\"\u010cesk\u00e1\"],\"inLanguage\":\"ru-RU\",\"potentialAction\":[{\"@type\":\"CommentAction\",\"name\":\"Comment\",\"target\":[\"https:\\\/\\\/mybook.am\\\/?p=25445#respond\"]}]},{\"@type\":\"WebPage\",\"@id\":\"https:\\\/\\\/mybook.am\\\/?p=25445\",\"url\":\"https:\\\/\\\/mybook.am\\\/?p=25445\",\"name\":\"Pan\u00ed K.! Milion\u00e1\u0159 se u soudu zm\u00ednil o t\u011bhotenstv\u00ed sv\u00e9 \u017eeny \u2014 netu\u0161il, \u017ee soudce je jej\u00edm otcem -\",\"isPartOf\":{\"@id\":\"https:\\\/\\\/mybook.am\\\/#website\"},\"primaryImageOfPage\":{\"@id\":\"https:\\\/\\\/mybook.am\\\/?p=25445#primaryimage\"},\"image\":{\"@id\":\"https:\\\/\\\/mybook.am\\\/?p=25445#primaryimage\"},\"thumbnailUrl\":\"https:\\\/\\\/mybook.am\\\/wp-content\\\/uploads\\\/2026\\\/01\\\/79875498464654.jpg\",\"datePublished\":\"2026-01-28T16:26:59+00:00\",\"author\":{\"@id\":\"https:\\\/\\\/mybook.am\\\/#\\\/schema\\\/person\\\/e730847942cff3a199774e803916e97e\"},\"breadcrumb\":{\"@id\":\"https:\\\/\\\/mybook.am\\\/?p=25445#breadcrumb\"},\"inLanguage\":\"ru-RU\",\"potentialAction\":[{\"@type\":\"ReadAction\",\"target\":[\"https:\\\/\\\/mybook.am\\\/?p=25445\"]}]},{\"@type\":\"ImageObject\",\"inLanguage\":\"ru-RU\",\"@id\":\"https:\\\/\\\/mybook.am\\\/?p=25445#primaryimage\",\"url\":\"https:\\\/\\\/mybook.am\\\/wp-content\\\/uploads\\\/2026\\\/01\\\/79875498464654.jpg\",\"contentUrl\":\"https:\\\/\\\/mybook.am\\\/wp-content\\\/uploads\\\/2026\\\/01\\\/79875498464654.jpg\",\"width\":892,\"height\":1512},{\"@type\":\"BreadcrumbList\",\"@id\":\"https:\\\/\\\/mybook.am\\\/?p=25445#breadcrumb\",\"itemListElement\":[{\"@type\":\"ListItem\",\"position\":1,\"name\":\"\u0413\u043b\u0430\u0432\u043d\u0430\u044f \u0441\u0442\u0440\u0430\u043d\u0438\u0446\u0430\",\"item\":\"https:\\\/\\\/mybook.am\\\/\"},{\"@type\":\"ListItem\",\"position\":2,\"name\":\"Pan\u00ed K.! Milion\u00e1\u0159 se u soudu zm\u00ednil o t\u011bhotenstv\u00ed sv\u00e9 \u017eeny \u2014 netu\u0161il, \u017ee soudce je jej\u00edm otcem\"}]},{\"@type\":\"WebSite\",\"@id\":\"https:\\\/\\\/mybook.am\\\/#website\",\"url\":\"https:\\\/\\\/mybook.am\\\/\",\"name\":\"\",\"description\":\"\",\"potentialAction\":[{\"@type\":\"SearchAction\",\"target\":{\"@type\":\"EntryPoint\",\"urlTemplate\":\"https:\\\/\\\/mybook.am\\\/?s={search_term_string}\"},\"query-input\":{\"@type\":\"PropertyValueSpecification\",\"valueRequired\":true,\"valueName\":\"search_term_string\"}}],\"inLanguage\":\"ru-RU\"},{\"@type\":\"Person\",\"@id\":\"https:\\\/\\\/mybook.am\\\/#\\\/schema\\\/person\\\/e730847942cff3a199774e803916e97e\",\"name\":\"admin\",\"image\":{\"@type\":\"ImageObject\",\"inLanguage\":\"ru-RU\",\"@id\":\"https:\\\/\\\/secure.gravatar.com\\\/avatar\\\/df64e550a0653b7be0f1bcf897f33faad9c2c8153472b2d9319beafb51370f6f?s=96&d=mm&r=g\",\"url\":\"https:\\\/\\\/secure.gravatar.com\\\/avatar\\\/df64e550a0653b7be0f1bcf897f33faad9c2c8153472b2d9319beafb51370f6f?s=96&d=mm&r=g\",\"contentUrl\":\"https:\\\/\\\/secure.gravatar.com\\\/avatar\\\/df64e550a0653b7be0f1bcf897f33faad9c2c8153472b2d9319beafb51370f6f?s=96&d=mm&r=g\",\"caption\":\"admin\"},\"sameAs\":[\"http:\\\/\\\/mybook.am\"],\"url\":\"https:\\\/\\\/mybook.am\\\/?author=1\"}]}<\/script>\n<!-- \/ Yoast SEO plugin. -->","yoast_head_json":{"title":"Pan\u00ed K.! Milion\u00e1\u0159 se u soudu zm\u00ednil o t\u011bhotenstv\u00ed sv\u00e9 \u017eeny \u2014 netu\u0161il, \u017ee soudce je jej\u00edm otcem -","robots":{"index":"index","follow":"follow","max-snippet":"max-snippet:-1","max-image-preview":"max-image-preview:large","max-video-preview":"max-video-preview:-1"},"canonical":"https:\/\/mybook.am\/?p=25445","og_locale":"ru_RU","og_type":"article","og_title":"Pan\u00ed K.! Milion\u00e1\u0159 se u soudu zm\u00ednil o t\u011bhotenstv\u00ed sv\u00e9 \u017eeny \u2014 netu\u0161il, \u017ee soudce je jej\u00edm otcem -","og_description":"R\u00e1no u rodinn\u00e9ho soudu v Madridu bylo napjat\u00e9 tak, \u017ee se vzduch dal kr\u00e1jet.Jmenuji se Elena M\u00e1rquez, je mi t\u0159icet dva let a","og_url":"https:\/\/mybook.am\/?p=25445","article_published_time":"2026-01-28T16:26:59+00:00","og_image":[{"width":892,"height":1512,"url":"https:\/\/mybook.am\/wp-content\/uploads\/2026\/01\/79875498464654.jpg","type":"image\/jpeg"}],"author":"admin","twitter_card":"summary_large_image","twitter_misc":{"\u041d\u0430\u043f\u0438\u0441\u0430\u043d\u043e \u0430\u0432\u0442\u043e\u0440\u043e\u043c":"admin","\u041f\u0440\u0438\u043c\u0435\u0440\u043d\u043e\u0435 \u0432\u0440\u0435\u043c\u044f \u0434\u043b\u044f \u0447\u0442\u0435\u043d\u0438\u044f":"4 \u043c\u0438\u043d\u0443\u0442\u044b"},"schema":{"@context":"https:\/\/schema.org","@graph":[{"@type":"Article","@id":"https:\/\/mybook.am\/?p=25445#article","isPartOf":{"@id":"https:\/\/mybook.am\/?p=25445"},"author":{"name":"admin","@id":"https:\/\/mybook.am\/#\/schema\/person\/e730847942cff3a199774e803916e97e"},"headline":"Pan\u00ed K.! Milion\u00e1\u0159 se u soudu zm\u00ednil o t\u011bhotenstv\u00ed sv\u00e9 \u017eeny \u2014 netu\u0161il, \u017ee soudce je jej\u00edm otcem","datePublished":"2026-01-28T16:26:59+00:00","mainEntityOfPage":{"@id":"https:\/\/mybook.am\/?p=25445"},"wordCount":751,"commentCount":0,"image":{"@id":"https:\/\/mybook.am\/?p=25445#primaryimage"},"thumbnailUrl":"https:\/\/mybook.am\/wp-content\/uploads\/2026\/01\/79875498464654.jpg","articleSection":["\u010cesk\u00e1"],"inLanguage":"ru-RU","potentialAction":[{"@type":"CommentAction","name":"Comment","target":["https:\/\/mybook.am\/?p=25445#respond"]}]},{"@type":"WebPage","@id":"https:\/\/mybook.am\/?p=25445","url":"https:\/\/mybook.am\/?p=25445","name":"Pan\u00ed K.! Milion\u00e1\u0159 se u soudu zm\u00ednil o t\u011bhotenstv\u00ed sv\u00e9 \u017eeny \u2014 netu\u0161il, \u017ee soudce je jej\u00edm otcem -","isPartOf":{"@id":"https:\/\/mybook.am\/#website"},"primaryImageOfPage":{"@id":"https:\/\/mybook.am\/?p=25445#primaryimage"},"image":{"@id":"https:\/\/mybook.am\/?p=25445#primaryimage"},"thumbnailUrl":"https:\/\/mybook.am\/wp-content\/uploads\/2026\/01\/79875498464654.jpg","datePublished":"2026-01-28T16:26:59+00:00","author":{"@id":"https:\/\/mybook.am\/#\/schema\/person\/e730847942cff3a199774e803916e97e"},"breadcrumb":{"@id":"https:\/\/mybook.am\/?p=25445#breadcrumb"},"inLanguage":"ru-RU","potentialAction":[{"@type":"ReadAction","target":["https:\/\/mybook.am\/?p=25445"]}]},{"@type":"ImageObject","inLanguage":"ru-RU","@id":"https:\/\/mybook.am\/?p=25445#primaryimage","url":"https:\/\/mybook.am\/wp-content\/uploads\/2026\/01\/79875498464654.jpg","contentUrl":"https:\/\/mybook.am\/wp-content\/uploads\/2026\/01\/79875498464654.jpg","width":892,"height":1512},{"@type":"BreadcrumbList","@id":"https:\/\/mybook.am\/?p=25445#breadcrumb","itemListElement":[{"@type":"ListItem","position":1,"name":"\u0413\u043b\u0430\u0432\u043d\u0430\u044f \u0441\u0442\u0440\u0430\u043d\u0438\u0446\u0430","item":"https:\/\/mybook.am\/"},{"@type":"ListItem","position":2,"name":"Pan\u00ed K.! Milion\u00e1\u0159 se u soudu zm\u00ednil o t\u011bhotenstv\u00ed sv\u00e9 \u017eeny \u2014 netu\u0161il, \u017ee soudce je jej\u00edm otcem"}]},{"@type":"WebSite","@id":"https:\/\/mybook.am\/#website","url":"https:\/\/mybook.am\/","name":"","description":"","potentialAction":[{"@type":"SearchAction","target":{"@type":"EntryPoint","urlTemplate":"https:\/\/mybook.am\/?s={search_term_string}"},"query-input":{"@type":"PropertyValueSpecification","valueRequired":true,"valueName":"search_term_string"}}],"inLanguage":"ru-RU"},{"@type":"Person","@id":"https:\/\/mybook.am\/#\/schema\/person\/e730847942cff3a199774e803916e97e","name":"admin","image":{"@type":"ImageObject","inLanguage":"ru-RU","@id":"https:\/\/secure.gravatar.com\/avatar\/df64e550a0653b7be0f1bcf897f33faad9c2c8153472b2d9319beafb51370f6f?s=96&d=mm&r=g","url":"https:\/\/secure.gravatar.com\/avatar\/df64e550a0653b7be0f1bcf897f33faad9c2c8153472b2d9319beafb51370f6f?s=96&d=mm&r=g","contentUrl":"https:\/\/secure.gravatar.com\/avatar\/df64e550a0653b7be0f1bcf897f33faad9c2c8153472b2d9319beafb51370f6f?s=96&d=mm&r=g","caption":"admin"},"sameAs":["http:\/\/mybook.am"],"url":"https:\/\/mybook.am\/?author=1"}]}},"views":87,"_links":{"self":[{"href":"https:\/\/mybook.am\/index.php?rest_route=\/wp\/v2\/posts\/25445","targetHints":{"allow":["GET"]}}],"collection":[{"href":"https:\/\/mybook.am\/index.php?rest_route=\/wp\/v2\/posts"}],"about":[{"href":"https:\/\/mybook.am\/index.php?rest_route=\/wp\/v2\/types\/post"}],"author":[{"embeddable":true,"href":"https:\/\/mybook.am\/index.php?rest_route=\/wp\/v2\/users\/1"}],"replies":[{"embeddable":true,"href":"https:\/\/mybook.am\/index.php?rest_route=%2Fwp%2Fv2%2Fcomments&post=25445"}],"version-history":[{"count":1,"href":"https:\/\/mybook.am\/index.php?rest_route=\/wp\/v2\/posts\/25445\/revisions"}],"predecessor-version":[{"id":25447,"href":"https:\/\/mybook.am\/index.php?rest_route=\/wp\/v2\/posts\/25445\/revisions\/25447"}],"wp:featuredmedia":[{"embeddable":true,"href":"https:\/\/mybook.am\/index.php?rest_route=\/wp\/v2\/media\/25446"}],"wp:attachment":[{"href":"https:\/\/mybook.am\/index.php?rest_route=%2Fwp%2Fv2%2Fmedia&parent=25445"}],"wp:term":[{"taxonomy":"category","embeddable":true,"href":"https:\/\/mybook.am\/index.php?rest_route=%2Fwp%2Fv2%2Fcategories&post=25445"},{"taxonomy":"post_tag","embeddable":true,"href":"https:\/\/mybook.am\/index.php?rest_route=%2Fwp%2Fv2%2Ftags&post=25445"}],"curies":[{"name":"wp","href":"https:\/\/api.w.org\/{rel}","templated":true}]}}