{"id":25453,"date":"2026-01-28T22:40:44","date_gmt":"2026-01-28T19:40:44","guid":{"rendered":"https:\/\/mybook.am\/?p=25453"},"modified":"2026-01-28T22:40:45","modified_gmt":"2026-01-28T19:40:45","slug":"v-soudni-sini-se-neco-nepatrne-zmenilo-nebyl-to-zvuk-spis-tlak-ve-vzduchu","status":"publish","type":"post","link":"https:\/\/mybook.am\/?p=25453","title":{"rendered":"\u2026V soudn\u00ed s\u00edni se n\u011bco nepatrn\u011b zm\u011bnilo. Nebyl to zvuk. Sp\u00ed\u0161 tlak ve vzduchu."},"content":{"rendered":"\n<p>Jako by n\u011bkdo pomalu zav\u0159el okno a v\u0161ichni najednou poc\u00edtili, \u017ee se h\u016f\u0159 d\u00fdch\u00e1.Advok\u00e1t m\u00fdch rodi\u010d\u016f si nerv\u00f3zn\u011b odka\u0161lal. Matka se prudce narovnala. Otec se zamra\u010dil \u2013 nech\u00e1pal, pro\u010d se na m\u011b soudce d\u00edv\u00e1 jinak. Ne jako na ob\u017ealovanou. Ale jako na n\u011bkoho sob\u011b rovn\u00e9ho.Jen si to ujasn\u00edm, \u2014 \u0159ekl soudce klidn\u011b a listoval spisem. \u2014 Osm let ve vojensk\u00e9 prokuratu\u0159e. Pot\u00e9 soukrom\u00e1 praxe. Specializace: d\u011bdick\u00e9 spory, zneu\u017eit\u00ed d\u016fv\u011bry, napad\u00e1n\u00ed z\u00e1v\u011bt\u00ed. Je to tak?<\/p>\n\n\n\n<figure class=\"wp-block-image size-large\"><img loading=\"lazy\" decoding=\"async\" width=\"576\" height=\"1024\" src=\"https:\/\/mybook.am\/wp-content\/uploads\/2026\/01\/798465498978465-576x1024.jpg\" alt=\"\" class=\"wp-image-25455\" srcset=\"https:\/\/mybook.am\/wp-content\/uploads\/2026\/01\/798465498978465-576x1024.jpg 576w, https:\/\/mybook.am\/wp-content\/uploads\/2026\/01\/798465498978465-169x300.jpg 169w, https:\/\/mybook.am\/wp-content\/uploads\/2026\/01\/798465498978465-768x1365.jpg 768w, https:\/\/mybook.am\/wp-content\/uploads\/2026\/01\/798465498978465-864x1536.jpg 864w, https:\/\/mybook.am\/wp-content\/uploads\/2026\/01\/798465498978465.jpg 1152w\" sizes=\"auto, (max-width: 576px) 100vw, 576px\" \/><\/figure>\n\n\n\n<p>Postavila jsem se.<br>Bez dramatu. Bez emoc\u00ed. Pevn\u011b.<\/p>\n\n\n\n<p>\u2014 Ano, ctihodnosti.<\/p>\n\n\n\n<p>Moje matka zalapala po dechu, jako by dostala r\u00e1nu. Otec se na m\u011b kone\u010dn\u011b pod\u00edval p\u0159\u00edmo \u2014 a poprv\u00e9 v jeho o\u010d\u00edch nebylo pohrd\u00e1n\u00ed. Byl tam strach. \u010cist\u00fd, syrov\u00fd.<\/p>\n\n\n\n<p>\u2014 Pro\u010d tato informace nen\u00ed uvedena v \u017ealob\u011b? \u2014 obr\u00e1til se soudce k jejich advok\u00e1tovi.<\/p>\n\n\n\n<p>Ten zav\u00e1hal. Jen na okam\u017eik. Ale v soudn\u00ed s\u00edni i vte\u0159ina k\u0159i\u010d\u00ed.<\/p>\n\n\n\n<p>\u2014 Nebyli jsme o tom informov\u00e1ni\u2026 \u2014 zamumlal.<\/p>\n\n\n\n<p>Soudce p\u0159ik\u00fdvl.<br>\u2014 Ch\u00e1pu.<\/p>\n\n\n\n<p>Mohla jsem se br\u00e1nit. Vysv\u011btlovat. Dokazovat, \u017ee babi\u010dka byla pln\u011b p\u0159i smyslech. \u017de m\u011b sama \u017e\u00e1dala, abych z\u00e1v\u011b\u0165 n\u011bkolikr\u00e1t zkontrolovala. \u017de jsem ji dokonce p\u0159emlouvala, aby do n\u00ed zahrnula i dal\u0161\u00ed \u010dleny rodiny \u2014 a ona odm\u00edtla.<\/p>\n\n\n\n<p>Ale neud\u011blala jsem to.<\/p>\n\n\n\n<p>\u2014 Ctihodnosti, \u2014 \u0159ekla jsem, \u2014 mohu polo\u017eit \u017ealobc\u016fm n\u011bkolik ot\u00e1zek?<\/p>\n\n\n\n<p>Rodi\u010de se na sebe pod\u00edvali. Ne\u010dekali, \u017ee promluv\u00edm. Cel\u00fd \u017eivot jsem ml\u010dela. A oni si na to zvykli.<\/p>\n\n\n\n<p>\u2014 M\u016f\u017eete, \u2014 odpov\u011bd\u011bl soudce.<\/p>\n\n\n\n<p>Oto\u010dila jsem se k matce.<br>\u2014 Vzpomenete si, kolikr\u00e1t jste za posledn\u00edch deset let nav\u0161t\u00edvila svou matku?<\/p>\n\n\n\n<p>Otev\u0159ela \u00fasta. Zav\u0159ela je. Znovu otev\u0159ela.<br>\u2014 My\u2026 m\u011bli jsme hodn\u011b pr\u00e1ce.<\/p>\n\n\n\n<p>\u2014 Rozum\u00edm, \u2014 k\u00fdvla jsem a obr\u00e1tila se k otci. \u2014 A vy si vzpom\u00edn\u00e1te, kdo ji vozil k l\u00e9ka\u0159\u016fm? Kdo platil pe\u010dovatelku? Kdo u n\u00ed spal, kdy\u017e upadla a zlomila si ruku?<\/p>\n\n\n\n<p>Ml\u010del.<\/p>\n\n\n\n<p>\u2014 Dovolte, p\u0159ipomenu to, \u2014 pokra\u010dovala jsem klidn\u011b. \u2014 Byla jsem to j\u00e1. Ta \u201eprobl\u00e9mov\u00e1 dcera\u201c. Ta, jej\u00ed\u017e narozeniny jste p\u0159estali slavit, kdy\u017e mi bylo \u0161estn\u00e1ct. Ta, jej\u00ed\u017e pr\u00e1vnickou kari\u00e9ru jste naz\u00fdvali v\u00fdst\u0159elkem.<\/p>\n\n\n\n<p>Otev\u0159ela jsem slo\u017eku. Tu, kterou jsem si r\u00e1no pe\u010dliv\u011b p\u0159ipravila.<\/p>\n\n\n\n<p>\u2014 Zde jsou l\u00e9ka\u0159sk\u00e9 posudky t\u0159\u00ed nez\u00e1visl\u00fdch specialist\u016f. Zde je videoz\u00e1znam po\u0159\u00edzen\u00fd z iniciativy samotn\u00e9 babi\u010dky, kde jasn\u011b vysv\u011btluje sv\u00e9 rozhodnut\u00ed. A tady \u2014 komunikace, ve kter\u00e9 se \u017ealobci o z\u00e1v\u011bti dozv\u00eddaj\u00ed a p\u00ed\u0161\u00ed doslova: \u201eKdy\u017e n\u00e1m ty pen\u00edze ned\u00e1 dobrovoln\u011b, za\u017ealujeme ji.\u201c<\/p>\n\n\n\n<p>V soudn\u00ed s\u00edni to za\u0161um\u011blo.<\/p>\n\n\n\n<p>Soudce \u010detl dokumenty velmi pozorn\u011b. A velmi dlouho.<\/p>\n\n\n\n<p>\u2014 Tvrdili jste, \u017ee \u017ealovan\u00e1 manipulovala star\u0161\u00ed osobou, \u2014 \u0159ekl nakonec. \u2014 Z p\u0159edlo\u017een\u00fdch d\u016fkaz\u016f v\u0161ak vypl\u00fdv\u00e1 prav\u00fd opak.<\/p>\n\n\n\n<p>Zvedl o\u010di.<br>\u2014 Sp\u00ed\u0161e to vypad\u00e1, \u017ee jste o svou matku projevili z\u00e1jem a\u017e pot\u00e9, co zem\u0159ela.<\/p>\n\n\n\n<p>Moje matka se rozplakala. Hlasit\u011b. Ok\u00e1zale. Jako v\u017edy.<br>Jen\u017ee tentokr\u00e1t to nezabralo.<\/p>\n\n\n\n<p>\u2014 Soud pova\u017euje \u017ealobu za ned\u016fvodnou, \u2014 pronesl soudce. \u2014 Nav\u00edc p\u0159ed\u00e1v\u00e1m spis k prov\u011b\u0159en\u00ed pro mo\u017en\u00e9 zneu\u017eit\u00ed pr\u00e1va a n\u00e1tlak na d\u011bdice.<\/p>\n\n\n\n<p>\u00dader klad\u00edvka.<br>Jedn\u00e1n\u00ed skon\u010dilo.<\/p>\n\n\n\n<p>Kdy\u017e se lid\u00e9 zvedali, otec se m\u011b pokusil oslovit. N\u011bco vysv\u011btlit. Omluvit se. Pro\u0161la jsem kolem n\u011bj.<\/p>\n\n\n\n<p>U dve\u0159\u00ed jsem se zastavila. Ne ze soucitu. Ale proto, aby zazn\u011bla posledn\u00ed v\u011bta.<\/p>\n\n\n\n<p>\u2014 V\u00edte, \u2014 \u0159ekla jsem ti\u0161e, \u2014 babi\u010dka mi ty pen\u00edze neodk\u00e1zala proto, \u017ee by v\u00e1s nem\u011bla r\u00e1da. Ale proto, \u017ee v\u011bd\u011bla, \u017ee si pro n\u011b p\u0159ijdete. A cht\u011bla, abych byla p\u0159ipraven\u00e1.<\/p>\n\n\n\n<p>Vy\u0161la jsem ven.<br>Slunce m\u011b bodlo do o\u010d\u00ed.<br>A poprv\u00e9 v \u017eivot\u011b jsem nec\u00edtila v\u00edt\u011bzstv\u00ed.<br>C\u00edtila jsem svobodu.<\/p>\n\n\n\n<p>N\u011bkdy d\u011bdictv\u00ed nejsou pen\u00edze.<br>N\u011bkdy je to pr\u00e1vo u\u017e nikdy neb\u00fdt tou, kter\u00e1 m\u00e1 ml\u010det.<\/p>\n","protected":false},"excerpt":{"rendered":"Jako by n\u011bkdo pomalu zav\u0159el okno a v\u0161ichni najednou poc\u00edtili, \u017ee se h\u016f\u0159 d\u00fdch\u00e1.Advok\u00e1t m\u00fdch rodi\u010d\u016f si nerv\u00f3zn\u011b odka\u0161lal. Matka se prudce narovnala. \n<a class=\"moretag\" href=\"https:\/\/mybook.am\/?p=25453\"> [...]<\/a>","protected":false},"author":1,"featured_media":25455,"comment_status":"open","ping_status":"open","sticky":false,"template":"","format":"standard","meta":{"footnotes":""},"categories":[1],"tags":[],"class_list":["post-25453","post","type-post","status-publish","format-standard","has-post-thumbnail","hentry","category-ceska"],"yoast_head":"<!-- This site is optimized with the Yoast SEO plugin v27.5 - https:\/\/yoast.com\/product\/yoast-seo-wordpress\/ -->\n<title>\u2026V soudn\u00ed s\u00edni se n\u011bco nepatrn\u011b zm\u011bnilo. Nebyl to zvuk. Sp\u00ed\u0161 tlak ve vzduchu. -<\/title>\n<meta name=\"robots\" content=\"index, follow, max-snippet:-1, max-image-preview:large, max-video-preview:-1\" \/>\n<link rel=\"canonical\" href=\"https:\/\/mybook.am\/?p=25453\" \/>\n<meta property=\"og:locale\" content=\"ru_RU\" \/>\n<meta property=\"og:type\" content=\"article\" \/>\n<meta property=\"og:title\" content=\"\u2026V soudn\u00ed s\u00edni se n\u011bco nepatrn\u011b zm\u011bnilo. Nebyl to zvuk. Sp\u00ed\u0161 tlak ve vzduchu. -\" \/>\n<meta property=\"og:description\" content=\"Jako by n\u011bkdo pomalu zav\u0159el okno a v\u0161ichni najednou poc\u00edtili, \u017ee se h\u016f\u0159 d\u00fdch\u00e1.Advok\u00e1t m\u00fdch rodi\u010d\u016f si nerv\u00f3zn\u011b odka\u0161lal. Matka se prudce narovnala.\" \/>\n<meta property=\"og:url\" content=\"https:\/\/mybook.am\/?p=25453\" \/>\n<meta property=\"article:published_time\" content=\"2026-01-28T19:40:44+00:00\" \/>\n<meta property=\"article:modified_time\" content=\"2026-01-28T19:40:45+00:00\" \/>\n<meta property=\"og:image\" content=\"https:\/\/mybook.am\/wp-content\/uploads\/2026\/01\/798465498978465.jpg\" \/>\n\t<meta property=\"og:image:width\" content=\"1152\" \/>\n\t<meta property=\"og:image:height\" content=\"2048\" \/>\n\t<meta property=\"og:image:type\" content=\"image\/jpeg\" \/>\n<meta name=\"author\" content=\"admin\" \/>\n<meta name=\"twitter:card\" content=\"summary_large_image\" \/>\n<meta name=\"twitter:label1\" content=\"\u041d\u0430\u043f\u0438\u0441\u0430\u043d\u043e \u0430\u0432\u0442\u043e\u0440\u043e\u043c\" \/>\n\t<meta name=\"twitter:data1\" content=\"admin\" \/>\n\t<meta name=\"twitter:label2\" content=\"\u041f\u0440\u0438\u043c\u0435\u0440\u043d\u043e\u0435 \u0432\u0440\u0435\u043c\u044f \u0434\u043b\u044f \u0447\u0442\u0435\u043d\u0438\u044f\" \/>\n\t<meta name=\"twitter:data2\" content=\"4 \u043c\u0438\u043d\u0443\u0442\u044b\" \/>\n<script type=\"application\/ld+json\" class=\"yoast-schema-graph\">{\"@context\":\"https:\\\/\\\/schema.org\",\"@graph\":[{\"@type\":\"Article\",\"@id\":\"https:\\\/\\\/mybook.am\\\/?p=25453#article\",\"isPartOf\":{\"@id\":\"https:\\\/\\\/mybook.am\\\/?p=25453\"},\"author\":{\"name\":\"admin\",\"@id\":\"https:\\\/\\\/mybook.am\\\/#\\\/schema\\\/person\\\/e730847942cff3a199774e803916e97e\"},\"headline\":\"\u2026V soudn\u00ed s\u00edni se n\u011bco nepatrn\u011b zm\u011bnilo. Nebyl to zvuk. Sp\u00ed\u0161 tlak ve vzduchu.\",\"datePublished\":\"2026-01-28T19:40:44+00:00\",\"dateModified\":\"2026-01-28T19:40:45+00:00\",\"mainEntityOfPage\":{\"@id\":\"https:\\\/\\\/mybook.am\\\/?p=25453\"},\"wordCount\":718,\"commentCount\":0,\"image\":{\"@id\":\"https:\\\/\\\/mybook.am\\\/?p=25453#primaryimage\"},\"thumbnailUrl\":\"https:\\\/\\\/mybook.am\\\/wp-content\\\/uploads\\\/2026\\\/01\\\/798465498978465.jpg\",\"articleSection\":[\"\u010cesk\u00e1\"],\"inLanguage\":\"ru-RU\",\"potentialAction\":[{\"@type\":\"CommentAction\",\"name\":\"Comment\",\"target\":[\"https:\\\/\\\/mybook.am\\\/?p=25453#respond\"]}]},{\"@type\":\"WebPage\",\"@id\":\"https:\\\/\\\/mybook.am\\\/?p=25453\",\"url\":\"https:\\\/\\\/mybook.am\\\/?p=25453\",\"name\":\"\u2026V soudn\u00ed s\u00edni se n\u011bco nepatrn\u011b zm\u011bnilo. Nebyl to zvuk. Sp\u00ed\u0161 tlak ve vzduchu. -\",\"isPartOf\":{\"@id\":\"https:\\\/\\\/mybook.am\\\/#website\"},\"primaryImageOfPage\":{\"@id\":\"https:\\\/\\\/mybook.am\\\/?p=25453#primaryimage\"},\"image\":{\"@id\":\"https:\\\/\\\/mybook.am\\\/?p=25453#primaryimage\"},\"thumbnailUrl\":\"https:\\\/\\\/mybook.am\\\/wp-content\\\/uploads\\\/2026\\\/01\\\/798465498978465.jpg\",\"datePublished\":\"2026-01-28T19:40:44+00:00\",\"dateModified\":\"2026-01-28T19:40:45+00:00\",\"author\":{\"@id\":\"https:\\\/\\\/mybook.am\\\/#\\\/schema\\\/person\\\/e730847942cff3a199774e803916e97e\"},\"breadcrumb\":{\"@id\":\"https:\\\/\\\/mybook.am\\\/?p=25453#breadcrumb\"},\"inLanguage\":\"ru-RU\",\"potentialAction\":[{\"@type\":\"ReadAction\",\"target\":[\"https:\\\/\\\/mybook.am\\\/?p=25453\"]}]},{\"@type\":\"ImageObject\",\"inLanguage\":\"ru-RU\",\"@id\":\"https:\\\/\\\/mybook.am\\\/?p=25453#primaryimage\",\"url\":\"https:\\\/\\\/mybook.am\\\/wp-content\\\/uploads\\\/2026\\\/01\\\/798465498978465.jpg\",\"contentUrl\":\"https:\\\/\\\/mybook.am\\\/wp-content\\\/uploads\\\/2026\\\/01\\\/798465498978465.jpg\",\"width\":1152,\"height\":2048},{\"@type\":\"BreadcrumbList\",\"@id\":\"https:\\\/\\\/mybook.am\\\/?p=25453#breadcrumb\",\"itemListElement\":[{\"@type\":\"ListItem\",\"position\":1,\"name\":\"\u0413\u043b\u0430\u0432\u043d\u0430\u044f \u0441\u0442\u0440\u0430\u043d\u0438\u0446\u0430\",\"item\":\"https:\\\/\\\/mybook.am\\\/\"},{\"@type\":\"ListItem\",\"position\":2,\"name\":\"\u2026V soudn\u00ed s\u00edni se n\u011bco nepatrn\u011b zm\u011bnilo. Nebyl to zvuk. Sp\u00ed\u0161 tlak ve vzduchu.\"}]},{\"@type\":\"WebSite\",\"@id\":\"https:\\\/\\\/mybook.am\\\/#website\",\"url\":\"https:\\\/\\\/mybook.am\\\/\",\"name\":\"\",\"description\":\"\",\"potentialAction\":[{\"@type\":\"SearchAction\",\"target\":{\"@type\":\"EntryPoint\",\"urlTemplate\":\"https:\\\/\\\/mybook.am\\\/?s={search_term_string}\"},\"query-input\":{\"@type\":\"PropertyValueSpecification\",\"valueRequired\":true,\"valueName\":\"search_term_string\"}}],\"inLanguage\":\"ru-RU\"},{\"@type\":\"Person\",\"@id\":\"https:\\\/\\\/mybook.am\\\/#\\\/schema\\\/person\\\/e730847942cff3a199774e803916e97e\",\"name\":\"admin\",\"image\":{\"@type\":\"ImageObject\",\"inLanguage\":\"ru-RU\",\"@id\":\"https:\\\/\\\/secure.gravatar.com\\\/avatar\\\/df64e550a0653b7be0f1bcf897f33faad9c2c8153472b2d9319beafb51370f6f?s=96&d=mm&r=g\",\"url\":\"https:\\\/\\\/secure.gravatar.com\\\/avatar\\\/df64e550a0653b7be0f1bcf897f33faad9c2c8153472b2d9319beafb51370f6f?s=96&d=mm&r=g\",\"contentUrl\":\"https:\\\/\\\/secure.gravatar.com\\\/avatar\\\/df64e550a0653b7be0f1bcf897f33faad9c2c8153472b2d9319beafb51370f6f?s=96&d=mm&r=g\",\"caption\":\"admin\"},\"sameAs\":[\"http:\\\/\\\/mybook.am\"],\"url\":\"https:\\\/\\\/mybook.am\\\/?author=1\"}]}<\/script>\n<!-- \/ Yoast SEO plugin. -->","yoast_head_json":{"title":"\u2026V soudn\u00ed s\u00edni se n\u011bco nepatrn\u011b zm\u011bnilo. Nebyl to zvuk. Sp\u00ed\u0161 tlak ve vzduchu. -","robots":{"index":"index","follow":"follow","max-snippet":"max-snippet:-1","max-image-preview":"max-image-preview:large","max-video-preview":"max-video-preview:-1"},"canonical":"https:\/\/mybook.am\/?p=25453","og_locale":"ru_RU","og_type":"article","og_title":"\u2026V soudn\u00ed s\u00edni se n\u011bco nepatrn\u011b zm\u011bnilo. Nebyl to zvuk. Sp\u00ed\u0161 tlak ve vzduchu. -","og_description":"Jako by n\u011bkdo pomalu zav\u0159el okno a v\u0161ichni najednou poc\u00edtili, \u017ee se h\u016f\u0159 d\u00fdch\u00e1.Advok\u00e1t m\u00fdch rodi\u010d\u016f si nerv\u00f3zn\u011b odka\u0161lal. Matka se prudce narovnala.","og_url":"https:\/\/mybook.am\/?p=25453","article_published_time":"2026-01-28T19:40:44+00:00","article_modified_time":"2026-01-28T19:40:45+00:00","og_image":[{"width":1152,"height":2048,"url":"https:\/\/mybook.am\/wp-content\/uploads\/2026\/01\/798465498978465.jpg","type":"image\/jpeg"}],"author":"admin","twitter_card":"summary_large_image","twitter_misc":{"\u041d\u0430\u043f\u0438\u0441\u0430\u043d\u043e \u0430\u0432\u0442\u043e\u0440\u043e\u043c":"admin","\u041f\u0440\u0438\u043c\u0435\u0440\u043d\u043e\u0435 \u0432\u0440\u0435\u043c\u044f \u0434\u043b\u044f \u0447\u0442\u0435\u043d\u0438\u044f":"4 \u043c\u0438\u043d\u0443\u0442\u044b"},"schema":{"@context":"https:\/\/schema.org","@graph":[{"@type":"Article","@id":"https:\/\/mybook.am\/?p=25453#article","isPartOf":{"@id":"https:\/\/mybook.am\/?p=25453"},"author":{"name":"admin","@id":"https:\/\/mybook.am\/#\/schema\/person\/e730847942cff3a199774e803916e97e"},"headline":"\u2026V soudn\u00ed s\u00edni se n\u011bco nepatrn\u011b zm\u011bnilo. Nebyl to zvuk. Sp\u00ed\u0161 tlak ve vzduchu.","datePublished":"2026-01-28T19:40:44+00:00","dateModified":"2026-01-28T19:40:45+00:00","mainEntityOfPage":{"@id":"https:\/\/mybook.am\/?p=25453"},"wordCount":718,"commentCount":0,"image":{"@id":"https:\/\/mybook.am\/?p=25453#primaryimage"},"thumbnailUrl":"https:\/\/mybook.am\/wp-content\/uploads\/2026\/01\/798465498978465.jpg","articleSection":["\u010cesk\u00e1"],"inLanguage":"ru-RU","potentialAction":[{"@type":"CommentAction","name":"Comment","target":["https:\/\/mybook.am\/?p=25453#respond"]}]},{"@type":"WebPage","@id":"https:\/\/mybook.am\/?p=25453","url":"https:\/\/mybook.am\/?p=25453","name":"\u2026V soudn\u00ed s\u00edni se n\u011bco nepatrn\u011b zm\u011bnilo. Nebyl to zvuk. Sp\u00ed\u0161 tlak ve vzduchu. -","isPartOf":{"@id":"https:\/\/mybook.am\/#website"},"primaryImageOfPage":{"@id":"https:\/\/mybook.am\/?p=25453#primaryimage"},"image":{"@id":"https:\/\/mybook.am\/?p=25453#primaryimage"},"thumbnailUrl":"https:\/\/mybook.am\/wp-content\/uploads\/2026\/01\/798465498978465.jpg","datePublished":"2026-01-28T19:40:44+00:00","dateModified":"2026-01-28T19:40:45+00:00","author":{"@id":"https:\/\/mybook.am\/#\/schema\/person\/e730847942cff3a199774e803916e97e"},"breadcrumb":{"@id":"https:\/\/mybook.am\/?p=25453#breadcrumb"},"inLanguage":"ru-RU","potentialAction":[{"@type":"ReadAction","target":["https:\/\/mybook.am\/?p=25453"]}]},{"@type":"ImageObject","inLanguage":"ru-RU","@id":"https:\/\/mybook.am\/?p=25453#primaryimage","url":"https:\/\/mybook.am\/wp-content\/uploads\/2026\/01\/798465498978465.jpg","contentUrl":"https:\/\/mybook.am\/wp-content\/uploads\/2026\/01\/798465498978465.jpg","width":1152,"height":2048},{"@type":"BreadcrumbList","@id":"https:\/\/mybook.am\/?p=25453#breadcrumb","itemListElement":[{"@type":"ListItem","position":1,"name":"\u0413\u043b\u0430\u0432\u043d\u0430\u044f \u0441\u0442\u0440\u0430\u043d\u0438\u0446\u0430","item":"https:\/\/mybook.am\/"},{"@type":"ListItem","position":2,"name":"\u2026V soudn\u00ed s\u00edni se n\u011bco nepatrn\u011b zm\u011bnilo. Nebyl to zvuk. Sp\u00ed\u0161 tlak ve vzduchu."}]},{"@type":"WebSite","@id":"https:\/\/mybook.am\/#website","url":"https:\/\/mybook.am\/","name":"","description":"","potentialAction":[{"@type":"SearchAction","target":{"@type":"EntryPoint","urlTemplate":"https:\/\/mybook.am\/?s={search_term_string}"},"query-input":{"@type":"PropertyValueSpecification","valueRequired":true,"valueName":"search_term_string"}}],"inLanguage":"ru-RU"},{"@type":"Person","@id":"https:\/\/mybook.am\/#\/schema\/person\/e730847942cff3a199774e803916e97e","name":"admin","image":{"@type":"ImageObject","inLanguage":"ru-RU","@id":"https:\/\/secure.gravatar.com\/avatar\/df64e550a0653b7be0f1bcf897f33faad9c2c8153472b2d9319beafb51370f6f?s=96&d=mm&r=g","url":"https:\/\/secure.gravatar.com\/avatar\/df64e550a0653b7be0f1bcf897f33faad9c2c8153472b2d9319beafb51370f6f?s=96&d=mm&r=g","contentUrl":"https:\/\/secure.gravatar.com\/avatar\/df64e550a0653b7be0f1bcf897f33faad9c2c8153472b2d9319beafb51370f6f?s=96&d=mm&r=g","caption":"admin"},"sameAs":["http:\/\/mybook.am"],"url":"https:\/\/mybook.am\/?author=1"}]}},"views":235,"_links":{"self":[{"href":"https:\/\/mybook.am\/index.php?rest_route=\/wp\/v2\/posts\/25453","targetHints":{"allow":["GET"]}}],"collection":[{"href":"https:\/\/mybook.am\/index.php?rest_route=\/wp\/v2\/posts"}],"about":[{"href":"https:\/\/mybook.am\/index.php?rest_route=\/wp\/v2\/types\/post"}],"author":[{"embeddable":true,"href":"https:\/\/mybook.am\/index.php?rest_route=\/wp\/v2\/users\/1"}],"replies":[{"embeddable":true,"href":"https:\/\/mybook.am\/index.php?rest_route=%2Fwp%2Fv2%2Fcomments&post=25453"}],"version-history":[{"count":1,"href":"https:\/\/mybook.am\/index.php?rest_route=\/wp\/v2\/posts\/25453\/revisions"}],"predecessor-version":[{"id":25456,"href":"https:\/\/mybook.am\/index.php?rest_route=\/wp\/v2\/posts\/25453\/revisions\/25456"}],"wp:featuredmedia":[{"embeddable":true,"href":"https:\/\/mybook.am\/index.php?rest_route=\/wp\/v2\/media\/25455"}],"wp:attachment":[{"href":"https:\/\/mybook.am\/index.php?rest_route=%2Fwp%2Fv2%2Fmedia&parent=25453"}],"wp:term":[{"taxonomy":"category","embeddable":true,"href":"https:\/\/mybook.am\/index.php?rest_route=%2Fwp%2Fv2%2Fcategories&post=25453"},{"taxonomy":"post_tag","embeddable":true,"href":"https:\/\/mybook.am\/index.php?rest_route=%2Fwp%2Fv2%2Ftags&post=25453"}],"curies":[{"name":"wp","href":"https:\/\/api.w.org\/{rel}","templated":true}]}}