{"id":25477,"date":"2026-01-29T11:54:39","date_gmt":"2026-01-29T08:54:39","guid":{"rendered":"https:\/\/mybook.am\/?p=25477"},"modified":"2026-01-29T11:54:39","modified_gmt":"2026-01-29T08:54:39","slug":"chlad-ktery-mi-projel-telem-nemel-nic-spolecneho-s-rannim-destem","status":"publish","type":"post","link":"https:\/\/mybook.am\/?p=25477","title":{"rendered":"Chlad, kter\u00fd mi projel t\u011blem, nem\u011bl nic spole\u010dn\u00e9ho s rann\u00edm de\u0161t\u011bm."},"content":{"rendered":"\n<p>Zapnul jsem televizi sp\u00ed\u0161 ze vzteku ne\u017e ze zv\u011bdavosti. P\u00e1t\u00fd kan\u00e1l. Obraz se na vte\u0159inu rozpadl\u2026 a pak jsem se uvid\u011bl j\u00e1.Ne jako hrdinu. Ne jako tv\u00e1\u0159. Nejd\u0159\u00edv jen rozmazan\u00fd z\u00e1znam z d\u00e1lni\u010dn\u00ed kamery: \u0161ed\u00fd Ford na krajnici, d\u00e9\u0161\u0165, dv\u011b postavy shrben\u00e9 u kola. Pak pauza. \u010cerven\u00fd r\u00e1me\u010dek. \u0160ipka. Titulek:<br>\u201eNezn\u00e1m\u00fd mu\u017e pomohl star\u0161\u00edmu p\u00e1ru \u2014 a zachr\u00e1nil jim \u017eivot.\u201c<\/p>\n\n\n\n<figure class=\"wp-block-image size-full is-resized\"><img loading=\"lazy\" decoding=\"async\" width=\"422\" height=\"614\" src=\"https:\/\/mybook.am\/wp-content\/uploads\/2026\/01\/774654987468946.jpg\" alt=\"\" class=\"wp-image-25478\" style=\"width:747px;height:auto\" srcset=\"https:\/\/mybook.am\/wp-content\/uploads\/2026\/01\/774654987468946.jpg 422w, https:\/\/mybook.am\/wp-content\/uploads\/2026\/01\/774654987468946-206x300.jpg 206w\" sizes=\"auto, (max-width: 422px) 100vw, 422px\" \/><\/figure>\n\n\n\n<p>Moder\u00e1torka mluvila klidn\u011b, skoro lhostejn\u011b. Jako by \u010detla zpr\u00e1vy o po\u010das\u00ed. Jen\u017ee mn\u011b se pod k\u016f\u017e\u00ed rozb\u00edhalo zem\u011bt\u0159esen\u00ed.<\/p>\n\n\n\n<p>Uk\u00e1zalo se, \u017ee ten star\u00fd Buick pat\u0159il b\u00fdval\u00e9mu hlavn\u00edmu konstrukt\u00e9rovi jednoho z utajen\u00fdch leteck\u00fdch projekt\u016f. Jm\u00e9no, kter\u00e9 jsme na vysok\u00e9 \u0161kole vyslovovali s respektem, skoro \u0161eptem. Po prasknut\u00ed pneumatiky dostal infarkt. Tlak. Vnit\u0159n\u00ed krv\u00e1cen\u00ed. L\u00e9ka\u0159i \u0159ekli jasn\u011b: kdyby z\u016fstal na de\u0161ti o dvacet minut d\u00e9le, nedojel by nikam. Ani do nemocnice.<\/p>\n\n\n\n<p>\u2014 Nezachr\u00e1nil je jen zved\u00e1k a kl\u00ed\u010d, \u2014 \u0159ekla moder\u00e1torka. \u2014 Ale rozhodnut\u00ed ciz\u00edho \u010dlov\u011bka zastavit.<\/p>\n\n\n\n<p>Ciz\u00edho. To slovo m\u011b bodlo v\u00edc ne\u017e cokoli jin\u00e9ho.<\/p>\n\n\n\n<p>Na obrazovce se objevila nemocni\u010dn\u00ed m\u00edstnost. Ten mu\u017e le\u017eel na l\u016f\u017eku, bled\u00fd, ale p\u0159i v\u011bdom\u00ed. Vedle n\u011bj jeho \u017eena \u2014 ta sam\u00e1, kter\u00e1 si myslela, \u017ee jsem mana\u017eer v obleku. Mluvil pomalu, pe\u010dliv\u011b.<\/p>\n\n\n\n<p>\u2014 Nechal jsem si zjistit, kdo to byl. In\u017een\u00fdr. Leteck\u00fd. Bez pr\u00e1ce. A to je\u2026 to je selh\u00e1n\u00ed syst\u00e9mu. Ne jeho.<\/p>\n\n\n\n<p>Zvuk jsem vypnul. V byt\u011b zavl\u00e1dlo ticho, kter\u00e9 bolelo. Bylo v n\u011bm v\u0161echno: zam\u00edtnut\u00e9 \u017eivotopisy, zdvo\u0159il\u00e9 e-maily bez odpov\u011bdi, noci str\u00e1ven\u00e9 v\u00fdpo\u010dty, kter\u00e9 nikoho nezaj\u00edmaly. A te\u010f ciz\u00ed hlas v televizi, kter\u00fd o mn\u011b mluvil, jako bych nebyl p\u0159ebyte\u010dn\u00fd.<\/p>\n\n\n\n<p>Telefon se rozvibroval. Pak znovu. A znovu. Nezn\u00e1m\u00e1 \u010d\u00edsla. Zpr\u00e1vy. E-maily s logy, kter\u00e1 jsem znal jen z u\u010debnic. Jedna zpr\u00e1va byla kr\u00e1tk\u00e1, skoro stroh\u00e1:<br>\u201eHled\u00e1me lidi, kte\u0159\u00ed nez\u016fst\u00e1vaj\u00ed sed\u011bt v aut\u011b. P\u0159ije\u010fte. O zbytku si promluv\u00edme.\u201c<\/p>\n\n\n\n<p>Sm\u00e1l jsem se. Nerv\u00f3zn\u011b. Hloup\u011b. Jako n\u011bkdo, komu pr\u00e1v\u011b \u0159ekli, \u017ee rozsudek byl zru\u0161en, ale je\u0161t\u011b si nen\u00ed jist\u00fd, jestli to nen\u00ed omyl.<\/p>\n\n\n\n<p>O dva dny pozd\u011bji jsem st\u00e1l v budov\u011b ze skla a oceli. Vzduch von\u011bl k\u00e1vou a budoucnost\u00ed. Ten mu\u017e tam na m\u011b \u010dekal. U\u017e bez hadi\u010dek, bez t\u0159esu v rukou. Jen s pohledem \u010dlov\u011bka, kter\u00fd cel\u00fd \u017eivot rozhodoval o v\u011bcech, je\u017e se bu\u010f zvednou do vzduchu \u2014 nebo spadnou.<\/p>\n\n\n\n<p>\u2014 Odm\u00edtl jste pen\u00edze, \u2014 \u0159ekl. \u2014 To o v\u00e1s \u0159\u00edk\u00e1 v\u00edc ne\u017e \u017eivotopis. Ale j\u00e1 v\u00e1s nechci odm\u011bnit. J\u00e1 s v\u00e1mi chci pracovat.<\/p>\n\n\n\n<p>Polo\u017eil p\u0159ede m\u011b slo\u017eku. Projekt. Ne star\u00fd, ne zapr\u00e1\u0161en\u00fd. \u017div\u00fd. Nebezpe\u010dn\u011b ambici\u00f3zn\u00ed. Ten typ, o kter\u00e9m se \u0159\u00edk\u00e1: \u201eto nejde\u201c. Listoval jsem a c\u00edtil, jak mi tuhne krk. Ty v\u00fdpo\u010dty. Ty my\u0161lenky. Byly tam. T\u00e9m\u011b\u0159 doslova. Jako by mi n\u011bkdo \u010detl hlavu.<\/p>\n\n\n\n<p>\u2014 Pro\u010d j\u00e1? \u2014 zeptal jsem se.<br>Usm\u00e1l se.<br>\u2014 Proto\u017ee vy jste zastavil. Ostatn\u00ed pokra\u010dovali d\u00e1l.<\/p>\n\n\n\n<p>Kdy\u017e jsem ve\u010der vy\u0161el ven, nebyl jsem jin\u00fd proto, \u017ee m\u011b uk\u00e1zali v televizi. Ani proto, \u017ee jsem dostal nab\u00eddku. Byl jsem jin\u00fd, proto\u017ee mi sv\u011bt poprv\u00e9 odpov\u011bd\u011bl. Ne hlasit\u011b. Ne hned. Ale pravdiv\u011b.<\/p>\n\n\n\n<p>N\u011bkdy osud nek\u0159i\u010d\u00ed. Jen nech\u00e1 na pr\u00e1zdn\u00e9 d\u00e1lnici prasknout pneumatiku \u2014 a d\u00edv\u00e1 se, kdo se\u0161l\u00e1pne brzdu.<\/p>\n","protected":false},"excerpt":{"rendered":"Zapnul jsem televizi sp\u00ed\u0161 ze vzteku ne\u017e ze zv\u011bdavosti. P\u00e1t\u00fd kan\u00e1l. Obraz se na vte\u0159inu rozpadl\u2026 a pak jsem se uvid\u011bl j\u00e1.Ne jako \n<a class=\"moretag\" href=\"https:\/\/mybook.am\/?p=25477\"> [...]<\/a>","protected":false},"author":1,"featured_media":25478,"comment_status":"open","ping_status":"open","sticky":false,"template":"","format":"standard","meta":{"footnotes":""},"categories":[1],"tags":[],"class_list":["post-25477","post","type-post","status-publish","format-standard","has-post-thumbnail","hentry","category-ceska"],"yoast_head":"<!-- This site is optimized with the Yoast SEO plugin v27.5 - https:\/\/yoast.com\/product\/yoast-seo-wordpress\/ -->\n<title>Chlad, kter\u00fd mi projel t\u011blem, nem\u011bl nic spole\u010dn\u00e9ho s rann\u00edm de\u0161t\u011bm. -<\/title>\n<meta name=\"robots\" content=\"index, follow, max-snippet:-1, max-image-preview:large, max-video-preview:-1\" \/>\n<link rel=\"canonical\" href=\"https:\/\/mybook.am\/?p=25477\" \/>\n<meta property=\"og:locale\" content=\"ru_RU\" \/>\n<meta property=\"og:type\" content=\"article\" \/>\n<meta property=\"og:title\" content=\"Chlad, kter\u00fd mi projel t\u011blem, nem\u011bl nic spole\u010dn\u00e9ho s rann\u00edm de\u0161t\u011bm. -\" \/>\n<meta property=\"og:description\" content=\"Zapnul jsem televizi sp\u00ed\u0161 ze vzteku ne\u017e ze zv\u011bdavosti. P\u00e1t\u00fd kan\u00e1l. Obraz se na vte\u0159inu rozpadl\u2026 a pak jsem se uvid\u011bl j\u00e1.Ne jako\" \/>\n<meta property=\"og:url\" content=\"https:\/\/mybook.am\/?p=25477\" \/>\n<meta property=\"article:published_time\" content=\"2026-01-29T08:54:39+00:00\" \/>\n<meta property=\"og:image\" content=\"https:\/\/mybook.am\/wp-content\/uploads\/2026\/01\/774654987468946.jpg\" \/>\n\t<meta property=\"og:image:width\" content=\"422\" \/>\n\t<meta property=\"og:image:height\" content=\"614\" \/>\n\t<meta property=\"og:image:type\" content=\"image\/jpeg\" \/>\n<meta name=\"author\" content=\"admin\" \/>\n<meta name=\"twitter:card\" content=\"summary_large_image\" \/>\n<meta name=\"twitter:label1\" content=\"\u041d\u0430\u043f\u0438\u0441\u0430\u043d\u043e \u0430\u0432\u0442\u043e\u0440\u043e\u043c\" \/>\n\t<meta name=\"twitter:data1\" content=\"admin\" \/>\n\t<meta name=\"twitter:label2\" content=\"\u041f\u0440\u0438\u043c\u0435\u0440\u043d\u043e\u0435 \u0432\u0440\u0435\u043c\u044f \u0434\u043b\u044f \u0447\u0442\u0435\u043d\u0438\u044f\" \/>\n\t<meta name=\"twitter:data2\" content=\"3 \u043c\u0438\u043d\u0443\u0442\u044b\" \/>\n<script type=\"application\/ld+json\" class=\"yoast-schema-graph\">{\"@context\":\"https:\\\/\\\/schema.org\",\"@graph\":[{\"@type\":\"Article\",\"@id\":\"https:\\\/\\\/mybook.am\\\/?p=25477#article\",\"isPartOf\":{\"@id\":\"https:\\\/\\\/mybook.am\\\/?p=25477\"},\"author\":{\"name\":\"admin\",\"@id\":\"https:\\\/\\\/mybook.am\\\/#\\\/schema\\\/person\\\/e730847942cff3a199774e803916e97e\"},\"headline\":\"Chlad, kter\u00fd mi projel t\u011blem, nem\u011bl nic spole\u010dn\u00e9ho s rann\u00edm de\u0161t\u011bm.\",\"datePublished\":\"2026-01-29T08:54:39+00:00\",\"mainEntityOfPage\":{\"@id\":\"https:\\\/\\\/mybook.am\\\/?p=25477\"},\"wordCount\":632,\"commentCount\":0,\"image\":{\"@id\":\"https:\\\/\\\/mybook.am\\\/?p=25477#primaryimage\"},\"thumbnailUrl\":\"https:\\\/\\\/mybook.am\\\/wp-content\\\/uploads\\\/2026\\\/01\\\/774654987468946.jpg\",\"articleSection\":[\"\u010cesk\u00e1\"],\"inLanguage\":\"ru-RU\",\"potentialAction\":[{\"@type\":\"CommentAction\",\"name\":\"Comment\",\"target\":[\"https:\\\/\\\/mybook.am\\\/?p=25477#respond\"]}]},{\"@type\":\"WebPage\",\"@id\":\"https:\\\/\\\/mybook.am\\\/?p=25477\",\"url\":\"https:\\\/\\\/mybook.am\\\/?p=25477\",\"name\":\"Chlad, kter\u00fd mi projel t\u011blem, nem\u011bl nic spole\u010dn\u00e9ho s rann\u00edm de\u0161t\u011bm. -\",\"isPartOf\":{\"@id\":\"https:\\\/\\\/mybook.am\\\/#website\"},\"primaryImageOfPage\":{\"@id\":\"https:\\\/\\\/mybook.am\\\/?p=25477#primaryimage\"},\"image\":{\"@id\":\"https:\\\/\\\/mybook.am\\\/?p=25477#primaryimage\"},\"thumbnailUrl\":\"https:\\\/\\\/mybook.am\\\/wp-content\\\/uploads\\\/2026\\\/01\\\/774654987468946.jpg\",\"datePublished\":\"2026-01-29T08:54:39+00:00\",\"author\":{\"@id\":\"https:\\\/\\\/mybook.am\\\/#\\\/schema\\\/person\\\/e730847942cff3a199774e803916e97e\"},\"breadcrumb\":{\"@id\":\"https:\\\/\\\/mybook.am\\\/?p=25477#breadcrumb\"},\"inLanguage\":\"ru-RU\",\"potentialAction\":[{\"@type\":\"ReadAction\",\"target\":[\"https:\\\/\\\/mybook.am\\\/?p=25477\"]}]},{\"@type\":\"ImageObject\",\"inLanguage\":\"ru-RU\",\"@id\":\"https:\\\/\\\/mybook.am\\\/?p=25477#primaryimage\",\"url\":\"https:\\\/\\\/mybook.am\\\/wp-content\\\/uploads\\\/2026\\\/01\\\/774654987468946.jpg\",\"contentUrl\":\"https:\\\/\\\/mybook.am\\\/wp-content\\\/uploads\\\/2026\\\/01\\\/774654987468946.jpg\",\"width\":422,\"height\":614},{\"@type\":\"BreadcrumbList\",\"@id\":\"https:\\\/\\\/mybook.am\\\/?p=25477#breadcrumb\",\"itemListElement\":[{\"@type\":\"ListItem\",\"position\":1,\"name\":\"\u0413\u043b\u0430\u0432\u043d\u0430\u044f \u0441\u0442\u0440\u0430\u043d\u0438\u0446\u0430\",\"item\":\"https:\\\/\\\/mybook.am\\\/\"},{\"@type\":\"ListItem\",\"position\":2,\"name\":\"Chlad, kter\u00fd mi projel t\u011blem, nem\u011bl nic spole\u010dn\u00e9ho s rann\u00edm de\u0161t\u011bm.\"}]},{\"@type\":\"WebSite\",\"@id\":\"https:\\\/\\\/mybook.am\\\/#website\",\"url\":\"https:\\\/\\\/mybook.am\\\/\",\"name\":\"\",\"description\":\"\",\"potentialAction\":[{\"@type\":\"SearchAction\",\"target\":{\"@type\":\"EntryPoint\",\"urlTemplate\":\"https:\\\/\\\/mybook.am\\\/?s={search_term_string}\"},\"query-input\":{\"@type\":\"PropertyValueSpecification\",\"valueRequired\":true,\"valueName\":\"search_term_string\"}}],\"inLanguage\":\"ru-RU\"},{\"@type\":\"Person\",\"@id\":\"https:\\\/\\\/mybook.am\\\/#\\\/schema\\\/person\\\/e730847942cff3a199774e803916e97e\",\"name\":\"admin\",\"image\":{\"@type\":\"ImageObject\",\"inLanguage\":\"ru-RU\",\"@id\":\"https:\\\/\\\/secure.gravatar.com\\\/avatar\\\/df64e550a0653b7be0f1bcf897f33faad9c2c8153472b2d9319beafb51370f6f?s=96&d=mm&r=g\",\"url\":\"https:\\\/\\\/secure.gravatar.com\\\/avatar\\\/df64e550a0653b7be0f1bcf897f33faad9c2c8153472b2d9319beafb51370f6f?s=96&d=mm&r=g\",\"contentUrl\":\"https:\\\/\\\/secure.gravatar.com\\\/avatar\\\/df64e550a0653b7be0f1bcf897f33faad9c2c8153472b2d9319beafb51370f6f?s=96&d=mm&r=g\",\"caption\":\"admin\"},\"sameAs\":[\"http:\\\/\\\/mybook.am\"],\"url\":\"https:\\\/\\\/mybook.am\\\/?author=1\"}]}<\/script>\n<!-- \/ Yoast SEO plugin. -->","yoast_head_json":{"title":"Chlad, kter\u00fd mi projel t\u011blem, nem\u011bl nic spole\u010dn\u00e9ho s rann\u00edm de\u0161t\u011bm. -","robots":{"index":"index","follow":"follow","max-snippet":"max-snippet:-1","max-image-preview":"max-image-preview:large","max-video-preview":"max-video-preview:-1"},"canonical":"https:\/\/mybook.am\/?p=25477","og_locale":"ru_RU","og_type":"article","og_title":"Chlad, kter\u00fd mi projel t\u011blem, nem\u011bl nic spole\u010dn\u00e9ho s rann\u00edm de\u0161t\u011bm. -","og_description":"Zapnul jsem televizi sp\u00ed\u0161 ze vzteku ne\u017e ze zv\u011bdavosti. P\u00e1t\u00fd kan\u00e1l. Obraz se na vte\u0159inu rozpadl\u2026 a pak jsem se uvid\u011bl j\u00e1.Ne jako","og_url":"https:\/\/mybook.am\/?p=25477","article_published_time":"2026-01-29T08:54:39+00:00","og_image":[{"width":422,"height":614,"url":"https:\/\/mybook.am\/wp-content\/uploads\/2026\/01\/774654987468946.jpg","type":"image\/jpeg"}],"author":"admin","twitter_card":"summary_large_image","twitter_misc":{"\u041d\u0430\u043f\u0438\u0441\u0430\u043d\u043e \u0430\u0432\u0442\u043e\u0440\u043e\u043c":"admin","\u041f\u0440\u0438\u043c\u0435\u0440\u043d\u043e\u0435 \u0432\u0440\u0435\u043c\u044f \u0434\u043b\u044f \u0447\u0442\u0435\u043d\u0438\u044f":"3 \u043c\u0438\u043d\u0443\u0442\u044b"},"schema":{"@context":"https:\/\/schema.org","@graph":[{"@type":"Article","@id":"https:\/\/mybook.am\/?p=25477#article","isPartOf":{"@id":"https:\/\/mybook.am\/?p=25477"},"author":{"name":"admin","@id":"https:\/\/mybook.am\/#\/schema\/person\/e730847942cff3a199774e803916e97e"},"headline":"Chlad, kter\u00fd mi projel t\u011blem, nem\u011bl nic spole\u010dn\u00e9ho s rann\u00edm de\u0161t\u011bm.","datePublished":"2026-01-29T08:54:39+00:00","mainEntityOfPage":{"@id":"https:\/\/mybook.am\/?p=25477"},"wordCount":632,"commentCount":0,"image":{"@id":"https:\/\/mybook.am\/?p=25477#primaryimage"},"thumbnailUrl":"https:\/\/mybook.am\/wp-content\/uploads\/2026\/01\/774654987468946.jpg","articleSection":["\u010cesk\u00e1"],"inLanguage":"ru-RU","potentialAction":[{"@type":"CommentAction","name":"Comment","target":["https:\/\/mybook.am\/?p=25477#respond"]}]},{"@type":"WebPage","@id":"https:\/\/mybook.am\/?p=25477","url":"https:\/\/mybook.am\/?p=25477","name":"Chlad, kter\u00fd mi projel t\u011blem, nem\u011bl nic spole\u010dn\u00e9ho s rann\u00edm de\u0161t\u011bm. -","isPartOf":{"@id":"https:\/\/mybook.am\/#website"},"primaryImageOfPage":{"@id":"https:\/\/mybook.am\/?p=25477#primaryimage"},"image":{"@id":"https:\/\/mybook.am\/?p=25477#primaryimage"},"thumbnailUrl":"https:\/\/mybook.am\/wp-content\/uploads\/2026\/01\/774654987468946.jpg","datePublished":"2026-01-29T08:54:39+00:00","author":{"@id":"https:\/\/mybook.am\/#\/schema\/person\/e730847942cff3a199774e803916e97e"},"breadcrumb":{"@id":"https:\/\/mybook.am\/?p=25477#breadcrumb"},"inLanguage":"ru-RU","potentialAction":[{"@type":"ReadAction","target":["https:\/\/mybook.am\/?p=25477"]}]},{"@type":"ImageObject","inLanguage":"ru-RU","@id":"https:\/\/mybook.am\/?p=25477#primaryimage","url":"https:\/\/mybook.am\/wp-content\/uploads\/2026\/01\/774654987468946.jpg","contentUrl":"https:\/\/mybook.am\/wp-content\/uploads\/2026\/01\/774654987468946.jpg","width":422,"height":614},{"@type":"BreadcrumbList","@id":"https:\/\/mybook.am\/?p=25477#breadcrumb","itemListElement":[{"@type":"ListItem","position":1,"name":"\u0413\u043b\u0430\u0432\u043d\u0430\u044f \u0441\u0442\u0440\u0430\u043d\u0438\u0446\u0430","item":"https:\/\/mybook.am\/"},{"@type":"ListItem","position":2,"name":"Chlad, kter\u00fd mi projel t\u011blem, nem\u011bl nic spole\u010dn\u00e9ho s rann\u00edm de\u0161t\u011bm."}]},{"@type":"WebSite","@id":"https:\/\/mybook.am\/#website","url":"https:\/\/mybook.am\/","name":"","description":"","potentialAction":[{"@type":"SearchAction","target":{"@type":"EntryPoint","urlTemplate":"https:\/\/mybook.am\/?s={search_term_string}"},"query-input":{"@type":"PropertyValueSpecification","valueRequired":true,"valueName":"search_term_string"}}],"inLanguage":"ru-RU"},{"@type":"Person","@id":"https:\/\/mybook.am\/#\/schema\/person\/e730847942cff3a199774e803916e97e","name":"admin","image":{"@type":"ImageObject","inLanguage":"ru-RU","@id":"https:\/\/secure.gravatar.com\/avatar\/df64e550a0653b7be0f1bcf897f33faad9c2c8153472b2d9319beafb51370f6f?s=96&d=mm&r=g","url":"https:\/\/secure.gravatar.com\/avatar\/df64e550a0653b7be0f1bcf897f33faad9c2c8153472b2d9319beafb51370f6f?s=96&d=mm&r=g","contentUrl":"https:\/\/secure.gravatar.com\/avatar\/df64e550a0653b7be0f1bcf897f33faad9c2c8153472b2d9319beafb51370f6f?s=96&d=mm&r=g","caption":"admin"},"sameAs":["http:\/\/mybook.am"],"url":"https:\/\/mybook.am\/?author=1"}]}},"views":101,"_links":{"self":[{"href":"https:\/\/mybook.am\/index.php?rest_route=\/wp\/v2\/posts\/25477","targetHints":{"allow":["GET"]}}],"collection":[{"href":"https:\/\/mybook.am\/index.php?rest_route=\/wp\/v2\/posts"}],"about":[{"href":"https:\/\/mybook.am\/index.php?rest_route=\/wp\/v2\/types\/post"}],"author":[{"embeddable":true,"href":"https:\/\/mybook.am\/index.php?rest_route=\/wp\/v2\/users\/1"}],"replies":[{"embeddable":true,"href":"https:\/\/mybook.am\/index.php?rest_route=%2Fwp%2Fv2%2Fcomments&post=25477"}],"version-history":[{"count":1,"href":"https:\/\/mybook.am\/index.php?rest_route=\/wp\/v2\/posts\/25477\/revisions"}],"predecessor-version":[{"id":25479,"href":"https:\/\/mybook.am\/index.php?rest_route=\/wp\/v2\/posts\/25477\/revisions\/25479"}],"wp:featuredmedia":[{"embeddable":true,"href":"https:\/\/mybook.am\/index.php?rest_route=\/wp\/v2\/media\/25478"}],"wp:attachment":[{"href":"https:\/\/mybook.am\/index.php?rest_route=%2Fwp%2Fv2%2Fmedia&parent=25477"}],"wp:term":[{"taxonomy":"category","embeddable":true,"href":"https:\/\/mybook.am\/index.php?rest_route=%2Fwp%2Fv2%2Fcategories&post=25477"},{"taxonomy":"post_tag","embeddable":true,"href":"https:\/\/mybook.am\/index.php?rest_route=%2Fwp%2Fv2%2Ftags&post=25477"}],"curies":[{"name":"wp","href":"https:\/\/api.w.org\/{rel}","templated":true}]}}