{"id":26489,"date":"2026-03-11T23:32:53","date_gmt":"2026-03-11T20:32:53","guid":{"rendered":"https:\/\/mybook.am\/?p=26489"},"modified":"2026-03-11T23:32:57","modified_gmt":"2026-03-11T20:32:57","slug":"rakev-s-telem-me-tehotne-dcery-stala-pred-oltarem-kdyz-se-dvere-kostela-nahle-otevrely-a-jeji-manzel-vesel-dovnitr-ruku-v-ruce-s-jinou-zenou","status":"publish","type":"post","link":"https:\/\/mybook.am\/?p=26489","title":{"rendered":"Rakev s t\u011blem m\u00e9 t\u011bhotn\u00e9 dcery st\u00e1la p\u0159ed olt\u00e1\u0159em, kdy\u017e se dve\u0159e kostela n\u00e1hle otev\u0159ely \u2014 a jej\u00ed man\u017eel ve\u0161el dovnit\u0159 ruku v ruce s jinou \u017eenou."},"content":{"rendered":"\n<p>V\u0161ichni ztuhli. O n\u011bkolik sekund pozd\u011bji se ta \u017eena naklonila ke mn\u011b a s ledov\u00fdm klidem za\u0161eptala: \u201eVypad\u00e1 to, \u017ee jsem vyhr\u00e1la.\u201c Pr\u00e1v\u011b v tu chv\u00edli pr\u00e1vn\u00edk ozn\u00e1mil, \u017ee p\u0159ed poh\u0159bem bude p\u0159e\u010dtena posledn\u00ed v\u016fle zesnul\u00e9.<\/p>\n\n\n\n<figure class=\"wp-block-image size-large is-resized\"><img loading=\"lazy\" decoding=\"async\" width=\"1024\" height=\"683\" src=\"https:\/\/mybook.am\/wp-content\/uploads\/2026\/03\/4565784-1024x683.png\" alt=\"\" class=\"wp-image-26491\" style=\"width:716px;height:auto\" srcset=\"https:\/\/mybook.am\/wp-content\/uploads\/2026\/03\/4565784-1024x683.png 1024w, https:\/\/mybook.am\/wp-content\/uploads\/2026\/03\/4565784-300x200.png 300w, https:\/\/mybook.am\/wp-content\/uploads\/2026\/03\/4565784-768x512.png 768w, https:\/\/mybook.am\/wp-content\/uploads\/2026\/03\/4565784.png 1536w\" sizes=\"auto, (max-width: 1024px) 100vw, 1024px\" \/><\/figure>\n\n\n\n<p>Ticho v kostele bylo t\u00e9m\u011b\u0159 nesnesiteln\u00e9.<\/p>\n\n\n\n<p>Zvuk podpatk\u016f se odr\u00e1\u017eel od mramorov\u00e9 podlahy. Ne pomalu. Sp\u00ed\u0161 drz\u00fdm, provokativn\u00edm rytmem, kter\u00fd p\u016fsobil jako v\u00fdsm\u011bch cel\u00e9 t\u00e9 bolesti.<\/p>\n\n\n\n<p>Oto\u010dila jsem se.<\/p>\n\n\n\n<p>Antoine kr\u00e1\u010del st\u0159edem uli\u010dky, jako by p\u0159i\u0161el na spole\u010densk\u00fd ve\u010d\u00edrek. \u017d\u00e1dn\u00fd smutek v obli\u010deji, \u017e\u00e1dn\u00e1 pokora. Elegantn\u00ed kab\u00e1t, dokonale upraven\u00e9 vlasy. Vedle n\u011bj mlad\u00e1 \u017eena v jasn\u011b \u010derven\u00fdch \u0161atech. Usm\u00edvala se tak sebejist\u011b, jako by j\u00ed to m\u00edsto pat\u0159ilo.<\/p>\n\n\n\n<p>Lid\u00e9 v lavic\u00edch si za\u010dali \u0161eptat.<\/p>\n\n\n\n<p>N\u011bkdo si zakryl \u00fasta rukou.<br>Jin\u00ed jen nev\u011b\u0159\u00edcn\u011b hled\u011bli na sc\u00e9nu, kter\u00e1 se odehr\u00e1vala p\u0159ed jejich o\u010dima.<\/p>\n\n\n\n<p>Antoine se rozhl\u00e9dl po kostele a t\u00e9m\u011b\u0159 vesele prohl\u00e1sil:<\/p>\n\n\n\n<p>\u201eM\u00e1lem jsme to nestihli\u2026 doprava ve m\u011bst\u011b byla katastrof\u00e1ln\u00ed.\u201c<\/p>\n\n\n\n<p>Ta \u017eena se rozhl\u00e9dla po p\u0159\u00edtomn\u00fdch, pak pro\u0161la kolem rakve. Kdy\u017e m\u00edjela m\u011b, naklonila se bl\u00ed\u017e a ti\u0161e, t\u00e9m\u011b\u0159 pobaven\u011b pronesla:<\/p>\n\n\n\n<p>\u201eZd\u00e1 se, \u017ee jsem nakonec vyhr\u00e1la.\u201c<\/p>\n\n\n\n<p>Ta v\u011bta byla kr\u00e1tk\u00e1. Ale roztrhla n\u011bco hluboko uvnit\u0159 m\u011b.<\/p>\n\n\n\n<p>Cht\u011bla jsem na ni k\u0159i\u010det. Popadnout ji za ty \u010derven\u00e9 \u0161aty a strhnout ten arogantn\u00ed \u00fasm\u011bv z jej\u00ed tv\u00e1\u0159e.<\/p>\n\n\n\n<p>Ale st\u00e1la jsem nehybn\u011b.<\/p>\n\n\n\n<p>Z\u00edrala jsem na rakev sv\u00e9 dcery a sna\u017eila se d\u00fdchat.<\/p>\n\n\n\n<p>Kdybych otev\u0159ela \u00fasta, nevy\u0161el by ze m\u011b lidsk\u00fd hlas. Byl by to jen k\u0159ik zv\u00ed\u0159ete.<\/p>\n\n\n\n<p>Vzpom\u00ednky mi projely hlavou jako blesk.<\/p>\n\n\n\n<p>Lucie ke mn\u011b v posledn\u00edch m\u011bs\u00edc\u00edch chodila \u010dast\u011bji. I b\u011bhem hork\u00fdch dn\u016f m\u011bla dlouh\u00e9 ruk\u00e1vy.<\/p>\n\n\n\n<p>\u201eJe mi zima, mami,\u201c \u0159\u00edkala v\u017edycky.<\/p>\n\n\n\n<p>N\u011bkdy se na m\u011b pod\u00edvala zvl\u00e1\u0161tn\u00edm pohledem a potaj\u00ed plakala.<\/p>\n\n\n\n<p>\u201eAntoine je jen ve stresu,\u201c opakovala po\u0159\u00e1d dokola, jako by se sna\u017eila omluvit n\u011bco, co omluvit ne\u0161lo.<\/p>\n\n\n\n<p>Prosila jsem ji:<\/p>\n\n\n\n<p>\u201eZ\u016fsta\u0148 u m\u011b. Tady bude\u0161 v bezpe\u010d\u00ed.\u201c<\/p>\n\n\n\n<p>Ale Lucie v\u017edycky zavrt\u011bla hlavou.<\/p>\n\n\n\n<p>\u201eNe, mami\u2026 on se zm\u011bn\u00ed. A\u017e se narod\u00ed d\u00edt\u011b.\u201c<\/p>\n\n\n\n<p>Te\u010f jej\u00ed rakev st\u00e1la p\u0159ed olt\u00e1\u0159em.<\/p>\n\n\n\n<p>A jej\u00ed man\u017eel sed\u011bl v prvn\u00ed \u0159ad\u011b vedle sv\u00e9 milenky.<\/p>\n\n\n\n<p>Naklonil se k n\u00ed a n\u011bco j\u00ed za\u0161eptal. Ona se ti\u0161e zasm\u00e1la. Slovo \u201ev\u011b\u010dn\u00e1 l\u00e1ska\u201c zazn\u011blo z jeho \u00fast, jako by to byl jen \u0161patn\u00fd vtip.<\/p>\n\n\n\n<p>V tu chv\u00edli vy\u0161el z bo\u010dn\u00edch dve\u0159\u00ed mu\u017e v \u010dern\u00e9m obleku.<\/p>\n\n\n\n<p>Byl to magistr Laurent Dubois, pr\u00e1vn\u00edk m\u00e9 dcery. V ruce dr\u017eel zape\u010det\u011bnou ob\u00e1lku.<\/p>\n\n\n\n<p>Postavil se p\u0159ed olt\u00e1\u0159 a po\u010dkal, a\u017e se \u0161epot v kostele uti\u0161\u00ed.<\/p>\n\n\n\n<p>Pak klidn\u00fdm hlasem \u0159ekl:<\/p>\n\n\n\n<p>\u201eP\u0159ed svou smrt\u00ed Lucie Rikan v\u00fdslovn\u011b po\u017e\u00e1dala, aby jej\u00ed posledn\u00ed v\u016fle byla p\u0159e\u010dtena je\u0161t\u011b p\u0159ed za\u010d\u00e1tkem poh\u0159ebn\u00edho ob\u0159adu.\u201c<\/p>\n\n\n\n<p>V lavic\u00edch to znovu za\u0161um\u011blo.<\/p>\n\n\n\n<p>Antoine se op\u0159el o lavici s v\u00fdrazem \u010dlov\u011bka, kter\u00fd je p\u0159esv\u011bd\u010den\u00fd, \u017ee v\u0161echno m\u00e1 pod kontrolou.<\/p>\n\n\n\n<p>Pr\u00e1vn\u00edk pomalu otev\u0159el ob\u00e1lku.<\/p>\n\n\n\n<p>\u201eZa\u010dnu jm\u00e9nem prvn\u00edho p\u0159\u00edjemce.\u201c<\/p>\n\n\n\n<p>Kr\u00e1tk\u00e1 pauza.<\/p>\n\n\n\n<p>Potom zazn\u011bla slova, kter\u00e1 roz\u0159\u00edzla ticho jako blesk.<\/p>\n\n\n\n<p>\u201eMarie Moreau\u2026 matka zesnul\u00e9.\u201c<\/p>\n\n\n\n<p>Moje jm\u00e9no se rozlehlo cel\u00fdm kostelem.<\/p>\n\n\n\n<p>Des\u00edtky o\u010d\u00ed se oto\u010dily sm\u011brem ke mn\u011b.<\/p>\n\n\n\n<p>Antoine poprv\u00e9 znejist\u011bl.<\/p>\n\n\n\n<p>Dubois pokra\u010doval ve \u010dten\u00ed.<\/p>\n\n\n\n<p>\u201eZesnul\u00e1 uv\u00e1d\u00ed, \u017ee v p\u0159\u00edpad\u011b jej\u00ed smrti maj\u00ed b\u00fdt v\u0161echny osobn\u00ed dokumenty, l\u00e9ka\u0159sk\u00e9 z\u00e1znamy a videoz\u00e1znamy okam\u017eit\u011b p\u0159ed\u00e1ny jej\u00ed matce\u2026\u201c<\/p>\n\n\n\n<p>Antoine prudce vstal.<\/p>\n\n\n\n<p>\u201ePo\u010dkejte. Co to m\u00e1 znamenat?\u201c vyhrkl.<\/p>\n\n\n\n<p>Pr\u00e1vn\u00edk ho ignoroval a \u010detl d\u00e1l.<\/p>\n\n\n\n<p>\u201e\u2026a z\u00e1rove\u0148 p\u0159ed\u00e1ny vy\u0161et\u0159ovac\u00edm org\u00e1n\u016fm spolu s p\u00edsemn\u00fdm prohl\u00e1\u0161en\u00edm Lucie Rikan o dlouhodob\u00e9m psychick\u00e9m i fyzick\u00e9m n\u00e1sil\u00ed.\u201c<\/p>\n\n\n\n<p>V kostele zavl\u00e1dlo absolutn\u00ed ticho.<\/p>\n\n\n\n<p>\u017dena v \u010derven\u00fdch \u0161atech pomalu st\u00e1hla ruku z Antoineova ramene.<\/p>\n\n\n\n<p>Jej\u00ed \u00fasm\u011bv zmizel.<\/p>\n\n\n\n<p>Pr\u00e1vn\u00edk oto\u010dil dal\u0161\u00ed str\u00e1nku.<\/p>\n\n\n\n<p>\u201eZesnul\u00e1 rovn\u011b\u017e uv\u00e1d\u00ed, \u017ee v bezpe\u010dnostn\u00ed schr\u00e1nce jsou ulo\u017een\u00e9 z\u00e1znamy z kamer instalovan\u00fdch v jejich dom\u011b b\u011bhem posledn\u00edch \u0161esti m\u011bs\u00edc\u016f.\u201c<\/p>\n\n\n\n<p>Antoine zbledl.<\/p>\n\n\n\n<p>Tentokr\u00e1t opravdu.<\/p>\n\n\n\n<p>Dubois zvedl hlavu a pronesl posledn\u00ed v\u011btu:<\/p>\n\n\n\n<p>\u201eVe\u0161ker\u00e9 materi\u00e1ly byly dnes r\u00e1no p\u0159ed\u00e1ny policii.\u201c<\/p>\n\n\n\n<p>Po kostele se rozlil \u0161ok.<\/p>\n\n\n\n<p>Lid\u00e9 st\u0159\u00eddav\u011b hled\u011bli na rakev, na pr\u00e1vn\u00edka\u2026 a na mu\u017ee, kter\u00fd p\u0159ed n\u011bkolika minutami p\u0159i\u0161el na poh\u0159eb sv\u00e9 \u017eeny s milenkou.<\/p>\n\n\n\n<p>A \u017eena v \u010derven\u00fdch \u0161atech pomalu ustoupila o krok zp\u011bt.<\/p>\n\n\n\n<p>Poprv\u00e9 si z\u0159ejm\u011b uv\u011bdomila, \u017ee jej\u00ed \u201ev\u00edt\u011bzstv\u00ed\u201c m\u016f\u017ee b\u00fdt jen za\u010d\u00e1tkem katastrofy.<\/p>\n","protected":false},"excerpt":{"rendered":"V\u0161ichni ztuhli. O n\u011bkolik sekund pozd\u011bji se ta \u017eena naklonila ke mn\u011b a s ledov\u00fdm klidem za\u0161eptala: \u201eVypad\u00e1 to, \u017ee jsem vyhr\u00e1la.\u201c Pr\u00e1v\u011b \n<a class=\"moretag\" href=\"https:\/\/mybook.am\/?p=26489\"> [...]<\/a>","protected":false},"author":1,"featured_media":26491,"comment_status":"open","ping_status":"open","sticky":false,"template":"","format":"standard","meta":{"footnotes":""},"categories":[1],"tags":[],"class_list":["post-26489","post","type-post","status-publish","format-standard","has-post-thumbnail","hentry","category-ceska"],"yoast_head":"<!-- This site is optimized with the Yoast SEO plugin v27.4 - https:\/\/yoast.com\/product\/yoast-seo-wordpress\/ -->\n<title>Rakev s t\u011blem m\u00e9 t\u011bhotn\u00e9 dcery st\u00e1la p\u0159ed olt\u00e1\u0159em, kdy\u017e se dve\u0159e kostela n\u00e1hle otev\u0159ely \u2014 a jej\u00ed man\u017eel ve\u0161el dovnit\u0159 ruku v ruce s jinou \u017eenou. -<\/title>\n<meta name=\"robots\" content=\"index, follow, max-snippet:-1, max-image-preview:large, max-video-preview:-1\" \/>\n<link rel=\"canonical\" href=\"https:\/\/mybook.am\/?p=26489\" \/>\n<meta property=\"og:locale\" content=\"ru_RU\" \/>\n<meta property=\"og:type\" content=\"article\" \/>\n<meta property=\"og:title\" content=\"Rakev s t\u011blem m\u00e9 t\u011bhotn\u00e9 dcery st\u00e1la p\u0159ed olt\u00e1\u0159em, kdy\u017e se dve\u0159e kostela n\u00e1hle otev\u0159ely \u2014 a jej\u00ed man\u017eel ve\u0161el dovnit\u0159 ruku v ruce s jinou \u017eenou. -\" \/>\n<meta property=\"og:description\" content=\"V\u0161ichni ztuhli. O n\u011bkolik sekund pozd\u011bji se ta \u017eena naklonila ke mn\u011b a s ledov\u00fdm klidem za\u0161eptala: \u201eVypad\u00e1 to, \u017ee jsem vyhr\u00e1la.\u201c Pr\u00e1v\u011b\" \/>\n<meta property=\"og:url\" content=\"https:\/\/mybook.am\/?p=26489\" \/>\n<meta property=\"article:published_time\" content=\"2026-03-11T20:32:53+00:00\" \/>\n<meta property=\"article:modified_time\" content=\"2026-03-11T20:32:57+00:00\" \/>\n<meta property=\"og:image\" content=\"https:\/\/mybook.am\/wp-content\/uploads\/2026\/03\/4565784.png\" \/>\n\t<meta property=\"og:image:width\" content=\"1536\" \/>\n\t<meta property=\"og:image:height\" content=\"1024\" \/>\n\t<meta property=\"og:image:type\" content=\"image\/png\" \/>\n<meta name=\"author\" content=\"admin\" \/>\n<meta name=\"twitter:card\" content=\"summary_large_image\" \/>\n<meta name=\"twitter:label1\" content=\"\u041d\u0430\u043f\u0438\u0441\u0430\u043d\u043e \u0430\u0432\u0442\u043e\u0440\u043e\u043c\" \/>\n\t<meta name=\"twitter:data1\" content=\"admin\" \/>\n\t<meta name=\"twitter:label2\" content=\"\u041f\u0440\u0438\u043c\u0435\u0440\u043d\u043e\u0435 \u0432\u0440\u0435\u043c\u044f \u0434\u043b\u044f \u0447\u0442\u0435\u043d\u0438\u044f\" \/>\n\t<meta name=\"twitter:data2\" content=\"4 \u043c\u0438\u043d\u0443\u0442\u044b\" \/>\n<script type=\"application\/ld+json\" class=\"yoast-schema-graph\">{\"@context\":\"https:\\\/\\\/schema.org\",\"@graph\":[{\"@type\":\"Article\",\"@id\":\"https:\\\/\\\/mybook.am\\\/?p=26489#article\",\"isPartOf\":{\"@id\":\"https:\\\/\\\/mybook.am\\\/?p=26489\"},\"author\":{\"name\":\"admin\",\"@id\":\"https:\\\/\\\/mybook.am\\\/#\\\/schema\\\/person\\\/e730847942cff3a199774e803916e97e\"},\"headline\":\"Rakev s t\u011blem m\u00e9 t\u011bhotn\u00e9 dcery st\u00e1la p\u0159ed olt\u00e1\u0159em, kdy\u017e se dve\u0159e kostela n\u00e1hle otev\u0159ely \u2014 a jej\u00ed man\u017eel ve\u0161el dovnit\u0159 ruku v ruce s jinou \u017eenou.\",\"datePublished\":\"2026-03-11T20:32:53+00:00\",\"dateModified\":\"2026-03-11T20:32:57+00:00\",\"mainEntityOfPage\":{\"@id\":\"https:\\\/\\\/mybook.am\\\/?p=26489\"},\"wordCount\":909,\"commentCount\":0,\"image\":{\"@id\":\"https:\\\/\\\/mybook.am\\\/?p=26489#primaryimage\"},\"thumbnailUrl\":\"https:\\\/\\\/mybook.am\\\/wp-content\\\/uploads\\\/2026\\\/03\\\/4565784.png\",\"articleSection\":[\"\u010cesk\u00e1\"],\"inLanguage\":\"ru-RU\",\"potentialAction\":[{\"@type\":\"CommentAction\",\"name\":\"Comment\",\"target\":[\"https:\\\/\\\/mybook.am\\\/?p=26489#respond\"]}]},{\"@type\":\"WebPage\",\"@id\":\"https:\\\/\\\/mybook.am\\\/?p=26489\",\"url\":\"https:\\\/\\\/mybook.am\\\/?p=26489\",\"name\":\"Rakev s t\u011blem m\u00e9 t\u011bhotn\u00e9 dcery st\u00e1la p\u0159ed olt\u00e1\u0159em, kdy\u017e se dve\u0159e kostela n\u00e1hle otev\u0159ely \u2014 a jej\u00ed man\u017eel ve\u0161el dovnit\u0159 ruku v ruce s jinou \u017eenou. -\",\"isPartOf\":{\"@id\":\"https:\\\/\\\/mybook.am\\\/#website\"},\"primaryImageOfPage\":{\"@id\":\"https:\\\/\\\/mybook.am\\\/?p=26489#primaryimage\"},\"image\":{\"@id\":\"https:\\\/\\\/mybook.am\\\/?p=26489#primaryimage\"},\"thumbnailUrl\":\"https:\\\/\\\/mybook.am\\\/wp-content\\\/uploads\\\/2026\\\/03\\\/4565784.png\",\"datePublished\":\"2026-03-11T20:32:53+00:00\",\"dateModified\":\"2026-03-11T20:32:57+00:00\",\"author\":{\"@id\":\"https:\\\/\\\/mybook.am\\\/#\\\/schema\\\/person\\\/e730847942cff3a199774e803916e97e\"},\"breadcrumb\":{\"@id\":\"https:\\\/\\\/mybook.am\\\/?p=26489#breadcrumb\"},\"inLanguage\":\"ru-RU\",\"potentialAction\":[{\"@type\":\"ReadAction\",\"target\":[\"https:\\\/\\\/mybook.am\\\/?p=26489\"]}]},{\"@type\":\"ImageObject\",\"inLanguage\":\"ru-RU\",\"@id\":\"https:\\\/\\\/mybook.am\\\/?p=26489#primaryimage\",\"url\":\"https:\\\/\\\/mybook.am\\\/wp-content\\\/uploads\\\/2026\\\/03\\\/4565784.png\",\"contentUrl\":\"https:\\\/\\\/mybook.am\\\/wp-content\\\/uploads\\\/2026\\\/03\\\/4565784.png\",\"width\":1536,\"height\":1024},{\"@type\":\"BreadcrumbList\",\"@id\":\"https:\\\/\\\/mybook.am\\\/?p=26489#breadcrumb\",\"itemListElement\":[{\"@type\":\"ListItem\",\"position\":1,\"name\":\"\u0413\u043b\u0430\u0432\u043d\u0430\u044f \u0441\u0442\u0440\u0430\u043d\u0438\u0446\u0430\",\"item\":\"https:\\\/\\\/mybook.am\\\/\"},{\"@type\":\"ListItem\",\"position\":2,\"name\":\"Rakev s t\u011blem m\u00e9 t\u011bhotn\u00e9 dcery st\u00e1la p\u0159ed olt\u00e1\u0159em, kdy\u017e se dve\u0159e kostela n\u00e1hle otev\u0159ely \u2014 a jej\u00ed man\u017eel ve\u0161el dovnit\u0159 ruku v ruce s jinou \u017eenou.\"}]},{\"@type\":\"WebSite\",\"@id\":\"https:\\\/\\\/mybook.am\\\/#website\",\"url\":\"https:\\\/\\\/mybook.am\\\/\",\"name\":\"\",\"description\":\"\",\"potentialAction\":[{\"@type\":\"SearchAction\",\"target\":{\"@type\":\"EntryPoint\",\"urlTemplate\":\"https:\\\/\\\/mybook.am\\\/?s={search_term_string}\"},\"query-input\":{\"@type\":\"PropertyValueSpecification\",\"valueRequired\":true,\"valueName\":\"search_term_string\"}}],\"inLanguage\":\"ru-RU\"},{\"@type\":\"Person\",\"@id\":\"https:\\\/\\\/mybook.am\\\/#\\\/schema\\\/person\\\/e730847942cff3a199774e803916e97e\",\"name\":\"admin\",\"image\":{\"@type\":\"ImageObject\",\"inLanguage\":\"ru-RU\",\"@id\":\"https:\\\/\\\/secure.gravatar.com\\\/avatar\\\/df64e550a0653b7be0f1bcf897f33faad9c2c8153472b2d9319beafb51370f6f?s=96&d=mm&r=g\",\"url\":\"https:\\\/\\\/secure.gravatar.com\\\/avatar\\\/df64e550a0653b7be0f1bcf897f33faad9c2c8153472b2d9319beafb51370f6f?s=96&d=mm&r=g\",\"contentUrl\":\"https:\\\/\\\/secure.gravatar.com\\\/avatar\\\/df64e550a0653b7be0f1bcf897f33faad9c2c8153472b2d9319beafb51370f6f?s=96&d=mm&r=g\",\"caption\":\"admin\"},\"sameAs\":[\"http:\\\/\\\/mybook.am\"],\"url\":\"https:\\\/\\\/mybook.am\\\/?author=1\"}]}<\/script>\n<!-- \/ Yoast SEO plugin. -->","yoast_head_json":{"title":"Rakev s t\u011blem m\u00e9 t\u011bhotn\u00e9 dcery st\u00e1la p\u0159ed olt\u00e1\u0159em, kdy\u017e se dve\u0159e kostela n\u00e1hle otev\u0159ely \u2014 a jej\u00ed man\u017eel ve\u0161el dovnit\u0159 ruku v ruce s jinou \u017eenou. -","robots":{"index":"index","follow":"follow","max-snippet":"max-snippet:-1","max-image-preview":"max-image-preview:large","max-video-preview":"max-video-preview:-1"},"canonical":"https:\/\/mybook.am\/?p=26489","og_locale":"ru_RU","og_type":"article","og_title":"Rakev s t\u011blem m\u00e9 t\u011bhotn\u00e9 dcery st\u00e1la p\u0159ed olt\u00e1\u0159em, kdy\u017e se dve\u0159e kostela n\u00e1hle otev\u0159ely \u2014 a jej\u00ed man\u017eel ve\u0161el dovnit\u0159 ruku v ruce s jinou \u017eenou. -","og_description":"V\u0161ichni ztuhli. O n\u011bkolik sekund pozd\u011bji se ta \u017eena naklonila ke mn\u011b a s ledov\u00fdm klidem za\u0161eptala: \u201eVypad\u00e1 to, \u017ee jsem vyhr\u00e1la.\u201c Pr\u00e1v\u011b","og_url":"https:\/\/mybook.am\/?p=26489","article_published_time":"2026-03-11T20:32:53+00:00","article_modified_time":"2026-03-11T20:32:57+00:00","og_image":[{"width":1536,"height":1024,"url":"https:\/\/mybook.am\/wp-content\/uploads\/2026\/03\/4565784.png","type":"image\/png"}],"author":"admin","twitter_card":"summary_large_image","twitter_misc":{"\u041d\u0430\u043f\u0438\u0441\u0430\u043d\u043e \u0430\u0432\u0442\u043e\u0440\u043e\u043c":"admin","\u041f\u0440\u0438\u043c\u0435\u0440\u043d\u043e\u0435 \u0432\u0440\u0435\u043c\u044f \u0434\u043b\u044f \u0447\u0442\u0435\u043d\u0438\u044f":"4 \u043c\u0438\u043d\u0443\u0442\u044b"},"schema":{"@context":"https:\/\/schema.org","@graph":[{"@type":"Article","@id":"https:\/\/mybook.am\/?p=26489#article","isPartOf":{"@id":"https:\/\/mybook.am\/?p=26489"},"author":{"name":"admin","@id":"https:\/\/mybook.am\/#\/schema\/person\/e730847942cff3a199774e803916e97e"},"headline":"Rakev s t\u011blem m\u00e9 t\u011bhotn\u00e9 dcery st\u00e1la p\u0159ed olt\u00e1\u0159em, kdy\u017e se dve\u0159e kostela n\u00e1hle otev\u0159ely \u2014 a jej\u00ed man\u017eel ve\u0161el dovnit\u0159 ruku v ruce s jinou \u017eenou.","datePublished":"2026-03-11T20:32:53+00:00","dateModified":"2026-03-11T20:32:57+00:00","mainEntityOfPage":{"@id":"https:\/\/mybook.am\/?p=26489"},"wordCount":909,"commentCount":0,"image":{"@id":"https:\/\/mybook.am\/?p=26489#primaryimage"},"thumbnailUrl":"https:\/\/mybook.am\/wp-content\/uploads\/2026\/03\/4565784.png","articleSection":["\u010cesk\u00e1"],"inLanguage":"ru-RU","potentialAction":[{"@type":"CommentAction","name":"Comment","target":["https:\/\/mybook.am\/?p=26489#respond"]}]},{"@type":"WebPage","@id":"https:\/\/mybook.am\/?p=26489","url":"https:\/\/mybook.am\/?p=26489","name":"Rakev s t\u011blem m\u00e9 t\u011bhotn\u00e9 dcery st\u00e1la p\u0159ed olt\u00e1\u0159em, kdy\u017e se dve\u0159e kostela n\u00e1hle otev\u0159ely \u2014 a jej\u00ed man\u017eel ve\u0161el dovnit\u0159 ruku v ruce s jinou \u017eenou. -","isPartOf":{"@id":"https:\/\/mybook.am\/#website"},"primaryImageOfPage":{"@id":"https:\/\/mybook.am\/?p=26489#primaryimage"},"image":{"@id":"https:\/\/mybook.am\/?p=26489#primaryimage"},"thumbnailUrl":"https:\/\/mybook.am\/wp-content\/uploads\/2026\/03\/4565784.png","datePublished":"2026-03-11T20:32:53+00:00","dateModified":"2026-03-11T20:32:57+00:00","author":{"@id":"https:\/\/mybook.am\/#\/schema\/person\/e730847942cff3a199774e803916e97e"},"breadcrumb":{"@id":"https:\/\/mybook.am\/?p=26489#breadcrumb"},"inLanguage":"ru-RU","potentialAction":[{"@type":"ReadAction","target":["https:\/\/mybook.am\/?p=26489"]}]},{"@type":"ImageObject","inLanguage":"ru-RU","@id":"https:\/\/mybook.am\/?p=26489#primaryimage","url":"https:\/\/mybook.am\/wp-content\/uploads\/2026\/03\/4565784.png","contentUrl":"https:\/\/mybook.am\/wp-content\/uploads\/2026\/03\/4565784.png","width":1536,"height":1024},{"@type":"BreadcrumbList","@id":"https:\/\/mybook.am\/?p=26489#breadcrumb","itemListElement":[{"@type":"ListItem","position":1,"name":"\u0413\u043b\u0430\u0432\u043d\u0430\u044f \u0441\u0442\u0440\u0430\u043d\u0438\u0446\u0430","item":"https:\/\/mybook.am\/"},{"@type":"ListItem","position":2,"name":"Rakev s t\u011blem m\u00e9 t\u011bhotn\u00e9 dcery st\u00e1la p\u0159ed olt\u00e1\u0159em, kdy\u017e se dve\u0159e kostela n\u00e1hle otev\u0159ely \u2014 a jej\u00ed man\u017eel ve\u0161el dovnit\u0159 ruku v ruce s jinou \u017eenou."}]},{"@type":"WebSite","@id":"https:\/\/mybook.am\/#website","url":"https:\/\/mybook.am\/","name":"","description":"","potentialAction":[{"@type":"SearchAction","target":{"@type":"EntryPoint","urlTemplate":"https:\/\/mybook.am\/?s={search_term_string}"},"query-input":{"@type":"PropertyValueSpecification","valueRequired":true,"valueName":"search_term_string"}}],"inLanguage":"ru-RU"},{"@type":"Person","@id":"https:\/\/mybook.am\/#\/schema\/person\/e730847942cff3a199774e803916e97e","name":"admin","image":{"@type":"ImageObject","inLanguage":"ru-RU","@id":"https:\/\/secure.gravatar.com\/avatar\/df64e550a0653b7be0f1bcf897f33faad9c2c8153472b2d9319beafb51370f6f?s=96&d=mm&r=g","url":"https:\/\/secure.gravatar.com\/avatar\/df64e550a0653b7be0f1bcf897f33faad9c2c8153472b2d9319beafb51370f6f?s=96&d=mm&r=g","contentUrl":"https:\/\/secure.gravatar.com\/avatar\/df64e550a0653b7be0f1bcf897f33faad9c2c8153472b2d9319beafb51370f6f?s=96&d=mm&r=g","caption":"admin"},"sameAs":["http:\/\/mybook.am"],"url":"https:\/\/mybook.am\/?author=1"}]}},"views":54,"_links":{"self":[{"href":"https:\/\/mybook.am\/index.php?rest_route=\/wp\/v2\/posts\/26489","targetHints":{"allow":["GET"]}}],"collection":[{"href":"https:\/\/mybook.am\/index.php?rest_route=\/wp\/v2\/posts"}],"about":[{"href":"https:\/\/mybook.am\/index.php?rest_route=\/wp\/v2\/types\/post"}],"author":[{"embeddable":true,"href":"https:\/\/mybook.am\/index.php?rest_route=\/wp\/v2\/users\/1"}],"replies":[{"embeddable":true,"href":"https:\/\/mybook.am\/index.php?rest_route=%2Fwp%2Fv2%2Fcomments&post=26489"}],"version-history":[{"count":1,"href":"https:\/\/mybook.am\/index.php?rest_route=\/wp\/v2\/posts\/26489\/revisions"}],"predecessor-version":[{"id":26492,"href":"https:\/\/mybook.am\/index.php?rest_route=\/wp\/v2\/posts\/26489\/revisions\/26492"}],"wp:featuredmedia":[{"embeddable":true,"href":"https:\/\/mybook.am\/index.php?rest_route=\/wp\/v2\/media\/26491"}],"wp:attachment":[{"href":"https:\/\/mybook.am\/index.php?rest_route=%2Fwp%2Fv2%2Fmedia&parent=26489"}],"wp:term":[{"taxonomy":"category","embeddable":true,"href":"https:\/\/mybook.am\/index.php?rest_route=%2Fwp%2Fv2%2Fcategories&post=26489"},{"taxonomy":"post_tag","embeddable":true,"href":"https:\/\/mybook.am\/index.php?rest_route=%2Fwp%2Fv2%2Ftags&post=26489"}],"curies":[{"name":"wp","href":"https:\/\/api.w.org\/{rel}","templated":true}]}}