{"id":26500,"date":"2026-03-12T10:06:12","date_gmt":"2026-03-12T07:06:12","guid":{"rendered":"https:\/\/mybook.am\/?p=26500"},"modified":"2026-03-12T10:06:16","modified_gmt":"2026-03-12T07:06:16","slug":"dvere-banketniho-salu-se-otevrely-a-muz-ktery-pred-deseti-lety-opustil-svou-zenu-a-deset-deti-nahle-ztuhl-na-prahu","status":"publish","type":"post","link":"https:\/\/mybook.am\/?p=26500","title":{"rendered":"Dve\u0159e banketn\u00edho s\u00e1lu se otev\u0159ely a mu\u017e, kter\u00fd p\u0159ed deseti lety opustil svou \u017eenu a deset d\u011bt\u00ed, n\u00e1hle ztuhl na prahu."},"content":{"rendered":"\n<p>P\u0159ijel sem s nad\u011bj\u00ed, \u017ee dostane druhou \u0161anci a vr\u00e1t\u00ed se dom\u016f. Jen\u017ee m\u00edsto rodinn\u00e9 ve\u010de\u0159e ho \u010dekal ve\u010der, na kter\u00fd nikdy nezapomene. Ten okam\u017eik m\u011bl uk\u00e1zat pravdu, p\u0159ed kterou deset let ut\u00edkal.P\u0159\u00edb\u011bh za\u010dal p\u0159ed deseti lety v mal\u00e9 c\u00edrkevn\u00ed m\u00edstnosti.<\/p>\n\n\n\n<figure class=\"wp-block-image size-large is-resized\"><img loading=\"lazy\" decoding=\"async\" width=\"1024\" height=\"683\" src=\"https:\/\/mybook.am\/wp-content\/uploads\/2026\/03\/46548949465-1024x683.png\" alt=\"\" class=\"wp-image-26502\" style=\"width:731px;height:auto\" srcset=\"https:\/\/mybook.am\/wp-content\/uploads\/2026\/03\/46548949465-1024x683.png 1024w, https:\/\/mybook.am\/wp-content\/uploads\/2026\/03\/46548949465-300x200.png 300w, https:\/\/mybook.am\/wp-content\/uploads\/2026\/03\/46548949465-768x512.png 768w, https:\/\/mybook.am\/wp-content\/uploads\/2026\/03\/46548949465.png 1536w\" sizes=\"auto, (max-width: 1024px) 100vw, 1024px\" \/><\/figure>\n\n\n\n<p>Patn\u00e1ctilet\u00e1 d\u00edvka sed\u011bla vedle sv\u00fdch sourozenc\u016f, kdy\u017e jejich otec ozn\u00e1mil rozhodnut\u00ed, kter\u00e9 zm\u011bnilo cel\u00fd jejich \u017eivot. Po dvaceti p\u011bti letech man\u017eelstv\u00ed pr\u00fd \u201eB\u016fh vede jeho cestu jinam\u201c.<\/p>\n\n\n\n<p>Jejich matka byla v t\u00e9 dob\u011b t\u011bhotn\u00e1 s des\u00e1t\u00fdm d\u00edt\u011btem. Do porodu zb\u00fdvalo jen n\u011bkolik t\u00fddn\u016f.<\/p>\n\n\n\n<p>Ten ve\u010der mu\u017e ode\u0161el.<\/p>\n\n\n\n<p>Bez vysv\u011btlen\u00ed. Bez pomoci. Bez ohl\u00e9dnut\u00ed.<\/p>\n\n\n\n<p>Za sebou nechal \u017eenu, kter\u00e1 \u010dekala d\u00edt\u011b, a deset d\u011bt\u00ed, kter\u00e9 najednou musely vyr\u016fst mnohem rychleji, ne\u017e by kdokoli \u010dekal.<\/p>\n\n\n\n<p>N\u00e1sleduj\u00edc\u00ed roky byly tvrd\u00e9.<\/p>\n\n\n\n<p>Matka pracovala dlouho do noci. Po p\u016flnoci ukl\u00edzela kancel\u00e1\u0159e, aby m\u011bla pen\u00edze alespo\u0148 na z\u00e1kladn\u00ed v\u011bci. R\u00e1no se vracela dom\u016f vy\u010derpan\u00e1, ale nikdy si nest\u011b\u017eovala.<\/p>\n\n\n\n<p>Je\u0161t\u011b zvl\u00e1\u0161tn\u011bj\u0161\u00ed bylo n\u011bco jin\u00e9ho.<\/p>\n\n\n\n<p>Nikdy o n\u011bm nemluvila \u0161patn\u011b.<\/p>\n\n\n\n<p>Ani jednou.<\/p>\n\n\n\n<p>Nevy\u010d\u00edtala. Neobvi\u0148ovala. Jen ti\u0161e pokra\u010dovala d\u00e1l a starala se o d\u011bti.<\/p>\n\n\n\n<p>Sourozenci dr\u017eeli p\u0159i sob\u011b. Star\u0161\u00ed pom\u00e1hali mlad\u0161\u00edm. Postupn\u011b se nau\u010dili p\u0159e\u017e\u00edt bez \u010dlov\u011bka, kter\u00fd m\u011bl b\u00fdt jejich oporou.<\/p>\n\n\n\n<p>A pak, po deseti letech, zazvonil telefon.<\/p>\n\n\n\n<p>Na druh\u00e9m konci byl jejich otec.<\/p>\n\n\n\n<p>\u017dena z c\u00edrkevn\u00edho sboru, kv\u016fli kter\u00e9 kdysi ode\u0161el, ho opustila. Necht\u011bla z\u016fstat s mu\u017eem, kter\u00fd m\u011bl zdravotn\u00ed probl\u00e9my, bolav\u00e1 z\u00e1da a \u017e\u00e1dn\u00e9 pen\u00edze.<\/p>\n\n\n\n<p>Najednou si vzpomn\u011bl na rodinu.<\/p>\n\n\n\n<p>\u0158\u00edkal, \u017ee ud\u011blal chybu.<\/p>\n\n\n\n<p>\u0158\u00edkal, \u017ee mu chyb\u00ed d\u011bti.<\/p>\n\n\n\n<p>\u0158\u00edkal, \u017ee chce dom\u016f.<\/p>\n\n\n\n<p>Matka jen ti\u0161e sed\u011bla a poslouchala. Nakonec pronesla v\u011btu, kter\u00e1 v\u0161echny p\u0159ekvapila.<\/p>\n\n\n\n<p>\u201eMo\u017en\u00e1 si lid\u00e9 zaslou\u017e\u00ed odpu\u0161t\u011bn\u00ed.\u201c<\/p>\n\n\n\n<p>Jej\u00ed nejstar\u0161\u00ed dcera ale p\u0159em\u00fd\u0161lela jinak.<\/p>\n\n\n\n<p>Poslala mu zpr\u00e1vu.<\/p>\n\n\n\n<p>\u201eP\u0159em\u00fd\u0161lela jsem o tom, co jsi \u0159ekl. P\u0159ij\u010f v ned\u011bli v sedm ve\u010der na rodinnou ve\u010de\u0159i. Budou tam v\u0161ichni sourozenci. Oble\u010d si nejlep\u0161\u00ed oblek. Po\u0161lu ti adresu.\u201c<\/p>\n\n\n\n<p>Odpov\u011b\u010f p\u0159i\u0161la t\u00e9m\u011b\u0159 okam\u017eit\u011b.<\/p>\n\n\n\n<p>\u201eD\u011bkuji za druhou \u0161anci.\u201c<\/p>\n\n\n\n<p>Netu\u0161il, co ho ve skute\u010dnosti \u010dek\u00e1.<\/p>\n\n\n\n<p>V ned\u011bli ve\u010der p\u0159ijel na uvedenou adresu.<\/p>\n\n\n\n<p>Zastavil auto a zmaten\u011b se rozhl\u00e9dl. Nevid\u011bl rodinn\u00fd d\u016fm. P\u0159ed n\u00edm st\u00e1la velk\u00e1 budova s osv\u011btlen\u00fdm n\u00e1pisem.<\/p>\n\n\n\n<p>Banketn\u00ed s\u00e1l.<\/p>\n\n\n\n<p>Ve\u0161el dovnit\u0159.<\/p>\n\n\n\n<p>Uvnit\u0159 sed\u011bly des\u00edtky lid\u00ed. P\u0159\u00edbuzn\u00ed, zn\u00e1m\u00ed, soused\u00e9. V\u0161ichni se d\u00edvali jeho sm\u011brem.<\/p>\n\n\n\n<p>Na p\u00f3diu st\u00e1l mikrofon.<\/p>\n\n\n\n<p>Mu\u017e ztuhl.<\/p>\n\n\n\n<p>Okam\u017eit\u011b pochopil, \u017ee tohle nen\u00ed rodinn\u00e1 ve\u010de\u0159e.<\/p>\n\n\n\n<p>Oto\u010dil se ke dve\u0159\u00edm.<\/p>\n\n\n\n<p>\u201eOdch\u00e1z\u00edm,\u201c \u0159ekl nerv\u00f3zn\u011b.<\/p>\n\n\n\n<p>Ale v cest\u011b mu st\u00e1la jeho dcera.<\/p>\n\n\n\n<p>\u201eNe,\u201c \u0159ekla klidn\u011b. \u201eJe\u0161t\u011b ne. Z\u016fsta\u0148.\u201c<\/p>\n\n\n\n<p>V s\u00e1le bylo absolutn\u00ed ticho.<\/p>\n\n\n\n<p>Mu\u017e se pod\u00edval na svou b\u00fdvalou \u017eenu, jako by \u010dekal, \u017ee ho zachr\u00e1n\u00ed z trapn\u00e9 situace.<\/p>\n\n\n\n<p>Jen\u017ee ona nic ne\u0159ekla.<\/p>\n\n\n\n<p>Dcera vystoupila na p\u00f3dium a vzala mikrofon.<\/p>\n\n\n\n<p>\u201eP\u0159ed deseti lety n\u00e1\u0161 otec ode\u0161el,\u201c za\u010dala. \u201eOpustil t\u011bhotnou \u017eenu a deset d\u011bt\u00ed.\u201c<\/p>\n\n\n\n<p>Lid\u00e9 v s\u00e1le ani ned\u00fdchali.<\/p>\n\n\n\n<p>\u201eMyslel si, \u017ee bez n\u011bj nep\u0159e\u017eijeme.\u201c<\/p>\n\n\n\n<p>Za n\u00ed se rozsv\u00edtila velk\u00e1 obrazovka.<\/p>\n\n\n\n<p>Za\u010daly se objevovat fotografie.<\/p>\n\n\n\n<p>Matka ukl\u00edzej\u00edc\u00ed kancel\u00e1\u0159e v noci.<\/p>\n\n\n\n<p>Sourozenci pracuj\u00edc\u00ed po \u0161kole.<\/p>\n\n\n\n<p>Mal\u00e9 d\u011bti sp\u00edc\u00ed u stolu p\u0159i dom\u00e1c\u00edch \u00fakolech.<\/p>\n\n\n\n<p>Rodina, kter\u00e1 bojovala o ka\u017edou korunu.<\/p>\n\n\n\n<p>A posledn\u00ed fotografie uk\u00e1zala n\u011bco jin\u00e9ho.<\/p>\n\n\n\n<p>V\u0161ech deset sourozenc\u016f a jejich matku, jak stoj\u00ed spolu a usm\u00edvaj\u00ed se.<\/p>\n\n\n\n<p>Siln\u011bj\u0161\u00ed ne\u017e kdy d\u0159\u00edv.<\/p>\n\n\n\n<p>Bez n\u011bj.<\/p>\n\n\n\n<p>Dcera pomalu spustila mikrofon a pod\u00edvala se p\u0159\u00edmo na sv\u00e9ho otce.<\/p>\n\n\n\n<p>\u201eCht\u011bl ses vr\u00e1tit dom\u016f,\u201c \u0159ekla.<\/p>\n\n\n\n<p>Pak dodala v\u011btu, kter\u00e1 ho zas\u00e1hla v\u00edc ne\u017e cokoli jin\u00e9ho.<\/p>\n\n\n\n<p>\u201eJen\u017ee my jsme si u\u017e d\u00e1vno uv\u011bdomili jednu v\u011bc \u2014 domov jsme dok\u00e1zali postavit i bez tebe.\u201c<\/p>\n","protected":false},"excerpt":{"rendered":"P\u0159ijel sem s nad\u011bj\u00ed, \u017ee dostane druhou \u0161anci a vr\u00e1t\u00ed se dom\u016f. Jen\u017ee m\u00edsto rodinn\u00e9 ve\u010de\u0159e ho \u010dekal ve\u010der, na kter\u00fd nikdy nezapomene. \n<a class=\"moretag\" href=\"https:\/\/mybook.am\/?p=26500\"> [...]<\/a>","protected":false},"author":1,"featured_media":26502,"comment_status":"open","ping_status":"open","sticky":false,"template":"","format":"standard","meta":{"footnotes":""},"categories":[1],"tags":[],"class_list":["post-26500","post","type-post","status-publish","format-standard","has-post-thumbnail","hentry","category-ceska"],"yoast_head":"<!-- This site is optimized with the Yoast SEO plugin v27.4 - https:\/\/yoast.com\/product\/yoast-seo-wordpress\/ -->\n<title>Dve\u0159e banketn\u00edho s\u00e1lu se otev\u0159ely a mu\u017e, kter\u00fd p\u0159ed deseti lety opustil svou \u017eenu a deset d\u011bt\u00ed, n\u00e1hle ztuhl na prahu. -<\/title>\n<meta name=\"robots\" content=\"index, follow, max-snippet:-1, max-image-preview:large, max-video-preview:-1\" \/>\n<link rel=\"canonical\" href=\"https:\/\/mybook.am\/?p=26500\" \/>\n<meta property=\"og:locale\" content=\"ru_RU\" \/>\n<meta property=\"og:type\" content=\"article\" \/>\n<meta property=\"og:title\" content=\"Dve\u0159e banketn\u00edho s\u00e1lu se otev\u0159ely a mu\u017e, kter\u00fd p\u0159ed deseti lety opustil svou \u017eenu a deset d\u011bt\u00ed, n\u00e1hle ztuhl na prahu. -\" \/>\n<meta property=\"og:description\" content=\"P\u0159ijel sem s nad\u011bj\u00ed, \u017ee dostane druhou \u0161anci a vr\u00e1t\u00ed se dom\u016f. Jen\u017ee m\u00edsto rodinn\u00e9 ve\u010de\u0159e ho \u010dekal ve\u010der, na kter\u00fd nikdy nezapomene.\" \/>\n<meta property=\"og:url\" content=\"https:\/\/mybook.am\/?p=26500\" \/>\n<meta property=\"article:published_time\" content=\"2026-03-12T07:06:12+00:00\" \/>\n<meta property=\"article:modified_time\" content=\"2026-03-12T07:06:16+00:00\" \/>\n<meta property=\"og:image\" content=\"https:\/\/mybook.am\/wp-content\/uploads\/2026\/03\/46548949465-1024x683.png\" \/>\n\t<meta property=\"og:image:width\" content=\"1024\" \/>\n\t<meta property=\"og:image:height\" content=\"683\" \/>\n\t<meta property=\"og:image:type\" content=\"image\/png\" \/>\n<meta name=\"author\" content=\"admin\" \/>\n<meta name=\"twitter:card\" content=\"summary_large_image\" \/>\n<meta name=\"twitter:label1\" content=\"\u041d\u0430\u043f\u0438\u0441\u0430\u043d\u043e \u0430\u0432\u0442\u043e\u0440\u043e\u043c\" \/>\n\t<meta name=\"twitter:data1\" content=\"admin\" \/>\n\t<meta name=\"twitter:label2\" content=\"\u041f\u0440\u0438\u043c\u0435\u0440\u043d\u043e\u0435 \u0432\u0440\u0435\u043c\u044f \u0434\u043b\u044f \u0447\u0442\u0435\u043d\u0438\u044f\" \/>\n\t<meta name=\"twitter:data2\" content=\"4 \u043c\u0438\u043d\u0443\u0442\u044b\" \/>\n<script type=\"application\/ld+json\" class=\"yoast-schema-graph\">{\"@context\":\"https:\\\/\\\/schema.org\",\"@graph\":[{\"@type\":\"Article\",\"@id\":\"https:\\\/\\\/mybook.am\\\/?p=26500#article\",\"isPartOf\":{\"@id\":\"https:\\\/\\\/mybook.am\\\/?p=26500\"},\"author\":{\"name\":\"admin\",\"@id\":\"https:\\\/\\\/mybook.am\\\/#\\\/schema\\\/person\\\/e730847942cff3a199774e803916e97e\"},\"headline\":\"Dve\u0159e banketn\u00edho s\u00e1lu se otev\u0159ely a mu\u017e, kter\u00fd p\u0159ed deseti lety opustil svou \u017eenu a deset d\u011bt\u00ed, n\u00e1hle ztuhl na prahu.\",\"datePublished\":\"2026-03-12T07:06:12+00:00\",\"dateModified\":\"2026-03-12T07:06:16+00:00\",\"mainEntityOfPage\":{\"@id\":\"https:\\\/\\\/mybook.am\\\/?p=26500\"},\"wordCount\":766,\"commentCount\":0,\"image\":{\"@id\":\"https:\\\/\\\/mybook.am\\\/?p=26500#primaryimage\"},\"thumbnailUrl\":\"https:\\\/\\\/mybook.am\\\/wp-content\\\/uploads\\\/2026\\\/03\\\/46548949465.png\",\"articleSection\":[\"\u010cesk\u00e1\"],\"inLanguage\":\"ru-RU\",\"potentialAction\":[{\"@type\":\"CommentAction\",\"name\":\"Comment\",\"target\":[\"https:\\\/\\\/mybook.am\\\/?p=26500#respond\"]}]},{\"@type\":\"WebPage\",\"@id\":\"https:\\\/\\\/mybook.am\\\/?p=26500\",\"url\":\"https:\\\/\\\/mybook.am\\\/?p=26500\",\"name\":\"Dve\u0159e banketn\u00edho s\u00e1lu se otev\u0159ely a mu\u017e, kter\u00fd p\u0159ed deseti lety opustil svou \u017eenu a deset d\u011bt\u00ed, n\u00e1hle ztuhl na prahu. -\",\"isPartOf\":{\"@id\":\"https:\\\/\\\/mybook.am\\\/#website\"},\"primaryImageOfPage\":{\"@id\":\"https:\\\/\\\/mybook.am\\\/?p=26500#primaryimage\"},\"image\":{\"@id\":\"https:\\\/\\\/mybook.am\\\/?p=26500#primaryimage\"},\"thumbnailUrl\":\"https:\\\/\\\/mybook.am\\\/wp-content\\\/uploads\\\/2026\\\/03\\\/46548949465.png\",\"datePublished\":\"2026-03-12T07:06:12+00:00\",\"dateModified\":\"2026-03-12T07:06:16+00:00\",\"author\":{\"@id\":\"https:\\\/\\\/mybook.am\\\/#\\\/schema\\\/person\\\/e730847942cff3a199774e803916e97e\"},\"breadcrumb\":{\"@id\":\"https:\\\/\\\/mybook.am\\\/?p=26500#breadcrumb\"},\"inLanguage\":\"ru-RU\",\"potentialAction\":[{\"@type\":\"ReadAction\",\"target\":[\"https:\\\/\\\/mybook.am\\\/?p=26500\"]}]},{\"@type\":\"ImageObject\",\"inLanguage\":\"ru-RU\",\"@id\":\"https:\\\/\\\/mybook.am\\\/?p=26500#primaryimage\",\"url\":\"https:\\\/\\\/mybook.am\\\/wp-content\\\/uploads\\\/2026\\\/03\\\/46548949465.png\",\"contentUrl\":\"https:\\\/\\\/mybook.am\\\/wp-content\\\/uploads\\\/2026\\\/03\\\/46548949465.png\",\"width\":1536,\"height\":1024},{\"@type\":\"BreadcrumbList\",\"@id\":\"https:\\\/\\\/mybook.am\\\/?p=26500#breadcrumb\",\"itemListElement\":[{\"@type\":\"ListItem\",\"position\":1,\"name\":\"\u0413\u043b\u0430\u0432\u043d\u0430\u044f \u0441\u0442\u0440\u0430\u043d\u0438\u0446\u0430\",\"item\":\"https:\\\/\\\/mybook.am\\\/\"},{\"@type\":\"ListItem\",\"position\":2,\"name\":\"Dve\u0159e banketn\u00edho s\u00e1lu se otev\u0159ely a mu\u017e, kter\u00fd p\u0159ed deseti lety opustil svou \u017eenu a deset d\u011bt\u00ed, n\u00e1hle ztuhl na prahu.\"}]},{\"@type\":\"WebSite\",\"@id\":\"https:\\\/\\\/mybook.am\\\/#website\",\"url\":\"https:\\\/\\\/mybook.am\\\/\",\"name\":\"\",\"description\":\"\",\"potentialAction\":[{\"@type\":\"SearchAction\",\"target\":{\"@type\":\"EntryPoint\",\"urlTemplate\":\"https:\\\/\\\/mybook.am\\\/?s={search_term_string}\"},\"query-input\":{\"@type\":\"PropertyValueSpecification\",\"valueRequired\":true,\"valueName\":\"search_term_string\"}}],\"inLanguage\":\"ru-RU\"},{\"@type\":\"Person\",\"@id\":\"https:\\\/\\\/mybook.am\\\/#\\\/schema\\\/person\\\/e730847942cff3a199774e803916e97e\",\"name\":\"admin\",\"image\":{\"@type\":\"ImageObject\",\"inLanguage\":\"ru-RU\",\"@id\":\"https:\\\/\\\/secure.gravatar.com\\\/avatar\\\/df64e550a0653b7be0f1bcf897f33faad9c2c8153472b2d9319beafb51370f6f?s=96&d=mm&r=g\",\"url\":\"https:\\\/\\\/secure.gravatar.com\\\/avatar\\\/df64e550a0653b7be0f1bcf897f33faad9c2c8153472b2d9319beafb51370f6f?s=96&d=mm&r=g\",\"contentUrl\":\"https:\\\/\\\/secure.gravatar.com\\\/avatar\\\/df64e550a0653b7be0f1bcf897f33faad9c2c8153472b2d9319beafb51370f6f?s=96&d=mm&r=g\",\"caption\":\"admin\"},\"sameAs\":[\"http:\\\/\\\/mybook.am\"],\"url\":\"https:\\\/\\\/mybook.am\\\/?author=1\"}]}<\/script>\n<!-- \/ Yoast SEO plugin. -->","yoast_head_json":{"title":"Dve\u0159e banketn\u00edho s\u00e1lu se otev\u0159ely a mu\u017e, kter\u00fd p\u0159ed deseti lety opustil svou \u017eenu a deset d\u011bt\u00ed, n\u00e1hle ztuhl na prahu. -","robots":{"index":"index","follow":"follow","max-snippet":"max-snippet:-1","max-image-preview":"max-image-preview:large","max-video-preview":"max-video-preview:-1"},"canonical":"https:\/\/mybook.am\/?p=26500","og_locale":"ru_RU","og_type":"article","og_title":"Dve\u0159e banketn\u00edho s\u00e1lu se otev\u0159ely a mu\u017e, kter\u00fd p\u0159ed deseti lety opustil svou \u017eenu a deset d\u011bt\u00ed, n\u00e1hle ztuhl na prahu. -","og_description":"P\u0159ijel sem s nad\u011bj\u00ed, \u017ee dostane druhou \u0161anci a vr\u00e1t\u00ed se dom\u016f. Jen\u017ee m\u00edsto rodinn\u00e9 ve\u010de\u0159e ho \u010dekal ve\u010der, na kter\u00fd nikdy nezapomene.","og_url":"https:\/\/mybook.am\/?p=26500","article_published_time":"2026-03-12T07:06:12+00:00","article_modified_time":"2026-03-12T07:06:16+00:00","og_image":[{"width":1024,"height":683,"url":"https:\/\/mybook.am\/wp-content\/uploads\/2026\/03\/46548949465-1024x683.png","type":"image\/png"}],"author":"admin","twitter_card":"summary_large_image","twitter_misc":{"\u041d\u0430\u043f\u0438\u0441\u0430\u043d\u043e \u0430\u0432\u0442\u043e\u0440\u043e\u043c":"admin","\u041f\u0440\u0438\u043c\u0435\u0440\u043d\u043e\u0435 \u0432\u0440\u0435\u043c\u044f \u0434\u043b\u044f \u0447\u0442\u0435\u043d\u0438\u044f":"4 \u043c\u0438\u043d\u0443\u0442\u044b"},"schema":{"@context":"https:\/\/schema.org","@graph":[{"@type":"Article","@id":"https:\/\/mybook.am\/?p=26500#article","isPartOf":{"@id":"https:\/\/mybook.am\/?p=26500"},"author":{"name":"admin","@id":"https:\/\/mybook.am\/#\/schema\/person\/e730847942cff3a199774e803916e97e"},"headline":"Dve\u0159e banketn\u00edho s\u00e1lu se otev\u0159ely a mu\u017e, kter\u00fd p\u0159ed deseti lety opustil svou \u017eenu a deset d\u011bt\u00ed, n\u00e1hle ztuhl na prahu.","datePublished":"2026-03-12T07:06:12+00:00","dateModified":"2026-03-12T07:06:16+00:00","mainEntityOfPage":{"@id":"https:\/\/mybook.am\/?p=26500"},"wordCount":766,"commentCount":0,"image":{"@id":"https:\/\/mybook.am\/?p=26500#primaryimage"},"thumbnailUrl":"https:\/\/mybook.am\/wp-content\/uploads\/2026\/03\/46548949465.png","articleSection":["\u010cesk\u00e1"],"inLanguage":"ru-RU","potentialAction":[{"@type":"CommentAction","name":"Comment","target":["https:\/\/mybook.am\/?p=26500#respond"]}]},{"@type":"WebPage","@id":"https:\/\/mybook.am\/?p=26500","url":"https:\/\/mybook.am\/?p=26500","name":"Dve\u0159e banketn\u00edho s\u00e1lu se otev\u0159ely a mu\u017e, kter\u00fd p\u0159ed deseti lety opustil svou \u017eenu a deset d\u011bt\u00ed, n\u00e1hle ztuhl na prahu. -","isPartOf":{"@id":"https:\/\/mybook.am\/#website"},"primaryImageOfPage":{"@id":"https:\/\/mybook.am\/?p=26500#primaryimage"},"image":{"@id":"https:\/\/mybook.am\/?p=26500#primaryimage"},"thumbnailUrl":"https:\/\/mybook.am\/wp-content\/uploads\/2026\/03\/46548949465.png","datePublished":"2026-03-12T07:06:12+00:00","dateModified":"2026-03-12T07:06:16+00:00","author":{"@id":"https:\/\/mybook.am\/#\/schema\/person\/e730847942cff3a199774e803916e97e"},"breadcrumb":{"@id":"https:\/\/mybook.am\/?p=26500#breadcrumb"},"inLanguage":"ru-RU","potentialAction":[{"@type":"ReadAction","target":["https:\/\/mybook.am\/?p=26500"]}]},{"@type":"ImageObject","inLanguage":"ru-RU","@id":"https:\/\/mybook.am\/?p=26500#primaryimage","url":"https:\/\/mybook.am\/wp-content\/uploads\/2026\/03\/46548949465.png","contentUrl":"https:\/\/mybook.am\/wp-content\/uploads\/2026\/03\/46548949465.png","width":1536,"height":1024},{"@type":"BreadcrumbList","@id":"https:\/\/mybook.am\/?p=26500#breadcrumb","itemListElement":[{"@type":"ListItem","position":1,"name":"\u0413\u043b\u0430\u0432\u043d\u0430\u044f \u0441\u0442\u0440\u0430\u043d\u0438\u0446\u0430","item":"https:\/\/mybook.am\/"},{"@type":"ListItem","position":2,"name":"Dve\u0159e banketn\u00edho s\u00e1lu se otev\u0159ely a mu\u017e, kter\u00fd p\u0159ed deseti lety opustil svou \u017eenu a deset d\u011bt\u00ed, n\u00e1hle ztuhl na prahu."}]},{"@type":"WebSite","@id":"https:\/\/mybook.am\/#website","url":"https:\/\/mybook.am\/","name":"","description":"","potentialAction":[{"@type":"SearchAction","target":{"@type":"EntryPoint","urlTemplate":"https:\/\/mybook.am\/?s={search_term_string}"},"query-input":{"@type":"PropertyValueSpecification","valueRequired":true,"valueName":"search_term_string"}}],"inLanguage":"ru-RU"},{"@type":"Person","@id":"https:\/\/mybook.am\/#\/schema\/person\/e730847942cff3a199774e803916e97e","name":"admin","image":{"@type":"ImageObject","inLanguage":"ru-RU","@id":"https:\/\/secure.gravatar.com\/avatar\/df64e550a0653b7be0f1bcf897f33faad9c2c8153472b2d9319beafb51370f6f?s=96&d=mm&r=g","url":"https:\/\/secure.gravatar.com\/avatar\/df64e550a0653b7be0f1bcf897f33faad9c2c8153472b2d9319beafb51370f6f?s=96&d=mm&r=g","contentUrl":"https:\/\/secure.gravatar.com\/avatar\/df64e550a0653b7be0f1bcf897f33faad9c2c8153472b2d9319beafb51370f6f?s=96&d=mm&r=g","caption":"admin"},"sameAs":["http:\/\/mybook.am"],"url":"https:\/\/mybook.am\/?author=1"}]}},"views":110,"_links":{"self":[{"href":"https:\/\/mybook.am\/index.php?rest_route=\/wp\/v2\/posts\/26500","targetHints":{"allow":["GET"]}}],"collection":[{"href":"https:\/\/mybook.am\/index.php?rest_route=\/wp\/v2\/posts"}],"about":[{"href":"https:\/\/mybook.am\/index.php?rest_route=\/wp\/v2\/types\/post"}],"author":[{"embeddable":true,"href":"https:\/\/mybook.am\/index.php?rest_route=\/wp\/v2\/users\/1"}],"replies":[{"embeddable":true,"href":"https:\/\/mybook.am\/index.php?rest_route=%2Fwp%2Fv2%2Fcomments&post=26500"}],"version-history":[{"count":1,"href":"https:\/\/mybook.am\/index.php?rest_route=\/wp\/v2\/posts\/26500\/revisions"}],"predecessor-version":[{"id":26503,"href":"https:\/\/mybook.am\/index.php?rest_route=\/wp\/v2\/posts\/26500\/revisions\/26503"}],"wp:featuredmedia":[{"embeddable":true,"href":"https:\/\/mybook.am\/index.php?rest_route=\/wp\/v2\/media\/26502"}],"wp:attachment":[{"href":"https:\/\/mybook.am\/index.php?rest_route=%2Fwp%2Fv2%2Fmedia&parent=26500"}],"wp:term":[{"taxonomy":"category","embeddable":true,"href":"https:\/\/mybook.am\/index.php?rest_route=%2Fwp%2Fv2%2Fcategories&post=26500"},{"taxonomy":"post_tag","embeddable":true,"href":"https:\/\/mybook.am\/index.php?rest_route=%2Fwp%2Fv2%2Ftags&post=26500"}],"curies":[{"name":"wp","href":"https:\/\/api.w.org\/{rel}","templated":true}]}}