{"id":26511,"date":"2026-03-12T16:49:41","date_gmt":"2026-03-12T13:49:41","guid":{"rendered":"https:\/\/mybook.am\/?p=26511"},"modified":"2026-03-12T16:49:43","modified_gmt":"2026-03-12T13:49:43","slug":"lekari-tehdy-vyslovili-vetu-ktera-zni-jako-rozsudek-aby-ji-zachranili-musi-ji-amputovat-obe-ruce-i-obe-nohy","status":"publish","type":"post","link":"https:\/\/mybook.am\/?p=26511","title":{"rendered":"L\u00e9ka\u0159i tehdy vyslovili v\u011btu, kter\u00e1 zn\u00ed jako rozsudek: aby ji zachr\u00e1nili, mus\u00ed j\u00ed amputovat ob\u011b ruce i ob\u011b nohy."},"content":{"rendered":"\n<p>Mlad\u00e1 \u017eena bojovala o \u017eivot pot\u00e9, co jej\u00ed t\u011blo napadl agresivn\u00ed sepse. Infekce se \u0161\u00ed\u0159ila tak rychle, \u017ee b\u011bhem n\u011bkolika hodin se rozhodovalo o tom, zda p\u0159e\u017eije. To, co n\u00e1sledovalo, \u0161okovalo i zku\u0161en\u00e9 zdravotn\u00edky.<\/p>\n\n\n\n<figure class=\"wp-block-image size-large is-resized\"><img loading=\"lazy\" decoding=\"async\" width=\"1024\" height=\"683\" src=\"https:\/\/mybook.am\/wp-content\/uploads\/2026\/03\/4698465-1024x683.png\" alt=\"\" class=\"wp-image-26512\" style=\"width:727px;height:auto\" srcset=\"https:\/\/mybook.am\/wp-content\/uploads\/2026\/03\/4698465-1024x683.png 1024w, https:\/\/mybook.am\/wp-content\/uploads\/2026\/03\/4698465-300x200.png 300w, https:\/\/mybook.am\/wp-content\/uploads\/2026\/03\/4698465-768x512.png 768w, https:\/\/mybook.am\/wp-content\/uploads\/2026\/03\/4698465.png 1536w\" sizes=\"auto, (max-width: 1024px) 100vw, 1024px\" \/><\/figure>\n\n\n\n<p>V\u0161echno za\u010dalo nen\u00e1padn\u011b. Vysok\u00e1 hore\u010dka, slabost, prudk\u00e9 zhor\u0161en\u00ed zdravotn\u00edho stavu. Rodina si nejd\u0159\u00edv myslela, \u017ee jde o silnou ch\u0159ipku. Jen\u017ee v nemocnici p\u0159i\u0161ly prvn\u00ed alarmuj\u00edc\u00ed v\u00fdsledky. Bakterie u\u017e napadly krev a org\u00e1ny za\u010daly selh\u00e1vat.<\/p>\n\n\n\n<p>Sepse postupovala tak rychle, \u017ee l\u00e9ka\u0159i museli jednat okam\u017eit\u011b.<\/p>\n\n\n\n<p>Aby zastavili \u0161\u00ed\u0159en\u00ed infekce, padlo drastick\u00e9 rozhodnut\u00ed. Jedin\u00fd zp\u016fsob, jak j\u00ed zachr\u00e1nit \u017eivot, byla amputace v\u0161ech kon\u010detin. Operace trvala dlouh\u00e9 hodiny. Kdy\u017e skon\u010dila, jej\u00ed \u017eivot byl zachr\u00e1n\u011bn \u2013 ale jej\u00ed t\u011blo u\u017e nikdy nebude stejn\u00e9.<\/p>\n\n\n\n<p>Po probuzen\u00ed z nark\u00f3zy p\u0159i\u0161la realita.<\/p>\n\n\n\n<p>Nemohla pohnout rukama. Nemohla vst\u00e1t. Nemohla obejmout sv\u00e9 bl\u00edzk\u00e9. Pocit bezmoci byl tak siln\u00fd, \u017ee sama pozd\u011bji p\u0159iznala, \u017ee prvn\u00ed t\u00fddny byly psychicky je\u0161t\u011b hor\u0161\u00ed ne\u017e samotn\u00e1 operace.<\/p>\n\n\n\n<p>Rehabilitace byla nekone\u010dn\u00fd boj. Ka\u017ed\u00fd mal\u00fd pokrok znamenal obrovsk\u00e9 \u00fasil\u00ed. Nau\u010dit se znovu sed\u011bt, dr\u017eet rovnov\u00e1hu nebo pou\u017e\u00edvat speci\u00e1ln\u00ed pom\u016fcky \u2013 to v\u0161echno trvalo m\u011bs\u00edce.<\/p>\n\n\n\n<p>Ale existoval je\u0161t\u011b jeden strach, kter\u00fd ji pron\u00e1sledoval.<\/p>\n\n\n\n<p>B\u00e1la se, \u017ee u\u017e nikdy nenajde l\u00e1sku.<\/p>\n\n\n\n<p>\u201eKdo by cht\u011bl \u017e\u00edt s \u010dlov\u011bkem, kter\u00fd nem\u00e1 ruce ani nohy?\u201c \u0159\u00edkala tehdy sv\u00fdm p\u0159\u00e1tel\u016fm. V\u011b\u0159ila, \u017ee jej\u00ed budoucnost bude jen samota a ticho.<\/p>\n\n\n\n<p>Jen\u017ee \u017eivot n\u011bkdy p\u00ed\u0161e p\u0159\u00edb\u011bhy, kter\u00e9 nikdo ne\u010dek\u00e1.<\/p>\n\n\n\n<p>P\u0159esn\u011b rok po trag\u00e9dii se v jej\u00edm \u017eivot\u011b objevil mu\u017e, kter\u00fd zm\u011bnil v\u0161echno. Sezn\u00e1mili se n\u00e1hodou \u2013 oby\u010dejn\u00fd rozhovor, p\u00e1r v\u011bt, kter\u00e9 postupn\u011b p\u0159erostly v p\u0159\u00e1telstv\u00ed.<\/p>\n\n\n\n<p>A pak p\u0159i\u0161lo n\u011bco v\u00edc.<\/p>\n\n\n\n<p>Pro n\u011bj nebyla symbolem ne\u0161t\u011bst\u00ed. Vid\u011bl v n\u00ed s\u00edlu, odvahu a obrovskou chu\u0165 \u017e\u00edt. Lid\u00e9 kolem nech\u00e1pali, jak m\u016f\u017ee takov\u00fd vztah fungovat. N\u011bkte\u0159\u00ed dokonce pochybovali, \u017ee vydr\u017e\u00ed.<\/p>\n\n\n\n<p>On ale o sv\u00e9 l\u00e1sce nikdy nepochyboval.<\/p>\n\n\n\n<p>Jednoho dne poklekl a po\u017e\u00e1dal ji o ruku.<\/p>\n\n\n\n<p>Svatba vyvolala obrovskou vlnu emoc\u00ed. Fotografie nev\u011bsty, kter\u00e1 i p\u0159es sv\u016fj osud z\u00e1\u0159ila \u0161t\u011bst\u00edm, se rychle roz\u0161\u00ed\u0159ily po internetu. Lid\u00e9 psali, \u017ee tak siln\u00fd p\u0159\u00edb\u011bh u\u017e dlouho nevid\u011bli.<\/p>\n\n\n\n<p>Jen\u017ee nejv\u011bt\u0161\u00ed p\u0159ekvapen\u00ed p\u0159i\u0161lo pozd\u011bji.<\/p>\n\n\n\n<p>\u017dena, kter\u00e9 kdysi l\u00e9ka\u0159i zachr\u00e1nili \u017eivot amputac\u00ed v\u0161ech kon\u010detin, se stala matkou.<\/p>\n\n\n\n<p>T\u011bhotenstv\u00ed bylo velmi rizikov\u00e9 a l\u00e9ka\u0159i sledovali ka\u017ed\u00fd detail. Mnoz\u00ed pochybovali, zda to v\u016fbec bude mo\u017en\u00e9. P\u0159esto se stal z\u00e1zrak \u2013 narodilo se zdrav\u00e9 d\u00edt\u011b.<\/p>\n\n\n\n<p>Dnes \u017eije \u00fapln\u011b jin\u00fd \u017eivot ne\u017e v den, kdy se probudila po operaci.<\/p>\n\n\n\n<p>Pou\u017e\u00edv\u00e1 modern\u00ed prot\u00e9zy, vystupuje na ve\u0159ejnosti a inspiruje tis\u00edce lid\u00ed, kte\u0159\u00ed proch\u00e1zej\u00ed t\u011b\u017ek\u00fdmi \u017eivotn\u00edmi zkou\u0161kami. Jej\u00ed p\u0159\u00edb\u011bh se stal symbolem toho, \u017ee lidsk\u00e1 v\u016fle m\u016f\u017ee p\u0159ekonat i ty nejtemn\u011bj\u0161\u00ed okam\u017eiky.<\/p>\n\n\n\n<p>A kdy\u017e se j\u00ed n\u011bkdo zept\u00e1, co j\u00ed d\u00e1v\u00e1 s\u00edlu pokra\u010dovat, odpov\u011b\u010f je jednoduch\u00e1.<\/p>\n\n\n\n<p>Rodina.<\/p>\n\n\n\n<p>Man\u017eel, d\u011bti a v\u011bdom\u00ed, \u017ee i po nejv\u011bt\u0161\u00ed trag\u00e9dii m\u016f\u017ee p\u0159ij\u00edt nov\u00fd za\u010d\u00e1tek. Pr\u00e1v\u011b proto dnes mnoho lid\u00ed \u0159\u00edk\u00e1, \u017ee jej\u00ed \u017eivotn\u00ed p\u0159\u00edb\u011bh nen\u00ed jen o p\u0159e\u017eit\u00ed \u2013 je o neuv\u011b\u0159iteln\u00e9 s\u00edle \u010dlov\u011bka znovu postavit sv\u016fj sv\u011bt od nuly.<\/p>\n","protected":false},"excerpt":{"rendered":"Mlad\u00e1 \u017eena bojovala o \u017eivot pot\u00e9, co jej\u00ed t\u011blo napadl agresivn\u00ed sepse. Infekce se \u0161\u00ed\u0159ila tak rychle, \u017ee b\u011bhem n\u011bkolika hodin se rozhodovalo \n<a class=\"moretag\" href=\"https:\/\/mybook.am\/?p=26511\"> [...]<\/a>","protected":false},"author":1,"featured_media":26512,"comment_status":"open","ping_status":"open","sticky":false,"template":"","format":"standard","meta":{"footnotes":""},"categories":[1],"tags":[],"class_list":["post-26511","post","type-post","status-publish","format-standard","has-post-thumbnail","hentry","category-ceska"],"yoast_head":"<!-- This site is optimized with the Yoast SEO plugin v27.4 - https:\/\/yoast.com\/product\/yoast-seo-wordpress\/ -->\n<title>L\u00e9ka\u0159i tehdy vyslovili v\u011btu, kter\u00e1 zn\u00ed jako rozsudek: aby ji zachr\u00e1nili, mus\u00ed j\u00ed amputovat ob\u011b ruce i ob\u011b nohy. -<\/title>\n<meta name=\"robots\" content=\"index, follow, max-snippet:-1, max-image-preview:large, max-video-preview:-1\" \/>\n<link rel=\"canonical\" href=\"https:\/\/mybook.am\/?p=26511\" \/>\n<meta property=\"og:locale\" content=\"ru_RU\" \/>\n<meta property=\"og:type\" content=\"article\" \/>\n<meta property=\"og:title\" content=\"L\u00e9ka\u0159i tehdy vyslovili v\u011btu, kter\u00e1 zn\u00ed jako rozsudek: aby ji zachr\u00e1nili, mus\u00ed j\u00ed amputovat ob\u011b ruce i ob\u011b nohy. -\" \/>\n<meta property=\"og:description\" content=\"Mlad\u00e1 \u017eena bojovala o \u017eivot pot\u00e9, co jej\u00ed t\u011blo napadl agresivn\u00ed sepse. Infekce se \u0161\u00ed\u0159ila tak rychle, \u017ee b\u011bhem n\u011bkolika hodin se rozhodovalo\" \/>\n<meta property=\"og:url\" content=\"https:\/\/mybook.am\/?p=26511\" \/>\n<meta property=\"article:published_time\" content=\"2026-03-12T13:49:41+00:00\" \/>\n<meta property=\"article:modified_time\" content=\"2026-03-12T13:49:43+00:00\" \/>\n<meta property=\"og:image\" content=\"https:\/\/mybook.am\/wp-content\/uploads\/2026\/03\/4698465-1024x683.png\" \/>\n\t<meta property=\"og:image:width\" content=\"1024\" \/>\n\t<meta property=\"og:image:height\" content=\"683\" \/>\n\t<meta property=\"og:image:type\" content=\"image\/png\" \/>\n<meta name=\"author\" content=\"admin\" \/>\n<meta name=\"twitter:card\" content=\"summary_large_image\" \/>\n<meta name=\"twitter:label1\" content=\"\u041d\u0430\u043f\u0438\u0441\u0430\u043d\u043e \u0430\u0432\u0442\u043e\u0440\u043e\u043c\" \/>\n\t<meta name=\"twitter:data1\" content=\"admin\" \/>\n\t<meta name=\"twitter:label2\" content=\"\u041f\u0440\u0438\u043c\u0435\u0440\u043d\u043e\u0435 \u0432\u0440\u0435\u043c\u044f \u0434\u043b\u044f \u0447\u0442\u0435\u043d\u0438\u044f\" \/>\n\t<meta name=\"twitter:data2\" content=\"3 \u043c\u0438\u043d\u0443\u0442\u044b\" \/>\n<script type=\"application\/ld+json\" class=\"yoast-schema-graph\">{\"@context\":\"https:\\\/\\\/schema.org\",\"@graph\":[{\"@type\":\"Article\",\"@id\":\"https:\\\/\\\/mybook.am\\\/?p=26511#article\",\"isPartOf\":{\"@id\":\"https:\\\/\\\/mybook.am\\\/?p=26511\"},\"author\":{\"name\":\"admin\",\"@id\":\"https:\\\/\\\/mybook.am\\\/#\\\/schema\\\/person\\\/e730847942cff3a199774e803916e97e\"},\"headline\":\"L\u00e9ka\u0159i tehdy vyslovili v\u011btu, kter\u00e1 zn\u00ed jako rozsudek: aby ji zachr\u00e1nili, mus\u00ed j\u00ed amputovat ob\u011b ruce i ob\u011b nohy.\",\"datePublished\":\"2026-03-12T13:49:41+00:00\",\"dateModified\":\"2026-03-12T13:49:43+00:00\",\"mainEntityOfPage\":{\"@id\":\"https:\\\/\\\/mybook.am\\\/?p=26511\"},\"wordCount\":643,\"commentCount\":0,\"image\":{\"@id\":\"https:\\\/\\\/mybook.am\\\/?p=26511#primaryimage\"},\"thumbnailUrl\":\"https:\\\/\\\/mybook.am\\\/wp-content\\\/uploads\\\/2026\\\/03\\\/4698465.png\",\"articleSection\":[\"\u010cesk\u00e1\"],\"inLanguage\":\"ru-RU\",\"potentialAction\":[{\"@type\":\"CommentAction\",\"name\":\"Comment\",\"target\":[\"https:\\\/\\\/mybook.am\\\/?p=26511#respond\"]}]},{\"@type\":\"WebPage\",\"@id\":\"https:\\\/\\\/mybook.am\\\/?p=26511\",\"url\":\"https:\\\/\\\/mybook.am\\\/?p=26511\",\"name\":\"L\u00e9ka\u0159i tehdy vyslovili v\u011btu, kter\u00e1 zn\u00ed jako rozsudek: aby ji zachr\u00e1nili, mus\u00ed j\u00ed amputovat ob\u011b ruce i ob\u011b nohy. -\",\"isPartOf\":{\"@id\":\"https:\\\/\\\/mybook.am\\\/#website\"},\"primaryImageOfPage\":{\"@id\":\"https:\\\/\\\/mybook.am\\\/?p=26511#primaryimage\"},\"image\":{\"@id\":\"https:\\\/\\\/mybook.am\\\/?p=26511#primaryimage\"},\"thumbnailUrl\":\"https:\\\/\\\/mybook.am\\\/wp-content\\\/uploads\\\/2026\\\/03\\\/4698465.png\",\"datePublished\":\"2026-03-12T13:49:41+00:00\",\"dateModified\":\"2026-03-12T13:49:43+00:00\",\"author\":{\"@id\":\"https:\\\/\\\/mybook.am\\\/#\\\/schema\\\/person\\\/e730847942cff3a199774e803916e97e\"},\"breadcrumb\":{\"@id\":\"https:\\\/\\\/mybook.am\\\/?p=26511#breadcrumb\"},\"inLanguage\":\"ru-RU\",\"potentialAction\":[{\"@type\":\"ReadAction\",\"target\":[\"https:\\\/\\\/mybook.am\\\/?p=26511\"]}]},{\"@type\":\"ImageObject\",\"inLanguage\":\"ru-RU\",\"@id\":\"https:\\\/\\\/mybook.am\\\/?p=26511#primaryimage\",\"url\":\"https:\\\/\\\/mybook.am\\\/wp-content\\\/uploads\\\/2026\\\/03\\\/4698465.png\",\"contentUrl\":\"https:\\\/\\\/mybook.am\\\/wp-content\\\/uploads\\\/2026\\\/03\\\/4698465.png\",\"width\":1536,\"height\":1024},{\"@type\":\"BreadcrumbList\",\"@id\":\"https:\\\/\\\/mybook.am\\\/?p=26511#breadcrumb\",\"itemListElement\":[{\"@type\":\"ListItem\",\"position\":1,\"name\":\"\u0413\u043b\u0430\u0432\u043d\u0430\u044f \u0441\u0442\u0440\u0430\u043d\u0438\u0446\u0430\",\"item\":\"https:\\\/\\\/mybook.am\\\/\"},{\"@type\":\"ListItem\",\"position\":2,\"name\":\"L\u00e9ka\u0159i tehdy vyslovili v\u011btu, kter\u00e1 zn\u00ed jako rozsudek: aby ji zachr\u00e1nili, mus\u00ed j\u00ed amputovat ob\u011b ruce i ob\u011b nohy.\"}]},{\"@type\":\"WebSite\",\"@id\":\"https:\\\/\\\/mybook.am\\\/#website\",\"url\":\"https:\\\/\\\/mybook.am\\\/\",\"name\":\"\",\"description\":\"\",\"potentialAction\":[{\"@type\":\"SearchAction\",\"target\":{\"@type\":\"EntryPoint\",\"urlTemplate\":\"https:\\\/\\\/mybook.am\\\/?s={search_term_string}\"},\"query-input\":{\"@type\":\"PropertyValueSpecification\",\"valueRequired\":true,\"valueName\":\"search_term_string\"}}],\"inLanguage\":\"ru-RU\"},{\"@type\":\"Person\",\"@id\":\"https:\\\/\\\/mybook.am\\\/#\\\/schema\\\/person\\\/e730847942cff3a199774e803916e97e\",\"name\":\"admin\",\"image\":{\"@type\":\"ImageObject\",\"inLanguage\":\"ru-RU\",\"@id\":\"https:\\\/\\\/secure.gravatar.com\\\/avatar\\\/df64e550a0653b7be0f1bcf897f33faad9c2c8153472b2d9319beafb51370f6f?s=96&d=mm&r=g\",\"url\":\"https:\\\/\\\/secure.gravatar.com\\\/avatar\\\/df64e550a0653b7be0f1bcf897f33faad9c2c8153472b2d9319beafb51370f6f?s=96&d=mm&r=g\",\"contentUrl\":\"https:\\\/\\\/secure.gravatar.com\\\/avatar\\\/df64e550a0653b7be0f1bcf897f33faad9c2c8153472b2d9319beafb51370f6f?s=96&d=mm&r=g\",\"caption\":\"admin\"},\"sameAs\":[\"http:\\\/\\\/mybook.am\"],\"url\":\"https:\\\/\\\/mybook.am\\\/?author=1\"}]}<\/script>\n<!-- \/ Yoast SEO plugin. -->","yoast_head_json":{"title":"L\u00e9ka\u0159i tehdy vyslovili v\u011btu, kter\u00e1 zn\u00ed jako rozsudek: aby ji zachr\u00e1nili, mus\u00ed j\u00ed amputovat ob\u011b ruce i ob\u011b nohy. -","robots":{"index":"index","follow":"follow","max-snippet":"max-snippet:-1","max-image-preview":"max-image-preview:large","max-video-preview":"max-video-preview:-1"},"canonical":"https:\/\/mybook.am\/?p=26511","og_locale":"ru_RU","og_type":"article","og_title":"L\u00e9ka\u0159i tehdy vyslovili v\u011btu, kter\u00e1 zn\u00ed jako rozsudek: aby ji zachr\u00e1nili, mus\u00ed j\u00ed amputovat ob\u011b ruce i ob\u011b nohy. -","og_description":"Mlad\u00e1 \u017eena bojovala o \u017eivot pot\u00e9, co jej\u00ed t\u011blo napadl agresivn\u00ed sepse. Infekce se \u0161\u00ed\u0159ila tak rychle, \u017ee b\u011bhem n\u011bkolika hodin se rozhodovalo","og_url":"https:\/\/mybook.am\/?p=26511","article_published_time":"2026-03-12T13:49:41+00:00","article_modified_time":"2026-03-12T13:49:43+00:00","og_image":[{"width":1024,"height":683,"url":"https:\/\/mybook.am\/wp-content\/uploads\/2026\/03\/4698465-1024x683.png","type":"image\/png"}],"author":"admin","twitter_card":"summary_large_image","twitter_misc":{"\u041d\u0430\u043f\u0438\u0441\u0430\u043d\u043e \u0430\u0432\u0442\u043e\u0440\u043e\u043c":"admin","\u041f\u0440\u0438\u043c\u0435\u0440\u043d\u043e\u0435 \u0432\u0440\u0435\u043c\u044f \u0434\u043b\u044f \u0447\u0442\u0435\u043d\u0438\u044f":"3 \u043c\u0438\u043d\u0443\u0442\u044b"},"schema":{"@context":"https:\/\/schema.org","@graph":[{"@type":"Article","@id":"https:\/\/mybook.am\/?p=26511#article","isPartOf":{"@id":"https:\/\/mybook.am\/?p=26511"},"author":{"name":"admin","@id":"https:\/\/mybook.am\/#\/schema\/person\/e730847942cff3a199774e803916e97e"},"headline":"L\u00e9ka\u0159i tehdy vyslovili v\u011btu, kter\u00e1 zn\u00ed jako rozsudek: aby ji zachr\u00e1nili, mus\u00ed j\u00ed amputovat ob\u011b ruce i ob\u011b nohy.","datePublished":"2026-03-12T13:49:41+00:00","dateModified":"2026-03-12T13:49:43+00:00","mainEntityOfPage":{"@id":"https:\/\/mybook.am\/?p=26511"},"wordCount":643,"commentCount":0,"image":{"@id":"https:\/\/mybook.am\/?p=26511#primaryimage"},"thumbnailUrl":"https:\/\/mybook.am\/wp-content\/uploads\/2026\/03\/4698465.png","articleSection":["\u010cesk\u00e1"],"inLanguage":"ru-RU","potentialAction":[{"@type":"CommentAction","name":"Comment","target":["https:\/\/mybook.am\/?p=26511#respond"]}]},{"@type":"WebPage","@id":"https:\/\/mybook.am\/?p=26511","url":"https:\/\/mybook.am\/?p=26511","name":"L\u00e9ka\u0159i tehdy vyslovili v\u011btu, kter\u00e1 zn\u00ed jako rozsudek: aby ji zachr\u00e1nili, mus\u00ed j\u00ed amputovat ob\u011b ruce i ob\u011b nohy. -","isPartOf":{"@id":"https:\/\/mybook.am\/#website"},"primaryImageOfPage":{"@id":"https:\/\/mybook.am\/?p=26511#primaryimage"},"image":{"@id":"https:\/\/mybook.am\/?p=26511#primaryimage"},"thumbnailUrl":"https:\/\/mybook.am\/wp-content\/uploads\/2026\/03\/4698465.png","datePublished":"2026-03-12T13:49:41+00:00","dateModified":"2026-03-12T13:49:43+00:00","author":{"@id":"https:\/\/mybook.am\/#\/schema\/person\/e730847942cff3a199774e803916e97e"},"breadcrumb":{"@id":"https:\/\/mybook.am\/?p=26511#breadcrumb"},"inLanguage":"ru-RU","potentialAction":[{"@type":"ReadAction","target":["https:\/\/mybook.am\/?p=26511"]}]},{"@type":"ImageObject","inLanguage":"ru-RU","@id":"https:\/\/mybook.am\/?p=26511#primaryimage","url":"https:\/\/mybook.am\/wp-content\/uploads\/2026\/03\/4698465.png","contentUrl":"https:\/\/mybook.am\/wp-content\/uploads\/2026\/03\/4698465.png","width":1536,"height":1024},{"@type":"BreadcrumbList","@id":"https:\/\/mybook.am\/?p=26511#breadcrumb","itemListElement":[{"@type":"ListItem","position":1,"name":"\u0413\u043b\u0430\u0432\u043d\u0430\u044f \u0441\u0442\u0440\u0430\u043d\u0438\u0446\u0430","item":"https:\/\/mybook.am\/"},{"@type":"ListItem","position":2,"name":"L\u00e9ka\u0159i tehdy vyslovili v\u011btu, kter\u00e1 zn\u00ed jako rozsudek: aby ji zachr\u00e1nili, mus\u00ed j\u00ed amputovat ob\u011b ruce i ob\u011b nohy."}]},{"@type":"WebSite","@id":"https:\/\/mybook.am\/#website","url":"https:\/\/mybook.am\/","name":"","description":"","potentialAction":[{"@type":"SearchAction","target":{"@type":"EntryPoint","urlTemplate":"https:\/\/mybook.am\/?s={search_term_string}"},"query-input":{"@type":"PropertyValueSpecification","valueRequired":true,"valueName":"search_term_string"}}],"inLanguage":"ru-RU"},{"@type":"Person","@id":"https:\/\/mybook.am\/#\/schema\/person\/e730847942cff3a199774e803916e97e","name":"admin","image":{"@type":"ImageObject","inLanguage":"ru-RU","@id":"https:\/\/secure.gravatar.com\/avatar\/df64e550a0653b7be0f1bcf897f33faad9c2c8153472b2d9319beafb51370f6f?s=96&d=mm&r=g","url":"https:\/\/secure.gravatar.com\/avatar\/df64e550a0653b7be0f1bcf897f33faad9c2c8153472b2d9319beafb51370f6f?s=96&d=mm&r=g","contentUrl":"https:\/\/secure.gravatar.com\/avatar\/df64e550a0653b7be0f1bcf897f33faad9c2c8153472b2d9319beafb51370f6f?s=96&d=mm&r=g","caption":"admin"},"sameAs":["http:\/\/mybook.am"],"url":"https:\/\/mybook.am\/?author=1"}]}},"views":56,"_links":{"self":[{"href":"https:\/\/mybook.am\/index.php?rest_route=\/wp\/v2\/posts\/26511","targetHints":{"allow":["GET"]}}],"collection":[{"href":"https:\/\/mybook.am\/index.php?rest_route=\/wp\/v2\/posts"}],"about":[{"href":"https:\/\/mybook.am\/index.php?rest_route=\/wp\/v2\/types\/post"}],"author":[{"embeddable":true,"href":"https:\/\/mybook.am\/index.php?rest_route=\/wp\/v2\/users\/1"}],"replies":[{"embeddable":true,"href":"https:\/\/mybook.am\/index.php?rest_route=%2Fwp%2Fv2%2Fcomments&post=26511"}],"version-history":[{"count":1,"href":"https:\/\/mybook.am\/index.php?rest_route=\/wp\/v2\/posts\/26511\/revisions"}],"predecessor-version":[{"id":26513,"href":"https:\/\/mybook.am\/index.php?rest_route=\/wp\/v2\/posts\/26511\/revisions\/26513"}],"wp:featuredmedia":[{"embeddable":true,"href":"https:\/\/mybook.am\/index.php?rest_route=\/wp\/v2\/media\/26512"}],"wp:attachment":[{"href":"https:\/\/mybook.am\/index.php?rest_route=%2Fwp%2Fv2%2Fmedia&parent=26511"}],"wp:term":[{"taxonomy":"category","embeddable":true,"href":"https:\/\/mybook.am\/index.php?rest_route=%2Fwp%2Fv2%2Fcategories&post=26511"},{"taxonomy":"post_tag","embeddable":true,"href":"https:\/\/mybook.am\/index.php?rest_route=%2Fwp%2Fv2%2Ftags&post=26511"}],"curies":[{"name":"wp","href":"https:\/\/api.w.org\/{rel}","templated":true}]}}