{"id":26515,"date":"2026-03-12T17:29:21","date_gmt":"2026-03-12T14:29:21","guid":{"rendered":"https:\/\/mybook.am\/?p=26515"},"modified":"2026-03-12T17:29:22","modified_gmt":"2026-03-12T14:29:22","slug":"nejkrasnejsi-muz-nemecka-priznal-pravdu-ktera-sokovala-tisice-lidi-jeho-tvar-neni-darem-prirody-ale-vysledkem-desitek-chirurgickych-zakroku","status":"publish","type":"post","link":"https:\/\/mybook.am\/?p=26515","title":{"rendered":"\u201eNejkr\u00e1sn\u011bj\u0161\u00ed mu\u017e N\u011bmecka\u201c p\u0159iznal pravdu, kter\u00e1 \u0161okovala tis\u00edce lid\u00ed: jeho tv\u00e1\u0159 nen\u00ed darem p\u0159\u00edrody, ale v\u00fdsledkem des\u00edtek chirurgick\u00fdch z\u00e1krok\u016f."},"content":{"rendered":"\n<p>Za dokonal\u00fdm vzhledem Haralda Gl\u00f6\u00f6cklera se skr\u00fdv\u00e1 p\u0159\u00edb\u011bh bolesti, ztr\u00e1ty a posedlosti dokonalost\u00ed, o kter\u00e9 v\u011bt\u0161ina lid\u00ed nem\u011bla tu\u0161en\u00ed.V N\u011bmecku jeho jm\u00e9no zn\u00e1 t\u00e9m\u011b\u0159 ka\u017ed\u00fd. Harald Gl\u00f6\u00f6ckler je pova\u017eov\u00e1n za jednu z nejv\u00fdrazn\u011bj\u0161\u00edch ikon luxusu a glamouru. Dokonale tvarovan\u00e9 l\u00edcn\u00ed kosti, v\u00fdrazn\u00e9 rty, hladk\u00e1 ple\u0165 bez jedin\u00e9 vr\u00e1sky a dramatick\u00fd styl obl\u00e9k\u00e1n\u00ed z n\u011bj ud\u011blaly postavu, kterou nelze p\u0159ehl\u00e9dnout.<\/p>\n\n\n\n<figure class=\"wp-block-image size-large is-resized\"><img loading=\"lazy\" decoding=\"async\" width=\"818\" height=\"1024\" src=\"https:\/\/mybook.am\/wp-content\/uploads\/2026\/03\/46578965465-818x1024.jpg\" alt=\"\" class=\"wp-image-26517\" style=\"aspect-ratio:0.7988370344378164;width:708px;height:auto\" srcset=\"https:\/\/mybook.am\/wp-content\/uploads\/2026\/03\/46578965465-818x1024.jpg 818w, https:\/\/mybook.am\/wp-content\/uploads\/2026\/03\/46578965465-240x300.jpg 240w, https:\/\/mybook.am\/wp-content\/uploads\/2026\/03\/46578965465-768x961.jpg 768w, https:\/\/mybook.am\/wp-content\/uploads\/2026\/03\/46578965465.jpg 850w\" sizes=\"auto, (max-width: 818px) 100vw, 818px\" \/><\/figure>\n\n\n\n<p>Jen\u017ee za t\u00edmto obrazem stoj\u00ed dlouh\u00e1 a temn\u00e1 cesta.<\/p>\n\n\n\n<p>M\u00e1lokdo si dnes dok\u00e1\u017ee p\u0159edstavit, jak Harald vypadal kdysi. Nebyl to extravagantn\u00ed mu\u017e s perfektn\u011b upravenou tv\u00e1\u0159\u00ed. Byl to oby\u010dejn\u00fd kluk s kr\u00e1tk\u00fdmi vlasy, skromn\u00fdm \u00fasm\u011bvem a naprosto norm\u00e1ln\u00edm \u017eivotem. Nic nenasv\u011bd\u010dovalo tomu, \u017ee se jednou stane symbolem extr\u00e9mn\u00ed prom\u011bny.<\/p>\n\n\n\n<p>Pak ale p\u0159i\u0161la trag\u00e9die, kter\u00e1 v\u0161echno zm\u011bnila.<\/p>\n\n\n\n<p>V dosp\u00edv\u00e1n\u00ed p\u0159i\u0161el o svou matku. Ztr\u00e1ta byla tak n\u00e1hl\u00e1 a bolestiv\u00e1, \u017ee podle jeho vlastn\u00edch slov \u201erozbila cel\u00fd sv\u011bt na kusy\u201c. Domov, kter\u00fd m\u011bl b\u00fdt bezpe\u010dn\u00fdm m\u00edstem, se prom\u011bnil v prostor pln\u00fd bolesti a vzpom\u00ednek.<\/p>\n\n\n\n<p>Pr\u00e1v\u011b tehdy se v n\u011bm zrodila my\u0161lenka, kter\u00e1 pozd\u011bji \u0161okovala ve\u0159ejnost.<\/p>\n\n\n\n<p>Rozhodl se zm\u011bnit s\u00e1m sebe.<\/p>\n\n\n\n<p>Ne jen trochu. \u00dapln\u011b.<\/p>\n\n\n\n<p>Za\u010dala s\u00e9rie operac\u00ed. Nejprve drobn\u00e9 \u00fapravy, kter\u00e9 m\u011bly vylep\u0161it detaily. Pot\u00e9 v\u011bt\u0161\u00ed z\u00e1kroky. Chirurgov\u00e9 postupn\u011b m\u011bnili tvar nosu, l\u00edcn\u00edch kost\u00ed, brady i rt\u016f. Nap\u00ednala se k\u016f\u017ee, upravovala symetrie obli\u010deje, zv\u00fdraz\u0148ovaly rysy.<\/p>\n\n\n\n<p>Operace p\u0159ib\u00fdvaly.<\/p>\n\n\n\n<p>A s ka\u017ed\u00fdm z\u00e1krokem mizel star\u00fd Harald.<\/p>\n\n\n\n<p>Na jeho m\u00edst\u011b vznikala nov\u00e1 postava \u2013 mu\u017e, kter\u00fd vypadal t\u00e9m\u011b\u0159 jako porcel\u00e1nov\u00e1 panenka. Dokonal\u00fd, nep\u0159irozen\u011b symetrick\u00fd, t\u00e9m\u011b\u0159 bez zn\u00e1mek v\u011bku. M\u00e9dia brzy p\u0159i\u0161la s p\u0159ezd\u00edvkou, kter\u00e1 se \u0161\u00ed\u0159ila po cel\u00e9 Evrop\u011b: \u201e\u017eiv\u00e1 porcel\u00e1nov\u00e1 panenka\u201c.<\/p>\n\n\n\n<p>Reakce lid\u00ed byly extr\u00e9mn\u00ed.<\/p>\n\n\n\n<p>N\u011bkte\u0159\u00ed obdivovali jeho odvahu a originalitu. Jin\u00ed byli v \u0161oku a tvrdili, \u017ee takov\u00e1 prom\u011bna je d\u011bsiv\u00e1. Soci\u00e1ln\u00ed s\u00edt\u011b zaplavily fotografie jeho tv\u00e1\u0159e a diskuse o tom, kde kon\u010d\u00ed kr\u00e1sa a za\u010d\u00edn\u00e1 posedlost.<\/p>\n\n\n\n<p>Gl\u00f6\u00f6ckler ale nikdy netvrdil, \u017ee jde jen o estetiku.<\/p>\n\n\n\n<p>Podle n\u011bj byl glamour zp\u016fsob, jak p\u0159e\u017e\u00edt. Jak zakr\u00fdt bolest z minulosti a vytvo\u0159it nov\u00fd sv\u011bt, ve kter\u00e9m vl\u00e1dne dokonalost, luxus a kontrola. M\u00edsto zraniteln\u00e9ho chlapce vznikla v\u00fdrazn\u00e1, nep\u0159ehl\u00e9dnuteln\u00e1 osobnost.<\/p>\n\n\n\n<p>A paradoxn\u011b pr\u00e1v\u011b tato prom\u011bna mu otev\u0159ela dve\u0159e ke sl\u00e1v\u011b.<\/p>\n\n\n\n<p>Dnes je Harald Gl\u00f6\u00f6ckler \u00fasp\u011b\u0161n\u00fdm m\u00f3dn\u00edm n\u00e1vrh\u00e1\u0159em, televizn\u00ed osobnost\u00ed a symbolem extravagantn\u00edho stylu. Jeho kolekce oble\u010den\u00ed, \u0161perk\u016f a dopl\u0148k\u016f se prod\u00e1vaj\u00ed v r\u016fzn\u00fdch zem\u00edch a jeho jm\u00e9no se stalo zna\u010dkou.<\/p>\n\n\n\n<p>Jen\u017ee p\u0159i pohledu na jeho tv\u00e1\u0159 si lid\u00e9 st\u00e1le kladou jednu ot\u00e1zku.<\/p>\n\n\n\n<p>Kolik bolesti m\u016f\u017ee st\u00e1t dokonalost?<\/p>\n\n\n\n<p>P\u0159\u00edb\u011bh mu\u017ee, kter\u00e9ho mnoz\u00ed naz\u00fdvaj\u00ed nejkr\u00e1sn\u011bj\u0161\u00edm mu\u017eem N\u011bmecka, tak nen\u00ed jen o kr\u00e1se. Je to p\u0159\u00edb\u011bh \u010dlov\u011bka, kter\u00fd po osobn\u00ed trag\u00e9dii vzal sv\u016fj osud do vlastn\u00edch rukou \u2014 a rozhodl se vytvo\u0159it \u00fapln\u011b novou verzi sebe sama.<\/p>\n","protected":false},"excerpt":{"rendered":"Za dokonal\u00fdm vzhledem Haralda Gl\u00f6\u00f6cklera se skr\u00fdv\u00e1 p\u0159\u00edb\u011bh bolesti, ztr\u00e1ty a posedlosti dokonalost\u00ed, o kter\u00e9 v\u011bt\u0161ina lid\u00ed nem\u011bla tu\u0161en\u00ed.V N\u011bmecku jeho jm\u00e9no zn\u00e1 \n<a class=\"moretag\" href=\"https:\/\/mybook.am\/?p=26515\"> [...]<\/a>","protected":false},"author":1,"featured_media":26517,"comment_status":"open","ping_status":"open","sticky":false,"template":"","format":"standard","meta":{"footnotes":""},"categories":[1],"tags":[],"class_list":["post-26515","post","type-post","status-publish","format-standard","has-post-thumbnail","hentry","category-ceska"],"yoast_head":"<!-- This site is optimized with the Yoast SEO plugin v27.4 - https:\/\/yoast.com\/product\/yoast-seo-wordpress\/ -->\n<title>\u201eNejkr\u00e1sn\u011bj\u0161\u00ed mu\u017e N\u011bmecka\u201c p\u0159iznal pravdu, kter\u00e1 \u0161okovala tis\u00edce lid\u00ed: jeho tv\u00e1\u0159 nen\u00ed darem p\u0159\u00edrody, ale v\u00fdsledkem des\u00edtek chirurgick\u00fdch z\u00e1krok\u016f. -<\/title>\n<meta name=\"robots\" content=\"index, follow, max-snippet:-1, max-image-preview:large, max-video-preview:-1\" \/>\n<link rel=\"canonical\" href=\"https:\/\/mybook.am\/?p=26515\" \/>\n<meta property=\"og:locale\" content=\"ru_RU\" \/>\n<meta property=\"og:type\" content=\"article\" \/>\n<meta property=\"og:title\" content=\"\u201eNejkr\u00e1sn\u011bj\u0161\u00ed mu\u017e N\u011bmecka\u201c p\u0159iznal pravdu, kter\u00e1 \u0161okovala tis\u00edce lid\u00ed: jeho tv\u00e1\u0159 nen\u00ed darem p\u0159\u00edrody, ale v\u00fdsledkem des\u00edtek chirurgick\u00fdch z\u00e1krok\u016f. -\" \/>\n<meta property=\"og:description\" content=\"Za dokonal\u00fdm vzhledem Haralda Gl\u00f6\u00f6cklera se skr\u00fdv\u00e1 p\u0159\u00edb\u011bh bolesti, ztr\u00e1ty a posedlosti dokonalost\u00ed, o kter\u00e9 v\u011bt\u0161ina lid\u00ed nem\u011bla tu\u0161en\u00ed.V N\u011bmecku jeho jm\u00e9no zn\u00e1\" \/>\n<meta property=\"og:url\" content=\"https:\/\/mybook.am\/?p=26515\" \/>\n<meta property=\"article:published_time\" content=\"2026-03-12T14:29:21+00:00\" \/>\n<meta property=\"article:modified_time\" content=\"2026-03-12T14:29:22+00:00\" \/>\n<meta property=\"og:image\" content=\"https:\/\/mybook.am\/wp-content\/uploads\/2026\/03\/46578965465.jpg\" \/>\n\t<meta property=\"og:image:width\" content=\"850\" \/>\n\t<meta property=\"og:image:height\" content=\"1064\" \/>\n\t<meta property=\"og:image:type\" content=\"image\/jpeg\" \/>\n<meta name=\"author\" content=\"admin\" \/>\n<meta name=\"twitter:card\" content=\"summary_large_image\" \/>\n<meta name=\"twitter:label1\" content=\"\u041d\u0430\u043f\u0438\u0441\u0430\u043d\u043e \u0430\u0432\u0442\u043e\u0440\u043e\u043c\" \/>\n\t<meta name=\"twitter:data1\" content=\"admin\" \/>\n\t<meta name=\"twitter:label2\" content=\"\u041f\u0440\u0438\u043c\u0435\u0440\u043d\u043e\u0435 \u0432\u0440\u0435\u043c\u044f \u0434\u043b\u044f \u0447\u0442\u0435\u043d\u0438\u044f\" \/>\n\t<meta name=\"twitter:data2\" content=\"3 \u043c\u0438\u043d\u0443\u0442\u044b\" \/>\n<script type=\"application\/ld+json\" class=\"yoast-schema-graph\">{\"@context\":\"https:\\\/\\\/schema.org\",\"@graph\":[{\"@type\":\"Article\",\"@id\":\"https:\\\/\\\/mybook.am\\\/?p=26515#article\",\"isPartOf\":{\"@id\":\"https:\\\/\\\/mybook.am\\\/?p=26515\"},\"author\":{\"name\":\"admin\",\"@id\":\"https:\\\/\\\/mybook.am\\\/#\\\/schema\\\/person\\\/e730847942cff3a199774e803916e97e\"},\"headline\":\"\u201eNejkr\u00e1sn\u011bj\u0161\u00ed mu\u017e N\u011bmecka\u201c p\u0159iznal pravdu, kter\u00e1 \u0161okovala tis\u00edce lid\u00ed: jeho tv\u00e1\u0159 nen\u00ed darem p\u0159\u00edrody, ale v\u00fdsledkem des\u00edtek chirurgick\u00fdch z\u00e1krok\u016f.\",\"datePublished\":\"2026-03-12T14:29:21+00:00\",\"dateModified\":\"2026-03-12T14:29:22+00:00\",\"mainEntityOfPage\":{\"@id\":\"https:\\\/\\\/mybook.am\\\/?p=26515\"},\"wordCount\":617,\"commentCount\":0,\"image\":{\"@id\":\"https:\\\/\\\/mybook.am\\\/?p=26515#primaryimage\"},\"thumbnailUrl\":\"https:\\\/\\\/mybook.am\\\/wp-content\\\/uploads\\\/2026\\\/03\\\/46578965465.jpg\",\"articleSection\":[\"\u010cesk\u00e1\"],\"inLanguage\":\"ru-RU\",\"potentialAction\":[{\"@type\":\"CommentAction\",\"name\":\"Comment\",\"target\":[\"https:\\\/\\\/mybook.am\\\/?p=26515#respond\"]}]},{\"@type\":\"WebPage\",\"@id\":\"https:\\\/\\\/mybook.am\\\/?p=26515\",\"url\":\"https:\\\/\\\/mybook.am\\\/?p=26515\",\"name\":\"\u201eNejkr\u00e1sn\u011bj\u0161\u00ed mu\u017e N\u011bmecka\u201c p\u0159iznal pravdu, kter\u00e1 \u0161okovala tis\u00edce lid\u00ed: jeho tv\u00e1\u0159 nen\u00ed darem p\u0159\u00edrody, ale v\u00fdsledkem des\u00edtek chirurgick\u00fdch z\u00e1krok\u016f. -\",\"isPartOf\":{\"@id\":\"https:\\\/\\\/mybook.am\\\/#website\"},\"primaryImageOfPage\":{\"@id\":\"https:\\\/\\\/mybook.am\\\/?p=26515#primaryimage\"},\"image\":{\"@id\":\"https:\\\/\\\/mybook.am\\\/?p=26515#primaryimage\"},\"thumbnailUrl\":\"https:\\\/\\\/mybook.am\\\/wp-content\\\/uploads\\\/2026\\\/03\\\/46578965465.jpg\",\"datePublished\":\"2026-03-12T14:29:21+00:00\",\"dateModified\":\"2026-03-12T14:29:22+00:00\",\"author\":{\"@id\":\"https:\\\/\\\/mybook.am\\\/#\\\/schema\\\/person\\\/e730847942cff3a199774e803916e97e\"},\"breadcrumb\":{\"@id\":\"https:\\\/\\\/mybook.am\\\/?p=26515#breadcrumb\"},\"inLanguage\":\"ru-RU\",\"potentialAction\":[{\"@type\":\"ReadAction\",\"target\":[\"https:\\\/\\\/mybook.am\\\/?p=26515\"]}]},{\"@type\":\"ImageObject\",\"inLanguage\":\"ru-RU\",\"@id\":\"https:\\\/\\\/mybook.am\\\/?p=26515#primaryimage\",\"url\":\"https:\\\/\\\/mybook.am\\\/wp-content\\\/uploads\\\/2026\\\/03\\\/46578965465.jpg\",\"contentUrl\":\"https:\\\/\\\/mybook.am\\\/wp-content\\\/uploads\\\/2026\\\/03\\\/46578965465.jpg\",\"width\":850,\"height\":1064},{\"@type\":\"BreadcrumbList\",\"@id\":\"https:\\\/\\\/mybook.am\\\/?p=26515#breadcrumb\",\"itemListElement\":[{\"@type\":\"ListItem\",\"position\":1,\"name\":\"\u0413\u043b\u0430\u0432\u043d\u0430\u044f \u0441\u0442\u0440\u0430\u043d\u0438\u0446\u0430\",\"item\":\"https:\\\/\\\/mybook.am\\\/\"},{\"@type\":\"ListItem\",\"position\":2,\"name\":\"\u201eNejkr\u00e1sn\u011bj\u0161\u00ed mu\u017e N\u011bmecka\u201c p\u0159iznal pravdu, kter\u00e1 \u0161okovala tis\u00edce lid\u00ed: jeho tv\u00e1\u0159 nen\u00ed darem p\u0159\u00edrody, ale v\u00fdsledkem des\u00edtek chirurgick\u00fdch z\u00e1krok\u016f.\"}]},{\"@type\":\"WebSite\",\"@id\":\"https:\\\/\\\/mybook.am\\\/#website\",\"url\":\"https:\\\/\\\/mybook.am\\\/\",\"name\":\"\",\"description\":\"\",\"potentialAction\":[{\"@type\":\"SearchAction\",\"target\":{\"@type\":\"EntryPoint\",\"urlTemplate\":\"https:\\\/\\\/mybook.am\\\/?s={search_term_string}\"},\"query-input\":{\"@type\":\"PropertyValueSpecification\",\"valueRequired\":true,\"valueName\":\"search_term_string\"}}],\"inLanguage\":\"ru-RU\"},{\"@type\":\"Person\",\"@id\":\"https:\\\/\\\/mybook.am\\\/#\\\/schema\\\/person\\\/e730847942cff3a199774e803916e97e\",\"name\":\"admin\",\"image\":{\"@type\":\"ImageObject\",\"inLanguage\":\"ru-RU\",\"@id\":\"https:\\\/\\\/secure.gravatar.com\\\/avatar\\\/df64e550a0653b7be0f1bcf897f33faad9c2c8153472b2d9319beafb51370f6f?s=96&d=mm&r=g\",\"url\":\"https:\\\/\\\/secure.gravatar.com\\\/avatar\\\/df64e550a0653b7be0f1bcf897f33faad9c2c8153472b2d9319beafb51370f6f?s=96&d=mm&r=g\",\"contentUrl\":\"https:\\\/\\\/secure.gravatar.com\\\/avatar\\\/df64e550a0653b7be0f1bcf897f33faad9c2c8153472b2d9319beafb51370f6f?s=96&d=mm&r=g\",\"caption\":\"admin\"},\"sameAs\":[\"http:\\\/\\\/mybook.am\"],\"url\":\"https:\\\/\\\/mybook.am\\\/?author=1\"}]}<\/script>\n<!-- \/ Yoast SEO plugin. -->","yoast_head_json":{"title":"\u201eNejkr\u00e1sn\u011bj\u0161\u00ed mu\u017e N\u011bmecka\u201c p\u0159iznal pravdu, kter\u00e1 \u0161okovala tis\u00edce lid\u00ed: jeho tv\u00e1\u0159 nen\u00ed darem p\u0159\u00edrody, ale v\u00fdsledkem des\u00edtek chirurgick\u00fdch z\u00e1krok\u016f. -","robots":{"index":"index","follow":"follow","max-snippet":"max-snippet:-1","max-image-preview":"max-image-preview:large","max-video-preview":"max-video-preview:-1"},"canonical":"https:\/\/mybook.am\/?p=26515","og_locale":"ru_RU","og_type":"article","og_title":"\u201eNejkr\u00e1sn\u011bj\u0161\u00ed mu\u017e N\u011bmecka\u201c p\u0159iznal pravdu, kter\u00e1 \u0161okovala tis\u00edce lid\u00ed: jeho tv\u00e1\u0159 nen\u00ed darem p\u0159\u00edrody, ale v\u00fdsledkem des\u00edtek chirurgick\u00fdch z\u00e1krok\u016f. -","og_description":"Za dokonal\u00fdm vzhledem Haralda Gl\u00f6\u00f6cklera se skr\u00fdv\u00e1 p\u0159\u00edb\u011bh bolesti, ztr\u00e1ty a posedlosti dokonalost\u00ed, o kter\u00e9 v\u011bt\u0161ina lid\u00ed nem\u011bla tu\u0161en\u00ed.V N\u011bmecku jeho jm\u00e9no zn\u00e1","og_url":"https:\/\/mybook.am\/?p=26515","article_published_time":"2026-03-12T14:29:21+00:00","article_modified_time":"2026-03-12T14:29:22+00:00","og_image":[{"width":850,"height":1064,"url":"https:\/\/mybook.am\/wp-content\/uploads\/2026\/03\/46578965465.jpg","type":"image\/jpeg"}],"author":"admin","twitter_card":"summary_large_image","twitter_misc":{"\u041d\u0430\u043f\u0438\u0441\u0430\u043d\u043e \u0430\u0432\u0442\u043e\u0440\u043e\u043c":"admin","\u041f\u0440\u0438\u043c\u0435\u0440\u043d\u043e\u0435 \u0432\u0440\u0435\u043c\u044f \u0434\u043b\u044f \u0447\u0442\u0435\u043d\u0438\u044f":"3 \u043c\u0438\u043d\u0443\u0442\u044b"},"schema":{"@context":"https:\/\/schema.org","@graph":[{"@type":"Article","@id":"https:\/\/mybook.am\/?p=26515#article","isPartOf":{"@id":"https:\/\/mybook.am\/?p=26515"},"author":{"name":"admin","@id":"https:\/\/mybook.am\/#\/schema\/person\/e730847942cff3a199774e803916e97e"},"headline":"\u201eNejkr\u00e1sn\u011bj\u0161\u00ed mu\u017e N\u011bmecka\u201c p\u0159iznal pravdu, kter\u00e1 \u0161okovala tis\u00edce lid\u00ed: jeho tv\u00e1\u0159 nen\u00ed darem p\u0159\u00edrody, ale v\u00fdsledkem des\u00edtek chirurgick\u00fdch z\u00e1krok\u016f.","datePublished":"2026-03-12T14:29:21+00:00","dateModified":"2026-03-12T14:29:22+00:00","mainEntityOfPage":{"@id":"https:\/\/mybook.am\/?p=26515"},"wordCount":617,"commentCount":0,"image":{"@id":"https:\/\/mybook.am\/?p=26515#primaryimage"},"thumbnailUrl":"https:\/\/mybook.am\/wp-content\/uploads\/2026\/03\/46578965465.jpg","articleSection":["\u010cesk\u00e1"],"inLanguage":"ru-RU","potentialAction":[{"@type":"CommentAction","name":"Comment","target":["https:\/\/mybook.am\/?p=26515#respond"]}]},{"@type":"WebPage","@id":"https:\/\/mybook.am\/?p=26515","url":"https:\/\/mybook.am\/?p=26515","name":"\u201eNejkr\u00e1sn\u011bj\u0161\u00ed mu\u017e N\u011bmecka\u201c p\u0159iznal pravdu, kter\u00e1 \u0161okovala tis\u00edce lid\u00ed: jeho tv\u00e1\u0159 nen\u00ed darem p\u0159\u00edrody, ale v\u00fdsledkem des\u00edtek chirurgick\u00fdch z\u00e1krok\u016f. -","isPartOf":{"@id":"https:\/\/mybook.am\/#website"},"primaryImageOfPage":{"@id":"https:\/\/mybook.am\/?p=26515#primaryimage"},"image":{"@id":"https:\/\/mybook.am\/?p=26515#primaryimage"},"thumbnailUrl":"https:\/\/mybook.am\/wp-content\/uploads\/2026\/03\/46578965465.jpg","datePublished":"2026-03-12T14:29:21+00:00","dateModified":"2026-03-12T14:29:22+00:00","author":{"@id":"https:\/\/mybook.am\/#\/schema\/person\/e730847942cff3a199774e803916e97e"},"breadcrumb":{"@id":"https:\/\/mybook.am\/?p=26515#breadcrumb"},"inLanguage":"ru-RU","potentialAction":[{"@type":"ReadAction","target":["https:\/\/mybook.am\/?p=26515"]}]},{"@type":"ImageObject","inLanguage":"ru-RU","@id":"https:\/\/mybook.am\/?p=26515#primaryimage","url":"https:\/\/mybook.am\/wp-content\/uploads\/2026\/03\/46578965465.jpg","contentUrl":"https:\/\/mybook.am\/wp-content\/uploads\/2026\/03\/46578965465.jpg","width":850,"height":1064},{"@type":"BreadcrumbList","@id":"https:\/\/mybook.am\/?p=26515#breadcrumb","itemListElement":[{"@type":"ListItem","position":1,"name":"\u0413\u043b\u0430\u0432\u043d\u0430\u044f \u0441\u0442\u0440\u0430\u043d\u0438\u0446\u0430","item":"https:\/\/mybook.am\/"},{"@type":"ListItem","position":2,"name":"\u201eNejkr\u00e1sn\u011bj\u0161\u00ed mu\u017e N\u011bmecka\u201c p\u0159iznal pravdu, kter\u00e1 \u0161okovala tis\u00edce lid\u00ed: jeho tv\u00e1\u0159 nen\u00ed darem p\u0159\u00edrody, ale v\u00fdsledkem des\u00edtek chirurgick\u00fdch z\u00e1krok\u016f."}]},{"@type":"WebSite","@id":"https:\/\/mybook.am\/#website","url":"https:\/\/mybook.am\/","name":"","description":"","potentialAction":[{"@type":"SearchAction","target":{"@type":"EntryPoint","urlTemplate":"https:\/\/mybook.am\/?s={search_term_string}"},"query-input":{"@type":"PropertyValueSpecification","valueRequired":true,"valueName":"search_term_string"}}],"inLanguage":"ru-RU"},{"@type":"Person","@id":"https:\/\/mybook.am\/#\/schema\/person\/e730847942cff3a199774e803916e97e","name":"admin","image":{"@type":"ImageObject","inLanguage":"ru-RU","@id":"https:\/\/secure.gravatar.com\/avatar\/df64e550a0653b7be0f1bcf897f33faad9c2c8153472b2d9319beafb51370f6f?s=96&d=mm&r=g","url":"https:\/\/secure.gravatar.com\/avatar\/df64e550a0653b7be0f1bcf897f33faad9c2c8153472b2d9319beafb51370f6f?s=96&d=mm&r=g","contentUrl":"https:\/\/secure.gravatar.com\/avatar\/df64e550a0653b7be0f1bcf897f33faad9c2c8153472b2d9319beafb51370f6f?s=96&d=mm&r=g","caption":"admin"},"sameAs":["http:\/\/mybook.am"],"url":"https:\/\/mybook.am\/?author=1"}]}},"views":62,"_links":{"self":[{"href":"https:\/\/mybook.am\/index.php?rest_route=\/wp\/v2\/posts\/26515","targetHints":{"allow":["GET"]}}],"collection":[{"href":"https:\/\/mybook.am\/index.php?rest_route=\/wp\/v2\/posts"}],"about":[{"href":"https:\/\/mybook.am\/index.php?rest_route=\/wp\/v2\/types\/post"}],"author":[{"embeddable":true,"href":"https:\/\/mybook.am\/index.php?rest_route=\/wp\/v2\/users\/1"}],"replies":[{"embeddable":true,"href":"https:\/\/mybook.am\/index.php?rest_route=%2Fwp%2Fv2%2Fcomments&post=26515"}],"version-history":[{"count":1,"href":"https:\/\/mybook.am\/index.php?rest_route=\/wp\/v2\/posts\/26515\/revisions"}],"predecessor-version":[{"id":26518,"href":"https:\/\/mybook.am\/index.php?rest_route=\/wp\/v2\/posts\/26515\/revisions\/26518"}],"wp:featuredmedia":[{"embeddable":true,"href":"https:\/\/mybook.am\/index.php?rest_route=\/wp\/v2\/media\/26517"}],"wp:attachment":[{"href":"https:\/\/mybook.am\/index.php?rest_route=%2Fwp%2Fv2%2Fmedia&parent=26515"}],"wp:term":[{"taxonomy":"category","embeddable":true,"href":"https:\/\/mybook.am\/index.php?rest_route=%2Fwp%2Fv2%2Fcategories&post=26515"},{"taxonomy":"post_tag","embeddable":true,"href":"https:\/\/mybook.am\/index.php?rest_route=%2Fwp%2Fv2%2Ftags&post=26515"}],"curies":[{"name":"wp","href":"https:\/\/api.w.org\/{rel}","templated":true}]}}