{"id":26516,"date":"2026-03-12T17:30:23","date_gmt":"2026-03-12T14:30:23","guid":{"rendered":"https:\/\/mybook.am\/?p=26516"},"modified":"2026-03-12T17:30:24","modified_gmt":"2026-03-12T14:30:24","slug":"lhomme-le-plus-beau-dallemagne-cache-une-verite-qui-choque-meme-ceux-qui-admirent-son-visage-parfait-cette-beaute-nest-pas-naturelle","status":"publish","type":"post","link":"https:\/\/mybook.am\/?p=26516","title":{"rendered":"\u00ab L\u2019homme le plus beau d\u2019Allemagne \u00bb cache une v\u00e9rit\u00e9 qui choque m\u00eame ceux qui admirent son visage parfait : cette beaut\u00e9 n\u2019est pas naturelle."},"content":{"rendered":"\n<p>Derri\u00e8re l\u2019apparence spectaculaire de Harald Gl\u00f6\u00f6ckler se trouve une histoire marqu\u00e9e par la perte, la douleur et une transformation extr\u00eame qui a boulevers\u00e9 toute sa vie.Aujourd\u2019hui, son nom est connu dans toute l\u2019Allemagne. Harald Gl\u00f6\u00f6ckler est devenu une figure du glamour et de l\u2019extravagance.<\/p>\n\n\n\n<figure class=\"wp-block-image size-large\"><img loading=\"lazy\" decoding=\"async\" width=\"818\" height=\"1024\" src=\"https:\/\/mybook.am\/wp-content\/uploads\/2026\/03\/46578965465-818x1024.jpg\" alt=\"\" class=\"wp-image-26517\" srcset=\"https:\/\/mybook.am\/wp-content\/uploads\/2026\/03\/46578965465-818x1024.jpg 818w, https:\/\/mybook.am\/wp-content\/uploads\/2026\/03\/46578965465-240x300.jpg 240w, https:\/\/mybook.am\/wp-content\/uploads\/2026\/03\/46578965465-768x961.jpg 768w, https:\/\/mybook.am\/wp-content\/uploads\/2026\/03\/46578965465.jpg 850w\" sizes=\"auto, (max-width: 818px) 100vw, 818px\" \/><\/figure>\n\n\n\n<p>Pommettes parfaitement dessin\u00e9es, l\u00e8vres sculpt\u00e9es, peau lisse presque irr\u00e9elle, regard th\u00e9\u00e2tral \u2014 son visage semble sorti d\u2019un monde de luxe et de perfection.<\/p>\n\n\n\n<p>Mais cette perfection n\u2019a rien d\u2019un hasard.<\/p>\n\n\n\n<p>Peu de gens savent qu\u2019autrefois Harald \u00e9tait un jeune homme tout \u00e0 fait ordinaire. Une coupe de cheveux simple, un sourire discret, une vie tranquille. Rien ne laissait imaginer qu\u2019il deviendrait un jour l\u2019une des personnalit\u00e9s les plus controvers\u00e9es et fascinantes d\u2019Europe.<\/p>\n\n\n\n<p>Puis une trag\u00e9die a tout chang\u00e9.<\/p>\n\n\n\n<p>Adolescent, il a perdu sa m\u00e8re. La disparition fut brutale et profond\u00e9ment traumatisante. Selon ses propres confidences, ce moment a bris\u00e9 son univers. Le foyer familial s\u2019est transform\u00e9 en un lieu rempli de souvenirs douloureux et de silence.<\/p>\n\n\n\n<p>\u00c0 partir de l\u00e0, une id\u00e9e s\u2019est install\u00e9e dans son esprit.<\/p>\n\n\n\n<p>Changer. Se reconstruire. Devenir quelqu\u2019un d\u2019autre.<\/p>\n\n\n\n<p>Ce n\u2019\u00e9tait pas une simple envie d\u2019am\u00e9liorer son apparence. Harald a d\u00e9cid\u00e9 de transformer compl\u00e8tement son visage et son image. Les premi\u00e8res interventions chirurgicales ont commenc\u00e9 discr\u00e8tement. Ensuite, les op\u00e9rations se sont multipli\u00e9es.<\/p>\n\n\n\n<p>Le nez a \u00e9t\u00e9 remodel\u00e9.<br>Les pommettes redessin\u00e9es.<br>Les l\u00e8vres modifi\u00e9es.<br>La peau retendue.<br>Les traits du visage retravaill\u00e9s pour atteindre une sym\u00e9trie presque irr\u00e9elle.<\/p>\n\n\n\n<p>Avec chaque op\u00e9ration, l\u2019ancien Harald disparaissait un peu plus.<\/p>\n\n\n\n<p>Peu \u00e0 peu, une nouvelle figure est apparue \u2014 spectaculaire, brillante, presque irr\u00e9elle. Les m\u00e9dias allemands ont commenc\u00e9 \u00e0 lui donner un surnom qui s\u2019est r\u00e9pandu partout : \u00ab la poup\u00e9e de porcelaine vivante \u00bb.<\/p>\n\n\n\n<p>Les r\u00e9actions ont \u00e9t\u00e9 imm\u00e9diates.<\/p>\n\n\n\n<p>Certains ont admir\u00e9 son audace et sa d\u00e9termination. D\u2019autres ont \u00e9t\u00e9 profond\u00e9ment troubl\u00e9s par cette transformation radicale. Sur les r\u00e9seaux sociaux, ses photos provoquent encore aujourd\u2019hui des d\u00e9bats passionn\u00e9s : chef-d\u2019\u0153uvre esth\u00e9tique pour les uns, exc\u00e8s inqui\u00e9tant pour les autres.<\/p>\n\n\n\n<p>Mais pour Harald, ce n\u2019est pas seulement une question de beaut\u00e9.<\/p>\n\n\n\n<p>Dans plusieurs interviews, il a expliqu\u00e9 que le glamour est devenu une sorte d\u2019armure. Une fa\u00e7on de se prot\u00e9ger contre les blessures du pass\u00e9. En cr\u00e9ant un personnage flamboyant, entour\u00e9 de luxe et de perfection, il a r\u00e9ussi \u00e0 cacher la fragilit\u00e9 d\u2019un gar\u00e7on marqu\u00e9 par une perte tragique.<\/p>\n\n\n\n<p>Et c\u2019est justement cette image hors norme qui l\u2019a propuls\u00e9 vers la c\u00e9l\u00e9brit\u00e9.<\/p>\n\n\n\n<p>Harald Gl\u00f6\u00f6ckler est aujourd\u2019hui un cr\u00e9ateur de mode reconnu, une personnalit\u00e9 m\u00e9diatique et un symbole d\u2019extravagance. Ses collections de v\u00eatements, de bijoux et d\u2019accessoires sont vendues dans plusieurs pays, et son style continue de fasciner.<\/p>\n\n\n\n<p>Pourtant, chaque fois que le public regarde son visage parfait, une question revient.<\/p>\n\n\n\n<p>Jusqu\u2019o\u00f9 peut-on aller pour atteindre la perfection ?<\/p>\n\n\n\n<p>L\u2019histoire de l\u2019homme que certains appellent \u00ab le plus beau d\u2019Allemagne \u00bb n\u2019est donc pas seulement celle d\u2019une transformation physique spectaculaire. C\u2019est l\u2019histoire d\u2019un \u00eatre humain qui, apr\u00e8s une trag\u00e9die personnelle, a d\u00e9cid\u00e9 de r\u00e9inventer enti\u00e8rement son identit\u00e9 \u2014 quitte \u00e0 payer un prix que peu de gens seraient pr\u00eats \u00e0 accepter.<\/p>\n","protected":false},"excerpt":{"rendered":"Derri\u00e8re l\u2019apparence spectaculaire de Harald Gl\u00f6\u00f6ckler se trouve une histoire marqu\u00e9e par la perte, la douleur et une transformation extr\u00eame qui a boulevers\u00e9 \n<a class=\"moretag\" href=\"https:\/\/mybook.am\/?p=26516\"> [...]<\/a>","protected":false},"author":1,"featured_media":26517,"comment_status":"open","ping_status":"open","sticky":false,"template":"","format":"standard","meta":{"footnotes":""},"categories":[3],"tags":[],"class_list":["post-26516","post","type-post","status-publish","format-standard","has-post-thumbnail","hentry","category-fotto"],"yoast_head":"<!-- This site is optimized with the Yoast SEO plugin v27.4 - https:\/\/yoast.com\/product\/yoast-seo-wordpress\/ -->\n<title>\u00ab L\u2019homme le plus beau d\u2019Allemagne \u00bb cache une v\u00e9rit\u00e9 qui choque m\u00eame ceux qui admirent son visage parfait : cette beaut\u00e9 n\u2019est pas naturelle. -<\/title>\n<meta name=\"robots\" content=\"index, follow, max-snippet:-1, max-image-preview:large, max-video-preview:-1\" \/>\n<link rel=\"canonical\" href=\"https:\/\/mybook.am\/?p=26516\" \/>\n<meta property=\"og:locale\" content=\"ru_RU\" \/>\n<meta property=\"og:type\" content=\"article\" \/>\n<meta property=\"og:title\" content=\"\u00ab L\u2019homme le plus beau d\u2019Allemagne \u00bb cache une v\u00e9rit\u00e9 qui choque m\u00eame ceux qui admirent son visage parfait : cette beaut\u00e9 n\u2019est pas naturelle. -\" \/>\n<meta property=\"og:description\" content=\"Derri\u00e8re l\u2019apparence spectaculaire de Harald Gl\u00f6\u00f6ckler se trouve une histoire marqu\u00e9e par la perte, la douleur et une transformation extr\u00eame qui a boulevers\u00e9\" \/>\n<meta property=\"og:url\" content=\"https:\/\/mybook.am\/?p=26516\" \/>\n<meta property=\"article:published_time\" content=\"2026-03-12T14:30:23+00:00\" \/>\n<meta property=\"article:modified_time\" content=\"2026-03-12T14:30:24+00:00\" \/>\n<meta property=\"og:image\" content=\"https:\/\/mybook.am\/wp-content\/uploads\/2026\/03\/46578965465.jpg\" \/>\n\t<meta property=\"og:image:width\" content=\"850\" \/>\n\t<meta property=\"og:image:height\" content=\"1064\" \/>\n\t<meta property=\"og:image:type\" content=\"image\/jpeg\" \/>\n<meta name=\"author\" content=\"admin\" \/>\n<meta name=\"twitter:card\" content=\"summary_large_image\" \/>\n<meta name=\"twitter:label1\" content=\"\u041d\u0430\u043f\u0438\u0441\u0430\u043d\u043e \u0430\u0432\u0442\u043e\u0440\u043e\u043c\" \/>\n\t<meta name=\"twitter:data1\" content=\"admin\" \/>\n\t<meta name=\"twitter:label2\" content=\"\u041f\u0440\u0438\u043c\u0435\u0440\u043d\u043e\u0435 \u0432\u0440\u0435\u043c\u044f \u0434\u043b\u044f \u0447\u0442\u0435\u043d\u0438\u044f\" \/>\n\t<meta name=\"twitter:data2\" content=\"4 \u043c\u0438\u043d\u0443\u0442\u044b\" \/>\n<script type=\"application\/ld+json\" class=\"yoast-schema-graph\">{\"@context\":\"https:\\\/\\\/schema.org\",\"@graph\":[{\"@type\":\"Article\",\"@id\":\"https:\\\/\\\/mybook.am\\\/?p=26516#article\",\"isPartOf\":{\"@id\":\"https:\\\/\\\/mybook.am\\\/?p=26516\"},\"author\":{\"name\":\"admin\",\"@id\":\"https:\\\/\\\/mybook.am\\\/#\\\/schema\\\/person\\\/e730847942cff3a199774e803916e97e\"},\"headline\":\"\u00ab L\u2019homme le plus beau d\u2019Allemagne \u00bb cache une v\u00e9rit\u00e9 qui choque m\u00eame ceux qui admirent son visage parfait : cette beaut\u00e9 n\u2019est pas naturelle.\",\"datePublished\":\"2026-03-12T14:30:23+00:00\",\"dateModified\":\"2026-03-12T14:30:24+00:00\",\"mainEntityOfPage\":{\"@id\":\"https:\\\/\\\/mybook.am\\\/?p=26516\"},\"wordCount\":618,\"commentCount\":0,\"image\":{\"@id\":\"https:\\\/\\\/mybook.am\\\/?p=26516#primaryimage\"},\"thumbnailUrl\":\"https:\\\/\\\/mybook.am\\\/wp-content\\\/uploads\\\/2026\\\/03\\\/46578965465.jpg\",\"articleSection\":[\"FRANS\"],\"inLanguage\":\"ru-RU\",\"potentialAction\":[{\"@type\":\"CommentAction\",\"name\":\"Comment\",\"target\":[\"https:\\\/\\\/mybook.am\\\/?p=26516#respond\"]}]},{\"@type\":\"WebPage\",\"@id\":\"https:\\\/\\\/mybook.am\\\/?p=26516\",\"url\":\"https:\\\/\\\/mybook.am\\\/?p=26516\",\"name\":\"\u00ab L\u2019homme le plus beau d\u2019Allemagne \u00bb cache une v\u00e9rit\u00e9 qui choque m\u00eame ceux qui admirent son visage parfait : cette beaut\u00e9 n\u2019est pas naturelle. -\",\"isPartOf\":{\"@id\":\"https:\\\/\\\/mybook.am\\\/#website\"},\"primaryImageOfPage\":{\"@id\":\"https:\\\/\\\/mybook.am\\\/?p=26516#primaryimage\"},\"image\":{\"@id\":\"https:\\\/\\\/mybook.am\\\/?p=26516#primaryimage\"},\"thumbnailUrl\":\"https:\\\/\\\/mybook.am\\\/wp-content\\\/uploads\\\/2026\\\/03\\\/46578965465.jpg\",\"datePublished\":\"2026-03-12T14:30:23+00:00\",\"dateModified\":\"2026-03-12T14:30:24+00:00\",\"author\":{\"@id\":\"https:\\\/\\\/mybook.am\\\/#\\\/schema\\\/person\\\/e730847942cff3a199774e803916e97e\"},\"breadcrumb\":{\"@id\":\"https:\\\/\\\/mybook.am\\\/?p=26516#breadcrumb\"},\"inLanguage\":\"ru-RU\",\"potentialAction\":[{\"@type\":\"ReadAction\",\"target\":[\"https:\\\/\\\/mybook.am\\\/?p=26516\"]}]},{\"@type\":\"ImageObject\",\"inLanguage\":\"ru-RU\",\"@id\":\"https:\\\/\\\/mybook.am\\\/?p=26516#primaryimage\",\"url\":\"https:\\\/\\\/mybook.am\\\/wp-content\\\/uploads\\\/2026\\\/03\\\/46578965465.jpg\",\"contentUrl\":\"https:\\\/\\\/mybook.am\\\/wp-content\\\/uploads\\\/2026\\\/03\\\/46578965465.jpg\",\"width\":850,\"height\":1064},{\"@type\":\"BreadcrumbList\",\"@id\":\"https:\\\/\\\/mybook.am\\\/?p=26516#breadcrumb\",\"itemListElement\":[{\"@type\":\"ListItem\",\"position\":1,\"name\":\"\u0413\u043b\u0430\u0432\u043d\u0430\u044f \u0441\u0442\u0440\u0430\u043d\u0438\u0446\u0430\",\"item\":\"https:\\\/\\\/mybook.am\\\/\"},{\"@type\":\"ListItem\",\"position\":2,\"name\":\"\u00ab L\u2019homme le plus beau d\u2019Allemagne \u00bb cache une v\u00e9rit\u00e9 qui choque m\u00eame ceux qui admirent son visage parfait : cette beaut\u00e9 n\u2019est pas naturelle.\"}]},{\"@type\":\"WebSite\",\"@id\":\"https:\\\/\\\/mybook.am\\\/#website\",\"url\":\"https:\\\/\\\/mybook.am\\\/\",\"name\":\"\",\"description\":\"\",\"potentialAction\":[{\"@type\":\"SearchAction\",\"target\":{\"@type\":\"EntryPoint\",\"urlTemplate\":\"https:\\\/\\\/mybook.am\\\/?s={search_term_string}\"},\"query-input\":{\"@type\":\"PropertyValueSpecification\",\"valueRequired\":true,\"valueName\":\"search_term_string\"}}],\"inLanguage\":\"ru-RU\"},{\"@type\":\"Person\",\"@id\":\"https:\\\/\\\/mybook.am\\\/#\\\/schema\\\/person\\\/e730847942cff3a199774e803916e97e\",\"name\":\"admin\",\"image\":{\"@type\":\"ImageObject\",\"inLanguage\":\"ru-RU\",\"@id\":\"https:\\\/\\\/secure.gravatar.com\\\/avatar\\\/df64e550a0653b7be0f1bcf897f33faad9c2c8153472b2d9319beafb51370f6f?s=96&d=mm&r=g\",\"url\":\"https:\\\/\\\/secure.gravatar.com\\\/avatar\\\/df64e550a0653b7be0f1bcf897f33faad9c2c8153472b2d9319beafb51370f6f?s=96&d=mm&r=g\",\"contentUrl\":\"https:\\\/\\\/secure.gravatar.com\\\/avatar\\\/df64e550a0653b7be0f1bcf897f33faad9c2c8153472b2d9319beafb51370f6f?s=96&d=mm&r=g\",\"caption\":\"admin\"},\"sameAs\":[\"http:\\\/\\\/mybook.am\"],\"url\":\"https:\\\/\\\/mybook.am\\\/?author=1\"}]}<\/script>\n<!-- \/ Yoast SEO plugin. -->","yoast_head_json":{"title":"\u00ab L\u2019homme le plus beau d\u2019Allemagne \u00bb cache une v\u00e9rit\u00e9 qui choque m\u00eame ceux qui admirent son visage parfait : cette beaut\u00e9 n\u2019est pas naturelle. -","robots":{"index":"index","follow":"follow","max-snippet":"max-snippet:-1","max-image-preview":"max-image-preview:large","max-video-preview":"max-video-preview:-1"},"canonical":"https:\/\/mybook.am\/?p=26516","og_locale":"ru_RU","og_type":"article","og_title":"\u00ab L\u2019homme le plus beau d\u2019Allemagne \u00bb cache une v\u00e9rit\u00e9 qui choque m\u00eame ceux qui admirent son visage parfait : cette beaut\u00e9 n\u2019est pas naturelle. -","og_description":"Derri\u00e8re l\u2019apparence spectaculaire de Harald Gl\u00f6\u00f6ckler se trouve une histoire marqu\u00e9e par la perte, la douleur et une transformation extr\u00eame qui a boulevers\u00e9","og_url":"https:\/\/mybook.am\/?p=26516","article_published_time":"2026-03-12T14:30:23+00:00","article_modified_time":"2026-03-12T14:30:24+00:00","og_image":[{"width":850,"height":1064,"url":"https:\/\/mybook.am\/wp-content\/uploads\/2026\/03\/46578965465.jpg","type":"image\/jpeg"}],"author":"admin","twitter_card":"summary_large_image","twitter_misc":{"\u041d\u0430\u043f\u0438\u0441\u0430\u043d\u043e \u0430\u0432\u0442\u043e\u0440\u043e\u043c":"admin","\u041f\u0440\u0438\u043c\u0435\u0440\u043d\u043e\u0435 \u0432\u0440\u0435\u043c\u044f \u0434\u043b\u044f \u0447\u0442\u0435\u043d\u0438\u044f":"4 \u043c\u0438\u043d\u0443\u0442\u044b"},"schema":{"@context":"https:\/\/schema.org","@graph":[{"@type":"Article","@id":"https:\/\/mybook.am\/?p=26516#article","isPartOf":{"@id":"https:\/\/mybook.am\/?p=26516"},"author":{"name":"admin","@id":"https:\/\/mybook.am\/#\/schema\/person\/e730847942cff3a199774e803916e97e"},"headline":"\u00ab L\u2019homme le plus beau d\u2019Allemagne \u00bb cache une v\u00e9rit\u00e9 qui choque m\u00eame ceux qui admirent son visage parfait : cette beaut\u00e9 n\u2019est pas naturelle.","datePublished":"2026-03-12T14:30:23+00:00","dateModified":"2026-03-12T14:30:24+00:00","mainEntityOfPage":{"@id":"https:\/\/mybook.am\/?p=26516"},"wordCount":618,"commentCount":0,"image":{"@id":"https:\/\/mybook.am\/?p=26516#primaryimage"},"thumbnailUrl":"https:\/\/mybook.am\/wp-content\/uploads\/2026\/03\/46578965465.jpg","articleSection":["FRANS"],"inLanguage":"ru-RU","potentialAction":[{"@type":"CommentAction","name":"Comment","target":["https:\/\/mybook.am\/?p=26516#respond"]}]},{"@type":"WebPage","@id":"https:\/\/mybook.am\/?p=26516","url":"https:\/\/mybook.am\/?p=26516","name":"\u00ab L\u2019homme le plus beau d\u2019Allemagne \u00bb cache une v\u00e9rit\u00e9 qui choque m\u00eame ceux qui admirent son visage parfait : cette beaut\u00e9 n\u2019est pas naturelle. -","isPartOf":{"@id":"https:\/\/mybook.am\/#website"},"primaryImageOfPage":{"@id":"https:\/\/mybook.am\/?p=26516#primaryimage"},"image":{"@id":"https:\/\/mybook.am\/?p=26516#primaryimage"},"thumbnailUrl":"https:\/\/mybook.am\/wp-content\/uploads\/2026\/03\/46578965465.jpg","datePublished":"2026-03-12T14:30:23+00:00","dateModified":"2026-03-12T14:30:24+00:00","author":{"@id":"https:\/\/mybook.am\/#\/schema\/person\/e730847942cff3a199774e803916e97e"},"breadcrumb":{"@id":"https:\/\/mybook.am\/?p=26516#breadcrumb"},"inLanguage":"ru-RU","potentialAction":[{"@type":"ReadAction","target":["https:\/\/mybook.am\/?p=26516"]}]},{"@type":"ImageObject","inLanguage":"ru-RU","@id":"https:\/\/mybook.am\/?p=26516#primaryimage","url":"https:\/\/mybook.am\/wp-content\/uploads\/2026\/03\/46578965465.jpg","contentUrl":"https:\/\/mybook.am\/wp-content\/uploads\/2026\/03\/46578965465.jpg","width":850,"height":1064},{"@type":"BreadcrumbList","@id":"https:\/\/mybook.am\/?p=26516#breadcrumb","itemListElement":[{"@type":"ListItem","position":1,"name":"\u0413\u043b\u0430\u0432\u043d\u0430\u044f \u0441\u0442\u0440\u0430\u043d\u0438\u0446\u0430","item":"https:\/\/mybook.am\/"},{"@type":"ListItem","position":2,"name":"\u00ab L\u2019homme le plus beau d\u2019Allemagne \u00bb cache une v\u00e9rit\u00e9 qui choque m\u00eame ceux qui admirent son visage parfait : cette beaut\u00e9 n\u2019est pas naturelle."}]},{"@type":"WebSite","@id":"https:\/\/mybook.am\/#website","url":"https:\/\/mybook.am\/","name":"","description":"","potentialAction":[{"@type":"SearchAction","target":{"@type":"EntryPoint","urlTemplate":"https:\/\/mybook.am\/?s={search_term_string}"},"query-input":{"@type":"PropertyValueSpecification","valueRequired":true,"valueName":"search_term_string"}}],"inLanguage":"ru-RU"},{"@type":"Person","@id":"https:\/\/mybook.am\/#\/schema\/person\/e730847942cff3a199774e803916e97e","name":"admin","image":{"@type":"ImageObject","inLanguage":"ru-RU","@id":"https:\/\/secure.gravatar.com\/avatar\/df64e550a0653b7be0f1bcf897f33faad9c2c8153472b2d9319beafb51370f6f?s=96&d=mm&r=g","url":"https:\/\/secure.gravatar.com\/avatar\/df64e550a0653b7be0f1bcf897f33faad9c2c8153472b2d9319beafb51370f6f?s=96&d=mm&r=g","contentUrl":"https:\/\/secure.gravatar.com\/avatar\/df64e550a0653b7be0f1bcf897f33faad9c2c8153472b2d9319beafb51370f6f?s=96&d=mm&r=g","caption":"admin"},"sameAs":["http:\/\/mybook.am"],"url":"https:\/\/mybook.am\/?author=1"}]}},"views":70,"_links":{"self":[{"href":"https:\/\/mybook.am\/index.php?rest_route=\/wp\/v2\/posts\/26516","targetHints":{"allow":["GET"]}}],"collection":[{"href":"https:\/\/mybook.am\/index.php?rest_route=\/wp\/v2\/posts"}],"about":[{"href":"https:\/\/mybook.am\/index.php?rest_route=\/wp\/v2\/types\/post"}],"author":[{"embeddable":true,"href":"https:\/\/mybook.am\/index.php?rest_route=\/wp\/v2\/users\/1"}],"replies":[{"embeddable":true,"href":"https:\/\/mybook.am\/index.php?rest_route=%2Fwp%2Fv2%2Fcomments&post=26516"}],"version-history":[{"count":1,"href":"https:\/\/mybook.am\/index.php?rest_route=\/wp\/v2\/posts\/26516\/revisions"}],"predecessor-version":[{"id":26519,"href":"https:\/\/mybook.am\/index.php?rest_route=\/wp\/v2\/posts\/26516\/revisions\/26519"}],"wp:featuredmedia":[{"embeddable":true,"href":"https:\/\/mybook.am\/index.php?rest_route=\/wp\/v2\/media\/26517"}],"wp:attachment":[{"href":"https:\/\/mybook.am\/index.php?rest_route=%2Fwp%2Fv2%2Fmedia&parent=26516"}],"wp:term":[{"taxonomy":"category","embeddable":true,"href":"https:\/\/mybook.am\/index.php?rest_route=%2Fwp%2Fv2%2Fcategories&post=26516"},{"taxonomy":"post_tag","embeddable":true,"href":"https:\/\/mybook.am\/index.php?rest_route=%2Fwp%2Fv2%2Ftags&post=26516"}],"curies":[{"name":"wp","href":"https:\/\/api.w.org\/{rel}","templated":true}]}}