{"id":26532,"date":"2026-03-12T23:47:45","date_gmt":"2026-03-12T20:47:45","guid":{"rendered":"https:\/\/mybook.am\/?p=26532"},"modified":"2026-03-12T23:47:46","modified_gmt":"2026-03-12T20:47:46","slug":"dopis-od-mrtveho-manzela-dorazil-primo-doprostred-restaurace-kde-spolu-s-manzelkou-padesat-let-slavili-svou-lasku","status":"publish","type":"post","link":"https:\/\/mybook.am\/?p=26532","title":{"rendered":"Dopis od mrtv\u00e9ho man\u017eela dorazil p\u0159\u00edmo doprost\u0159ed restaurace, kde spolu s man\u017eelkou pades\u00e1t let slavili svou l\u00e1sku."},"content":{"rendered":"\n<p>Nikdo ale netu\u0161il, \u017ee skute\u010dn\u00fd \u0161ok nep\u0159ijde z dopisu, ale od mlad\u00e9ho cizince, kter\u00fd ho p\u0159inesl.V mal\u00e9 restauraci \u201eMarigolds\u201c se toho ve\u010dera odehr\u00e1la sc\u00e9na, na kterou person\u00e1l nikdy nezapomene. Star\u0161\u00ed \u017eena p\u0159i\u0161la ke sv\u00e9mu obl\u00edben\u00e9mu stolku u okna \u2013 ke stejn\u00e9mu, u kter\u00e9ho se sv\u00fdm mu\u017eem Piterem ve\u010de\u0159ela ka\u017ed\u00fd rok po dobu pades\u00e1ti let. Jen\u017ee tentokr\u00e1t u\u017e tam n\u011bkdo sed\u011bl.<\/p>\n\n\n\n<figure class=\"wp-block-image size-large is-resized\"><img loading=\"lazy\" decoding=\"async\" width=\"1024\" height=\"683\" src=\"https:\/\/mybook.am\/wp-content\/uploads\/2026\/03\/48798796-1024x683.png\" alt=\"\" class=\"wp-image-26534\" style=\"width:725px;height:auto\" srcset=\"https:\/\/mybook.am\/wp-content\/uploads\/2026\/03\/48798796-1024x683.png 1024w, https:\/\/mybook.am\/wp-content\/uploads\/2026\/03\/48798796-300x200.png 300w, https:\/\/mybook.am\/wp-content\/uploads\/2026\/03\/48798796-768x512.png 768w, https:\/\/mybook.am\/wp-content\/uploads\/2026\/03\/48798796.png 1536w\" sizes=\"auto, (max-width: 1024px) 100vw, 1024px\" \/><\/figure>\n\n\n\n<p>Mlad\u00fd mu\u017e. A pr\u00e1v\u011b on m\u011bl odhalit tajemstv\u00ed, kter\u00e9 jej\u00ed man\u017eel skr\u00fdval cel\u00fd \u017eivot.<\/p>\n\n\n\n<p>Helen se zastavila u dve\u0159\u00ed a n\u011bkolik vte\u0159in jen st\u00e1la. Srdce j\u00ed bu\u0161ilo tak siln\u011b, jako by znovu pro\u017e\u00edvala sv\u00e9 prvn\u00ed rande.<\/p>\n\n\n\n<p>Pr\u00e1v\u011b u tohoto stolku v\u0161echno za\u010dalo.<\/p>\n\n\n\n<p>P\u0159ed p\u016fl stolet\u00edm ji zde Piter poprv\u00e9 vzal za ruku. Tady se do sebe zamilovali. Tady ji po\u017e\u00e1dal o ruku. A p\u0159esn\u011b tady slavili ka\u017ed\u00e9 v\u00fdro\u010d\u00ed \u2013 rok co rok, bez jedin\u00e9 v\u00fdjimky.<\/p>\n\n\n\n<p>Ani po jeho smrti ten zvyk nep\u0159eru\u0161ila. Chodila sem sama, aby si p\u0159ipomn\u011bla jejich spole\u010dn\u00fd \u017eivot.<\/p>\n\n\n\n<p>Jen\u017ee ten ve\u010der byl jin\u00fd.<\/p>\n\n\n\n<p>U jejich stolku sed\u011bl mlad\u00edk, sotva dvacetilet\u00fd. Nerv\u00f3zn\u011b se d\u00edval na hodinky a v ruce pevn\u011b sv\u00edral ob\u00e1lku.<\/p>\n\n\n\n<p>Kdy\u017e se Helen p\u0159ibl\u00ed\u017eila, okam\u017eit\u011b vstal.<\/p>\n\n\n\n<p>\u201eMadam\u2026 vy jste Helen?\u201c zeptal se opatrn\u011b.<\/p>\n\n\n\n<p>\u201eAno,\u201c odpov\u011bd\u011bla p\u0159ekvapen\u011b. \u201eZn\u00e1me se?\u201c<\/p>\n\n\n\n<p>Mlad\u00edk zavrt\u011bl hlavou a podal j\u00ed ob\u00e1lku.<\/p>\n\n\n\n<p>\u201eV\u00e1\u0161 man\u017eel m\u011b po\u017e\u00e1dal, abych v\u00e1m to dnes p\u0159edal. Pr\u00e1v\u011b tady.\u201c<\/p>\n\n\n\n<p>Helen c\u00edtila, jak j\u00ed po z\u00e1dech p\u0159eb\u011bhl mr\u00e1z.<\/p>\n\n\n\n<p>Jej\u00ed man\u017eel zem\u0159el p\u0159ed dv\u011bma m\u011bs\u00edci.<\/p>\n\n\n\n<p>Rozechv\u011bl\u00fdmi prsty otev\u0159ela dopis.<\/p>\n\n\n\n<p>Ten rukopis by poznala mezi tis\u00edci.<\/p>\n\n\n\n<p>Piter.<\/p>\n\n\n\n<p>Jeho slova.<\/p>\n\n\n\n<p>\u201eHelen, je tu n\u011bco, co jsem ti nikdy ne\u0159ekl. B\u00e1l jsem se, \u017ee t\u011b ztrat\u00edm. Ale zaslou\u017e\u00ed\u0161 si zn\u00e1t pravdu.\u201c<\/p>\n\n\n\n<p>\u0158\u00e1dky se j\u00ed za\u010daly rozmaz\u00e1vat p\u0159ed o\u010dima.<\/p>\n\n\n\n<p>Zvedla hlavu k mlad\u00e9mu mu\u017ei.<\/p>\n\n\n\n<p>\u201eCo to znamen\u00e1?\u201c<\/p>\n\n\n\n<p>Chv\u00edli ml\u010del, pak ti\u0161e \u0159ekl:<\/p>\n\n\n\n<p>\u201eNa\u0161el m\u011b asi p\u0159ed rokem. Po\u017e\u00e1dal m\u011b, abych se s v\u00e1mi setkal, a\u017e odejde.\u201c<\/p>\n\n\n\n<p>Restaurace n\u00e1hle ztichla.<\/p>\n\n\n\n<p>Mlad\u00edk polo\u017eil na jej\u00ed dla\u0148 mal\u00fd p\u0159edm\u011bt zabalen\u00fd v ubrousku.<\/p>\n\n\n\n<p>\u201e\u0158ekl, \u017ee v\u0161echno pochop\u00edte, a\u017e to uvid\u00edte.\u201c<\/p>\n\n\n\n<p>Helen se zhluboka nadechla a pomalu ubrousek rozbalila.<\/p>\n\n\n\n<p>Na dlani le\u017eel star\u00fd st\u0159\u00edbrn\u00fd prsten.<\/p>\n\n\n\n<p>Nebyl to jej\u00ed snubn\u00ed.<\/p>\n\n\n\n<p>Byl jin\u00fd.<\/p>\n\n\n\n<p>Uvnit\u0159 byla vyryt\u00e1 mal\u00e1 inici\u00e1la.<\/p>\n\n\n\n<p>Helen ten prsten okam\u017eit\u011b poznala.<\/p>\n\n\n\n<p>Pat\u0159il Piterovi. Ztratil ho p\u0159ed v\u00edce ne\u017e \u010dty\u0159iceti lety.<\/p>\n\n\n\n<p>Vedle prstenu v\u0161ak le\u017eela je\u0161t\u011b star\u00e1 fotografie.<\/p>\n\n\n\n<p>Na n\u00ed st\u00e1l mlad\u00fd Piter vedle nezn\u00e1m\u00e9 \u017eeny\u2026 a mal\u00e9ho chlapce.<\/p>\n\n\n\n<p>Helen zbledla.<\/p>\n\n\n\n<p>Ten chlapec na fotografii byl a\u017e p\u0159\u00edli\u0161 podobn\u00fd mlad\u00edkovi p\u0159ed n\u00ed.<\/p>\n\n\n\n<p>Mlad\u00fd mu\u017e kone\u010dn\u011b promluvil:<\/p>\n\n\n\n<p>\u201eJmenuji se Michael. A\u2026 jsem jeho syn.\u201c<\/p>\n\n\n\n<p>Sv\u011bt se na okam\u017eik zastavil.<\/p>\n\n\n\n<p>Pades\u00e1t let man\u017eelstv\u00ed.<\/p>\n\n\n\n<p>Tis\u00edce spole\u010dn\u00fdch ve\u010de\u0159\u00ed.<\/p>\n\n\n\n<p>Nekone\u010dn\u00e9 mno\u017estv\u00ed slov o l\u00e1sce.<\/p>\n\n\n\n<p>A ani jedin\u00e9 slovo o tomhle.<\/p>\n\n\n\n<p>Helen se znovu pod\u00edvala do dopisu.<\/p>\n\n\n\n<p>\u201eStalo se to je\u0161t\u011b p\u0159edt\u00edm, ne\u017e jsem t\u011b poznal,\u201c psal Piter. \u201eO jeho existenci jsem se dozv\u011bd\u011bl pozd\u011b. Jeho matka mi dlouho nedovolila b\u00fdt sou\u010d\u00e1st\u00ed jeho \u017eivota. B\u00e1l jsem se, \u017ee kdybych ti to \u0159ekl, mohl bych t\u011b ztratit. Pros\u00edm, odpus\u0165 mi.\u201c<\/p>\n\n\n\n<p>Helen pomalu zvedla o\u010di.<\/p>\n\n\n\n<p>Mlad\u00edk p\u0159ed n\u00ed m\u011bl stejn\u00e9 o\u010di jako jej\u00ed man\u017eel.<\/p>\n\n\n\n<p>Stejn\u00fd pohled.<\/p>\n\n\n\n<p>Stejn\u00fd \u00fasm\u011bv.<\/p>\n\n\n\n<p>Stejnou tv\u00e1\u0159.<\/p>\n\n\n\n<p>Najednou j\u00ed do\u0161lo n\u011bco, co zm\u011bnilo cel\u00fd p\u0159\u00edb\u011bh.<\/p>\n\n\n\n<p>Piter p\u0159ed n\u00ed neskr\u00fdval zradu.<\/p>\n\n\n\n<p>Skr\u00fdval strach.<\/p>\n\n\n\n<p>Strach, \u017ee p\u0159ijde o \u017eenu, kterou miloval v\u00edc ne\u017e cokoliv na sv\u011bt\u011b.<\/p>\n\n\n\n<p>Helen dlouho ml\u010dela.<\/p>\n\n\n\n<p>Pak ud\u011blala n\u011bco, co nikdo v restauraci ne\u010dekal.<\/p>\n\n\n\n<p>Nat\u00e1hla ruku a jemn\u011b sev\u0159ela Michaelovu dla\u0148.<\/p>\n\n\n\n<p>\u201eTak si sedni,\u201c \u0159ekla ti\u0161e.<\/p>\n\n\n\n<p>\u201eU na\u0161eho stolu je v\u017edycky m\u00edsto pro rodinu.\u201c<\/p>\n","protected":false},"excerpt":{"rendered":"Nikdo ale netu\u0161il, \u017ee skute\u010dn\u00fd \u0161ok nep\u0159ijde z dopisu, ale od mlad\u00e9ho cizince, kter\u00fd ho p\u0159inesl.V mal\u00e9 restauraci \u201eMarigolds\u201c se toho ve\u010dera odehr\u00e1la \n<a class=\"moretag\" href=\"https:\/\/mybook.am\/?p=26532\"> [...]<\/a>","protected":false},"author":1,"featured_media":26534,"comment_status":"open","ping_status":"open","sticky":false,"template":"","format":"standard","meta":{"footnotes":""},"categories":[1],"tags":[],"class_list":["post-26532","post","type-post","status-publish","format-standard","has-post-thumbnail","hentry","category-ceska"],"yoast_head":"<!-- This site is optimized with the Yoast SEO plugin v27.4 - https:\/\/yoast.com\/product\/yoast-seo-wordpress\/ -->\n<title>Dopis od mrtv\u00e9ho man\u017eela dorazil p\u0159\u00edmo doprost\u0159ed restaurace, kde spolu s man\u017eelkou pades\u00e1t let slavili svou l\u00e1sku. -<\/title>\n<meta name=\"robots\" content=\"index, follow, max-snippet:-1, max-image-preview:large, max-video-preview:-1\" \/>\n<link rel=\"canonical\" href=\"https:\/\/mybook.am\/?p=26532\" \/>\n<meta property=\"og:locale\" content=\"ru_RU\" \/>\n<meta property=\"og:type\" content=\"article\" \/>\n<meta property=\"og:title\" content=\"Dopis od mrtv\u00e9ho man\u017eela dorazil p\u0159\u00edmo doprost\u0159ed restaurace, kde spolu s man\u017eelkou pades\u00e1t let slavili svou l\u00e1sku. -\" \/>\n<meta property=\"og:description\" content=\"Nikdo ale netu\u0161il, \u017ee skute\u010dn\u00fd \u0161ok nep\u0159ijde z dopisu, ale od mlad\u00e9ho cizince, kter\u00fd ho p\u0159inesl.V mal\u00e9 restauraci \u201eMarigolds\u201c se toho ve\u010dera odehr\u00e1la\" \/>\n<meta property=\"og:url\" content=\"https:\/\/mybook.am\/?p=26532\" \/>\n<meta property=\"article:published_time\" content=\"2026-03-12T20:47:45+00:00\" \/>\n<meta property=\"article:modified_time\" content=\"2026-03-12T20:47:46+00:00\" \/>\n<meta property=\"og:image\" content=\"https:\/\/mybook.am\/wp-content\/uploads\/2026\/03\/48798796-1024x683.png\" \/>\n\t<meta property=\"og:image:width\" content=\"1024\" \/>\n\t<meta property=\"og:image:height\" content=\"683\" \/>\n\t<meta property=\"og:image:type\" content=\"image\/png\" \/>\n<meta name=\"author\" content=\"admin\" \/>\n<meta name=\"twitter:card\" content=\"summary_large_image\" \/>\n<meta name=\"twitter:label1\" content=\"\u041d\u0430\u043f\u0438\u0441\u0430\u043d\u043e \u0430\u0432\u0442\u043e\u0440\u043e\u043c\" \/>\n\t<meta name=\"twitter:data1\" content=\"admin\" \/>\n\t<meta name=\"twitter:label2\" content=\"\u041f\u0440\u0438\u043c\u0435\u0440\u043d\u043e\u0435 \u0432\u0440\u0435\u043c\u044f \u0434\u043b\u044f \u0447\u0442\u0435\u043d\u0438\u044f\" \/>\n\t<meta name=\"twitter:data2\" content=\"4 \u043c\u0438\u043d\u0443\u0442\u044b\" \/>\n<script type=\"application\/ld+json\" class=\"yoast-schema-graph\">{\"@context\":\"https:\\\/\\\/schema.org\",\"@graph\":[{\"@type\":\"Article\",\"@id\":\"https:\\\/\\\/mybook.am\\\/?p=26532#article\",\"isPartOf\":{\"@id\":\"https:\\\/\\\/mybook.am\\\/?p=26532\"},\"author\":{\"name\":\"admin\",\"@id\":\"https:\\\/\\\/mybook.am\\\/#\\\/schema\\\/person\\\/e730847942cff3a199774e803916e97e\"},\"headline\":\"Dopis od mrtv\u00e9ho man\u017eela dorazil p\u0159\u00edmo doprost\u0159ed restaurace, kde spolu s man\u017eelkou pades\u00e1t let slavili svou l\u00e1sku.\",\"datePublished\":\"2026-03-12T20:47:45+00:00\",\"dateModified\":\"2026-03-12T20:47:46+00:00\",\"mainEntityOfPage\":{\"@id\":\"https:\\\/\\\/mybook.am\\\/?p=26532\"},\"wordCount\":744,\"commentCount\":0,\"image\":{\"@id\":\"https:\\\/\\\/mybook.am\\\/?p=26532#primaryimage\"},\"thumbnailUrl\":\"https:\\\/\\\/mybook.am\\\/wp-content\\\/uploads\\\/2026\\\/03\\\/48798796.png\",\"articleSection\":[\"\u010cesk\u00e1\"],\"inLanguage\":\"ru-RU\",\"potentialAction\":[{\"@type\":\"CommentAction\",\"name\":\"Comment\",\"target\":[\"https:\\\/\\\/mybook.am\\\/?p=26532#respond\"]}]},{\"@type\":\"WebPage\",\"@id\":\"https:\\\/\\\/mybook.am\\\/?p=26532\",\"url\":\"https:\\\/\\\/mybook.am\\\/?p=26532\",\"name\":\"Dopis od mrtv\u00e9ho man\u017eela dorazil p\u0159\u00edmo doprost\u0159ed restaurace, kde spolu s man\u017eelkou pades\u00e1t let slavili svou l\u00e1sku. -\",\"isPartOf\":{\"@id\":\"https:\\\/\\\/mybook.am\\\/#website\"},\"primaryImageOfPage\":{\"@id\":\"https:\\\/\\\/mybook.am\\\/?p=26532#primaryimage\"},\"image\":{\"@id\":\"https:\\\/\\\/mybook.am\\\/?p=26532#primaryimage\"},\"thumbnailUrl\":\"https:\\\/\\\/mybook.am\\\/wp-content\\\/uploads\\\/2026\\\/03\\\/48798796.png\",\"datePublished\":\"2026-03-12T20:47:45+00:00\",\"dateModified\":\"2026-03-12T20:47:46+00:00\",\"author\":{\"@id\":\"https:\\\/\\\/mybook.am\\\/#\\\/schema\\\/person\\\/e730847942cff3a199774e803916e97e\"},\"breadcrumb\":{\"@id\":\"https:\\\/\\\/mybook.am\\\/?p=26532#breadcrumb\"},\"inLanguage\":\"ru-RU\",\"potentialAction\":[{\"@type\":\"ReadAction\",\"target\":[\"https:\\\/\\\/mybook.am\\\/?p=26532\"]}]},{\"@type\":\"ImageObject\",\"inLanguage\":\"ru-RU\",\"@id\":\"https:\\\/\\\/mybook.am\\\/?p=26532#primaryimage\",\"url\":\"https:\\\/\\\/mybook.am\\\/wp-content\\\/uploads\\\/2026\\\/03\\\/48798796.png\",\"contentUrl\":\"https:\\\/\\\/mybook.am\\\/wp-content\\\/uploads\\\/2026\\\/03\\\/48798796.png\",\"width\":1536,\"height\":1024},{\"@type\":\"BreadcrumbList\",\"@id\":\"https:\\\/\\\/mybook.am\\\/?p=26532#breadcrumb\",\"itemListElement\":[{\"@type\":\"ListItem\",\"position\":1,\"name\":\"\u0413\u043b\u0430\u0432\u043d\u0430\u044f \u0441\u0442\u0440\u0430\u043d\u0438\u0446\u0430\",\"item\":\"https:\\\/\\\/mybook.am\\\/\"},{\"@type\":\"ListItem\",\"position\":2,\"name\":\"Dopis od mrtv\u00e9ho man\u017eela dorazil p\u0159\u00edmo doprost\u0159ed restaurace, kde spolu s man\u017eelkou pades\u00e1t let slavili svou l\u00e1sku.\"}]},{\"@type\":\"WebSite\",\"@id\":\"https:\\\/\\\/mybook.am\\\/#website\",\"url\":\"https:\\\/\\\/mybook.am\\\/\",\"name\":\"\",\"description\":\"\",\"potentialAction\":[{\"@type\":\"SearchAction\",\"target\":{\"@type\":\"EntryPoint\",\"urlTemplate\":\"https:\\\/\\\/mybook.am\\\/?s={search_term_string}\"},\"query-input\":{\"@type\":\"PropertyValueSpecification\",\"valueRequired\":true,\"valueName\":\"search_term_string\"}}],\"inLanguage\":\"ru-RU\"},{\"@type\":\"Person\",\"@id\":\"https:\\\/\\\/mybook.am\\\/#\\\/schema\\\/person\\\/e730847942cff3a199774e803916e97e\",\"name\":\"admin\",\"image\":{\"@type\":\"ImageObject\",\"inLanguage\":\"ru-RU\",\"@id\":\"https:\\\/\\\/secure.gravatar.com\\\/avatar\\\/df64e550a0653b7be0f1bcf897f33faad9c2c8153472b2d9319beafb51370f6f?s=96&d=mm&r=g\",\"url\":\"https:\\\/\\\/secure.gravatar.com\\\/avatar\\\/df64e550a0653b7be0f1bcf897f33faad9c2c8153472b2d9319beafb51370f6f?s=96&d=mm&r=g\",\"contentUrl\":\"https:\\\/\\\/secure.gravatar.com\\\/avatar\\\/df64e550a0653b7be0f1bcf897f33faad9c2c8153472b2d9319beafb51370f6f?s=96&d=mm&r=g\",\"caption\":\"admin\"},\"sameAs\":[\"http:\\\/\\\/mybook.am\"],\"url\":\"https:\\\/\\\/mybook.am\\\/?author=1\"}]}<\/script>\n<!-- \/ Yoast SEO plugin. -->","yoast_head_json":{"title":"Dopis od mrtv\u00e9ho man\u017eela dorazil p\u0159\u00edmo doprost\u0159ed restaurace, kde spolu s man\u017eelkou pades\u00e1t let slavili svou l\u00e1sku. -","robots":{"index":"index","follow":"follow","max-snippet":"max-snippet:-1","max-image-preview":"max-image-preview:large","max-video-preview":"max-video-preview:-1"},"canonical":"https:\/\/mybook.am\/?p=26532","og_locale":"ru_RU","og_type":"article","og_title":"Dopis od mrtv\u00e9ho man\u017eela dorazil p\u0159\u00edmo doprost\u0159ed restaurace, kde spolu s man\u017eelkou pades\u00e1t let slavili svou l\u00e1sku. -","og_description":"Nikdo ale netu\u0161il, \u017ee skute\u010dn\u00fd \u0161ok nep\u0159ijde z dopisu, ale od mlad\u00e9ho cizince, kter\u00fd ho p\u0159inesl.V mal\u00e9 restauraci \u201eMarigolds\u201c se toho ve\u010dera odehr\u00e1la","og_url":"https:\/\/mybook.am\/?p=26532","article_published_time":"2026-03-12T20:47:45+00:00","article_modified_time":"2026-03-12T20:47:46+00:00","og_image":[{"width":1024,"height":683,"url":"https:\/\/mybook.am\/wp-content\/uploads\/2026\/03\/48798796-1024x683.png","type":"image\/png"}],"author":"admin","twitter_card":"summary_large_image","twitter_misc":{"\u041d\u0430\u043f\u0438\u0441\u0430\u043d\u043e \u0430\u0432\u0442\u043e\u0440\u043e\u043c":"admin","\u041f\u0440\u0438\u043c\u0435\u0440\u043d\u043e\u0435 \u0432\u0440\u0435\u043c\u044f \u0434\u043b\u044f \u0447\u0442\u0435\u043d\u0438\u044f":"4 \u043c\u0438\u043d\u0443\u0442\u044b"},"schema":{"@context":"https:\/\/schema.org","@graph":[{"@type":"Article","@id":"https:\/\/mybook.am\/?p=26532#article","isPartOf":{"@id":"https:\/\/mybook.am\/?p=26532"},"author":{"name":"admin","@id":"https:\/\/mybook.am\/#\/schema\/person\/e730847942cff3a199774e803916e97e"},"headline":"Dopis od mrtv\u00e9ho man\u017eela dorazil p\u0159\u00edmo doprost\u0159ed restaurace, kde spolu s man\u017eelkou pades\u00e1t let slavili svou l\u00e1sku.","datePublished":"2026-03-12T20:47:45+00:00","dateModified":"2026-03-12T20:47:46+00:00","mainEntityOfPage":{"@id":"https:\/\/mybook.am\/?p=26532"},"wordCount":744,"commentCount":0,"image":{"@id":"https:\/\/mybook.am\/?p=26532#primaryimage"},"thumbnailUrl":"https:\/\/mybook.am\/wp-content\/uploads\/2026\/03\/48798796.png","articleSection":["\u010cesk\u00e1"],"inLanguage":"ru-RU","potentialAction":[{"@type":"CommentAction","name":"Comment","target":["https:\/\/mybook.am\/?p=26532#respond"]}]},{"@type":"WebPage","@id":"https:\/\/mybook.am\/?p=26532","url":"https:\/\/mybook.am\/?p=26532","name":"Dopis od mrtv\u00e9ho man\u017eela dorazil p\u0159\u00edmo doprost\u0159ed restaurace, kde spolu s man\u017eelkou pades\u00e1t let slavili svou l\u00e1sku. -","isPartOf":{"@id":"https:\/\/mybook.am\/#website"},"primaryImageOfPage":{"@id":"https:\/\/mybook.am\/?p=26532#primaryimage"},"image":{"@id":"https:\/\/mybook.am\/?p=26532#primaryimage"},"thumbnailUrl":"https:\/\/mybook.am\/wp-content\/uploads\/2026\/03\/48798796.png","datePublished":"2026-03-12T20:47:45+00:00","dateModified":"2026-03-12T20:47:46+00:00","author":{"@id":"https:\/\/mybook.am\/#\/schema\/person\/e730847942cff3a199774e803916e97e"},"breadcrumb":{"@id":"https:\/\/mybook.am\/?p=26532#breadcrumb"},"inLanguage":"ru-RU","potentialAction":[{"@type":"ReadAction","target":["https:\/\/mybook.am\/?p=26532"]}]},{"@type":"ImageObject","inLanguage":"ru-RU","@id":"https:\/\/mybook.am\/?p=26532#primaryimage","url":"https:\/\/mybook.am\/wp-content\/uploads\/2026\/03\/48798796.png","contentUrl":"https:\/\/mybook.am\/wp-content\/uploads\/2026\/03\/48798796.png","width":1536,"height":1024},{"@type":"BreadcrumbList","@id":"https:\/\/mybook.am\/?p=26532#breadcrumb","itemListElement":[{"@type":"ListItem","position":1,"name":"\u0413\u043b\u0430\u0432\u043d\u0430\u044f \u0441\u0442\u0440\u0430\u043d\u0438\u0446\u0430","item":"https:\/\/mybook.am\/"},{"@type":"ListItem","position":2,"name":"Dopis od mrtv\u00e9ho man\u017eela dorazil p\u0159\u00edmo doprost\u0159ed restaurace, kde spolu s man\u017eelkou pades\u00e1t let slavili svou l\u00e1sku."}]},{"@type":"WebSite","@id":"https:\/\/mybook.am\/#website","url":"https:\/\/mybook.am\/","name":"","description":"","potentialAction":[{"@type":"SearchAction","target":{"@type":"EntryPoint","urlTemplate":"https:\/\/mybook.am\/?s={search_term_string}"},"query-input":{"@type":"PropertyValueSpecification","valueRequired":true,"valueName":"search_term_string"}}],"inLanguage":"ru-RU"},{"@type":"Person","@id":"https:\/\/mybook.am\/#\/schema\/person\/e730847942cff3a199774e803916e97e","name":"admin","image":{"@type":"ImageObject","inLanguage":"ru-RU","@id":"https:\/\/secure.gravatar.com\/avatar\/df64e550a0653b7be0f1bcf897f33faad9c2c8153472b2d9319beafb51370f6f?s=96&d=mm&r=g","url":"https:\/\/secure.gravatar.com\/avatar\/df64e550a0653b7be0f1bcf897f33faad9c2c8153472b2d9319beafb51370f6f?s=96&d=mm&r=g","contentUrl":"https:\/\/secure.gravatar.com\/avatar\/df64e550a0653b7be0f1bcf897f33faad9c2c8153472b2d9319beafb51370f6f?s=96&d=mm&r=g","caption":"admin"},"sameAs":["http:\/\/mybook.am"],"url":"https:\/\/mybook.am\/?author=1"}]}},"views":56,"_links":{"self":[{"href":"https:\/\/mybook.am\/index.php?rest_route=\/wp\/v2\/posts\/26532","targetHints":{"allow":["GET"]}}],"collection":[{"href":"https:\/\/mybook.am\/index.php?rest_route=\/wp\/v2\/posts"}],"about":[{"href":"https:\/\/mybook.am\/index.php?rest_route=\/wp\/v2\/types\/post"}],"author":[{"embeddable":true,"href":"https:\/\/mybook.am\/index.php?rest_route=\/wp\/v2\/users\/1"}],"replies":[{"embeddable":true,"href":"https:\/\/mybook.am\/index.php?rest_route=%2Fwp%2Fv2%2Fcomments&post=26532"}],"version-history":[{"count":1,"href":"https:\/\/mybook.am\/index.php?rest_route=\/wp\/v2\/posts\/26532\/revisions"}],"predecessor-version":[{"id":26535,"href":"https:\/\/mybook.am\/index.php?rest_route=\/wp\/v2\/posts\/26532\/revisions\/26535"}],"wp:featuredmedia":[{"embeddable":true,"href":"https:\/\/mybook.am\/index.php?rest_route=\/wp\/v2\/media\/26534"}],"wp:attachment":[{"href":"https:\/\/mybook.am\/index.php?rest_route=%2Fwp%2Fv2%2Fmedia&parent=26532"}],"wp:term":[{"taxonomy":"category","embeddable":true,"href":"https:\/\/mybook.am\/index.php?rest_route=%2Fwp%2Fv2%2Fcategories&post=26532"},{"taxonomy":"post_tag","embeddable":true,"href":"https:\/\/mybook.am\/index.php?rest_route=%2Fwp%2Fv2%2Ftags&post=26532"}],"curies":[{"name":"wp","href":"https:\/\/api.w.org\/{rel}","templated":true}]}}