{"id":26537,"date":"2026-03-12T23:56:51","date_gmt":"2026-03-12T20:56:51","guid":{"rendered":"https:\/\/mybook.am\/?p=26537"},"modified":"2026-03-12T23:56:52","modified_gmt":"2026-03-12T20:56:52","slug":"sklenicka-se-roztristila-o-podlahu-a-v-tu-chvili-bylo-vsem-u-stolu-jasne-ze-narozeninova-oslava-se-zmenila-v-otevreny-rodinny-konflikt","status":"publish","type":"post","link":"https:\/\/mybook.am\/?p=26537","title":{"rendered":"Skleni\u010dka se rozt\u0159\u00ed\u0161tila o podlahu a v tu chv\u00edli bylo v\u0161em u stolu jasn\u00e9, \u017ee narozeninov\u00e1 oslava se zm\u011bnila v otev\u0159en\u00fd rodinn\u00fd konflikt."},"content":{"rendered":"\n<p>To, co m\u011blo b\u00fdt oby\u010dejn\u00fdm p\u0159\u00edpitkem, se b\u011bhem n\u011bkolika minut prom\u011bnilo v odhalen\u00ed, kter\u00e9 jedn\u00e9 \u017een\u011b doslova vzalo barvu z tv\u00e1\u0159e.\u010cty\u0159iadvacetilet\u00e1 \u017eena p\u0159i\u0161la p\u0159ed t\u0159emi m\u011bs\u00edci o oba rodi\u010de p\u0159i ni\u010div\u00e9m po\u017e\u00e1ru. Ohe\u0148 zni\u010dil jejich d\u016fm a b\u011bhem jedin\u00e9 noci j\u00ed vzal rodinu. Z\u00e1zrakem ale p\u0159e\u017eili jej\u00ed \u0161estilet\u00ed brat\u0159i \u2013 dvoj\u010data.<\/p>\n\n\n\n<figure class=\"wp-block-image size-large is-resized\"><img loading=\"lazy\" decoding=\"async\" width=\"1024\" height=\"683\" src=\"https:\/\/mybook.am\/wp-content\/uploads\/2026\/03\/456887846-1024x683.png\" alt=\"\" class=\"wp-image-26539\" style=\"width:727px;height:auto\" srcset=\"https:\/\/mybook.am\/wp-content\/uploads\/2026\/03\/456887846-1024x683.png 1024w, https:\/\/mybook.am\/wp-content\/uploads\/2026\/03\/456887846-300x200.png 300w, https:\/\/mybook.am\/wp-content\/uploads\/2026\/03\/456887846-768x512.png 768w, https:\/\/mybook.am\/wp-content\/uploads\/2026\/03\/456887846.png 1536w\" sizes=\"auto, (max-width: 1024px) 100vw, 1024px\" \/><\/figure>\n\n\n\n<p>Vyt\u00e1hla je z ho\u0159\u00edc\u00edho domu a od t\u00e9 chv\u00edle se stala jejich jedinou oporou, opatrovnic\u00ed i n\u00e1hradn\u00ed matkou.<\/p>\n\n\n\n<p>\u017divot se zm\u011bnil b\u011bhem n\u011bkolika hodin.<\/p>\n\n\n\n<p>P\u0159es den pr\u00e1ce, aby bylo na n\u00e1jem a j\u00eddlo. Ve\u010der dom\u00e1c\u00ed \u00fakoly, ve\u010de\u0159e, poh\u00e1dky p\u0159ed span\u00edm. Dva mal\u00ed chlapci, kte\u0159\u00ed se ka\u017edou noc budili s k\u0159ikem, proto\u017ee v hlav\u011b st\u00e1le vid\u011bli plameny.<\/p>\n\n\n\n<p>Vedle n\u00ed st\u00e1l jedin\u00fd \u010dlov\u011bk, kter\u00fd ji podporoval bez v\u00fdhrad \u2013 jej\u00ed snoubenec Mark.<\/p>\n\n\n\n<p>Hr\u00e1l si s chlapci, vodil je do parku, pom\u00e1hal jim s u\u010den\u00edm. Nikdy o nich nemluvil jako o \u201eciz\u00edch d\u011btech\u201c. Pro n\u011bj byli sou\u010d\u00e1st\u00ed rodiny.<\/p>\n\n\n\n<p>Jen\u017ee existoval jeden probl\u00e9m.<\/p>\n\n\n\n<p>Markova matka Joyce.<\/p>\n\n\n\n<p>Ta chlapce nesn\u00e1\u0161ela od prvn\u00edho dne. Ani se nesna\u017eila to skr\u00fdvat. Na rodinn\u00fdch setk\u00e1n\u00edch je ignorovala, n\u011bkdy dokonce demonstrativn\u011b odsunula jejich tal\u00ed\u0159e stranou.<\/p>\n\n\n\n<p>Podle n\u00ed jej\u00ed syn \u201ezaslou\u017eil opravdovou rodinu\u201c. A ne \u017eivot s \u017eenou, kter\u00e1 vychov\u00e1v\u00e1 dva mal\u00e9 kluky po trag\u00e9dii.<\/p>\n\n\n\n<p>\u0158\u00edkala to nahlas.<\/p>\n\n\n\n<p>A poka\u017ed\u00e9 trochu tvrd\u011bji.<\/p>\n\n\n\n<p>Zlom p\u0159i\u0161el ve chv\u00edli, kdy mlad\u00e1 \u017eena odjela na pracovn\u00ed cestu.<\/p>\n\n\n\n<p>Mark z\u016fstal doma s chlapci. Ve\u010der spole\u010dn\u011b p\u0159ipravovali ve\u010de\u0159i. Klidn\u00e1 dom\u00e1c\u00ed chv\u00edle, nic neobvykl\u00e9ho.<\/p>\n\n\n\n<p>Pak zazvonil zvonek.<\/p>\n\n\n\n<p>Za dve\u0159mi st\u00e1la Joyce.<\/p>\n\n\n\n<p>A vedle n\u00ed na zemi dva velk\u00e9 kufry.<\/p>\n\n\n\n<p>Ve\u0161la dovnit\u0159, ani\u017e by \u010dekala na pozv\u00e1n\u00ed, a chladn\u00fdm hlasem \u0159ekla chlapc\u016fm v\u011btu, kter\u00e1 se jim nav\u017edy vryla do pam\u011bti:<\/p>\n\n\n\n<p>\u201eTohle je pro va\u0161i novou rodinu. Jd\u011bte si sbalit v\u011bci. Tady dlouho nez\u016fstanete.\u201c<\/p>\n\n\n\n<p>\u0160estilet\u00e9 d\u011bti z\u016fstaly st\u00e1t jako p\u0159imra\u017een\u00e9.<\/p>\n\n\n\n<p>A pak p\u0159i\u0161la dal\u0161\u00ed r\u00e1na.<\/p>\n\n\n\n<p>\u201eM\u016fj syn si zaslou\u017e\u00ed skute\u010dnou rodinu. Ne takov\u00e9 d\u011bti, jako jste vy.\u201c<\/p>\n\n\n\n<p>Potom ode\u0161la.<\/p>\n\n\n\n<p>Zanechala za sebou dva vystra\u0161en\u00e9 kluky v slz\u00e1ch.<\/p>\n\n\n\n<p>Kdy\u017e se jejich sestra vr\u00e1tila z cesty a Mark j\u00ed v\u0161echno \u0159ekl, bylo jasn\u00e9, \u017ee tohle u\u017e d\u00e1l pokra\u010dovat nem\u016f\u017ee.<\/p>\n\n\n\n<p>Muselo to skon\u010dit.<\/p>\n\n\n\n<p>A Mark souhlasil.<\/p>\n\n\n\n<p>O n\u011bkolik dn\u00ed pozd\u011bji pozvali Joyce na oslavu Markov\u00fdch narozenin. V\u0161echno vypadalo norm\u00e1ln\u011b. Sv\u011btla, dort, host\u00e9, hudba.<\/p>\n\n\n\n<p>Nikdo netu\u0161il, \u017ee jde o p\u0159ipraven\u00fd okam\u017eik.<\/p>\n\n\n\n<p>B\u011bhem p\u0159\u00edpitku se mlad\u00e1 \u017eena naklonila k Joyce a potichu \u0159ekla:<\/p>\n\n\n\n<p>\u201eJoyce\u2026 m\u011bla jsi pravdu. Rozhodli jsme se chlapc\u016f vzd\u00e1t. Bude pro n\u011b lep\u0161\u00ed \u017e\u00edt n\u011bkde jinde. U\u017e \u017e\u00e1dn\u00e9 konflikty.\u201c<\/p>\n\n\n\n<p>Joyce se rozz\u00e1\u0159ila.<\/p>\n\n\n\n<p>Ani se nesna\u017eila skr\u00fdt radost.<\/p>\n\n\n\n<p>\u201eKONE\u010cN\u011a!\u201c zvolala t\u00e9m\u011b\u0159 v\u00edt\u011bzoslavn\u011b.<br>\u201e\u0158\u00edkala jsem, \u017ee sem nepat\u0159\u00ed! To je nejlep\u0161\u00ed zpr\u00e1va, jakou jsem kdy sly\u0161ela!\u201c<\/p>\n\n\n\n<p>Host\u00e9 se po sob\u011b za\u010dali nejist\u011b d\u00edvat.<\/p>\n\n\n\n<p>V tu chv\u00edli se Mark pomalu zvedl ze \u017eidle.<\/p>\n\n\n\n<p>Jeho hlas byl klidn\u00fd, ale pevn\u00fd.<\/p>\n\n\n\n<p>\u201eJe tu jen jeden mal\u00fd detail.\u201c<\/p>\n\n\n\n<p>S\u00e1hl pod st\u016fl a vyt\u00e1hl p\u0159edm\u011bt, kter\u00fd polo\u017eil p\u0159ed svou matku.<\/p>\n\n\n\n<p>Kdy\u017e Joyce uvid\u011bla, co to je, jej\u00ed \u00fasm\u011bv okam\u017eit\u011b zmizel.<\/p>\n\n\n\n<p>Byla to slo\u017eka s dokumenty.<\/p>\n\n\n\n<p>Naho\u0159e le\u017eela kopie \u017e\u00e1dosti.<\/p>\n\n\n\n<p>Mark se na ni pod\u00edval p\u0159\u00edmo a \u0159ekl v\u011btu, kter\u00e1 zm\u011bnila atmosf\u00e9ru v cel\u00e9 m\u00edstnosti:<\/p>\n\n\n\n<p>\u201ePodali jsme \u017e\u00e1dost o adopci.\u201c<\/p>\n\n\n\n<p>Vidli\u010dka Joyce vypadla z ruky.<\/p>\n\n\n\n<p>Zbledla.<\/p>\n\n\n\n<p>\u201eMarku\u2026 ne\u2026 to bys neud\u011blal\u2026\u201c<\/p>\n\n\n\n<p>Mark ale pokra\u010doval.<\/p>\n\n\n\n<p>\u201eUd\u011blali jsme je\u0161t\u011b jednu v\u011bc. Po tom, co jsi t\u011bm d\u011btem \u0159ekla, jsme po\u017e\u00e1dali soud, aby ses k nim u\u017e nemohla p\u0159ibl\u00ed\u017eit.\u201c<\/p>\n\n\n\n<p>V m\u00edstnosti zavl\u00e1dlo ticho.<\/p>\n\n\n\n<p>N\u011bkte\u0159\u00ed host\u00e9 za\u010dali tleskat.<\/p>\n\n\n\n<p>A na druh\u00e9 stran\u011b stolu sed\u011bli dva mal\u00ed chlapci, kte\u0159\u00ed dr\u017eeli svou sestru za ruce.<\/p>\n\n\n\n<p>N\u011bkdy rodinu neur\u010duje krev.<\/p>\n\n\n\n<p>N\u011bkdy rodinu ur\u010duje odvaha n\u011bkoho chr\u00e1nit.<\/p>\n","protected":false},"excerpt":{"rendered":"To, co m\u011blo b\u00fdt oby\u010dejn\u00fdm p\u0159\u00edpitkem, se b\u011bhem n\u011bkolika minut prom\u011bnilo v odhalen\u00ed, kter\u00e9 jedn\u00e9 \u017een\u011b doslova vzalo barvu z tv\u00e1\u0159e.\u010cty\u0159iadvacetilet\u00e1 \u017eena p\u0159i\u0161la \n<a class=\"moretag\" href=\"https:\/\/mybook.am\/?p=26537\"> [...]<\/a>","protected":false},"author":1,"featured_media":26539,"comment_status":"open","ping_status":"open","sticky":false,"template":"","format":"standard","meta":{"footnotes":""},"categories":[1],"tags":[],"class_list":["post-26537","post","type-post","status-publish","format-standard","has-post-thumbnail","hentry","category-ceska"],"yoast_head":"<!-- This site is optimized with the Yoast SEO plugin v27.4 - https:\/\/yoast.com\/product\/yoast-seo-wordpress\/ -->\n<title>Skleni\u010dka se rozt\u0159\u00ed\u0161tila o podlahu a v tu chv\u00edli bylo v\u0161em u stolu jasn\u00e9, \u017ee narozeninov\u00e1 oslava se zm\u011bnila v otev\u0159en\u00fd rodinn\u00fd konflikt. -<\/title>\n<meta name=\"robots\" content=\"index, follow, max-snippet:-1, max-image-preview:large, max-video-preview:-1\" \/>\n<link rel=\"canonical\" href=\"https:\/\/mybook.am\/?p=26537\" \/>\n<meta property=\"og:locale\" content=\"ru_RU\" \/>\n<meta property=\"og:type\" content=\"article\" \/>\n<meta property=\"og:title\" content=\"Skleni\u010dka se rozt\u0159\u00ed\u0161tila o podlahu a v tu chv\u00edli bylo v\u0161em u stolu jasn\u00e9, \u017ee narozeninov\u00e1 oslava se zm\u011bnila v otev\u0159en\u00fd rodinn\u00fd konflikt. -\" \/>\n<meta property=\"og:description\" content=\"To, co m\u011blo b\u00fdt oby\u010dejn\u00fdm p\u0159\u00edpitkem, se b\u011bhem n\u011bkolika minut prom\u011bnilo v odhalen\u00ed, kter\u00e9 jedn\u00e9 \u017een\u011b doslova vzalo barvu z tv\u00e1\u0159e.\u010cty\u0159iadvacetilet\u00e1 \u017eena p\u0159i\u0161la\" \/>\n<meta property=\"og:url\" content=\"https:\/\/mybook.am\/?p=26537\" \/>\n<meta property=\"article:published_time\" content=\"2026-03-12T20:56:51+00:00\" \/>\n<meta property=\"article:modified_time\" content=\"2026-03-12T20:56:52+00:00\" \/>\n<meta property=\"og:image\" content=\"https:\/\/mybook.am\/wp-content\/uploads\/2026\/03\/456887846-1024x683.png\" \/>\n\t<meta property=\"og:image:width\" content=\"1024\" \/>\n\t<meta property=\"og:image:height\" content=\"683\" \/>\n\t<meta property=\"og:image:type\" content=\"image\/png\" \/>\n<meta name=\"author\" content=\"admin\" \/>\n<meta name=\"twitter:card\" content=\"summary_large_image\" \/>\n<meta name=\"twitter:label1\" content=\"\u041d\u0430\u043f\u0438\u0441\u0430\u043d\u043e \u0430\u0432\u0442\u043e\u0440\u043e\u043c\" \/>\n\t<meta name=\"twitter:data1\" content=\"admin\" \/>\n\t<meta name=\"twitter:label2\" content=\"\u041f\u0440\u0438\u043c\u0435\u0440\u043d\u043e\u0435 \u0432\u0440\u0435\u043c\u044f \u0434\u043b\u044f \u0447\u0442\u0435\u043d\u0438\u044f\" \/>\n\t<meta name=\"twitter:data2\" content=\"4 \u043c\u0438\u043d\u0443\u0442\u044b\" \/>\n<script type=\"application\/ld+json\" class=\"yoast-schema-graph\">{\"@context\":\"https:\\\/\\\/schema.org\",\"@graph\":[{\"@type\":\"Article\",\"@id\":\"https:\\\/\\\/mybook.am\\\/?p=26537#article\",\"isPartOf\":{\"@id\":\"https:\\\/\\\/mybook.am\\\/?p=26537\"},\"author\":{\"name\":\"admin\",\"@id\":\"https:\\\/\\\/mybook.am\\\/#\\\/schema\\\/person\\\/e730847942cff3a199774e803916e97e\"},\"headline\":\"Skleni\u010dka se rozt\u0159\u00ed\u0161tila o podlahu a v tu chv\u00edli bylo v\u0161em u stolu jasn\u00e9, \u017ee narozeninov\u00e1 oslava se zm\u011bnila v otev\u0159en\u00fd rodinn\u00fd konflikt.\",\"datePublished\":\"2026-03-12T20:56:51+00:00\",\"dateModified\":\"2026-03-12T20:56:52+00:00\",\"mainEntityOfPage\":{\"@id\":\"https:\\\/\\\/mybook.am\\\/?p=26537\"},\"wordCount\":781,\"commentCount\":0,\"image\":{\"@id\":\"https:\\\/\\\/mybook.am\\\/?p=26537#primaryimage\"},\"thumbnailUrl\":\"https:\\\/\\\/mybook.am\\\/wp-content\\\/uploads\\\/2026\\\/03\\\/456887846.png\",\"articleSection\":[\"\u010cesk\u00e1\"],\"inLanguage\":\"ru-RU\",\"potentialAction\":[{\"@type\":\"CommentAction\",\"name\":\"Comment\",\"target\":[\"https:\\\/\\\/mybook.am\\\/?p=26537#respond\"]}]},{\"@type\":\"WebPage\",\"@id\":\"https:\\\/\\\/mybook.am\\\/?p=26537\",\"url\":\"https:\\\/\\\/mybook.am\\\/?p=26537\",\"name\":\"Skleni\u010dka se rozt\u0159\u00ed\u0161tila o podlahu a v tu chv\u00edli bylo v\u0161em u stolu jasn\u00e9, \u017ee narozeninov\u00e1 oslava se zm\u011bnila v otev\u0159en\u00fd rodinn\u00fd konflikt. -\",\"isPartOf\":{\"@id\":\"https:\\\/\\\/mybook.am\\\/#website\"},\"primaryImageOfPage\":{\"@id\":\"https:\\\/\\\/mybook.am\\\/?p=26537#primaryimage\"},\"image\":{\"@id\":\"https:\\\/\\\/mybook.am\\\/?p=26537#primaryimage\"},\"thumbnailUrl\":\"https:\\\/\\\/mybook.am\\\/wp-content\\\/uploads\\\/2026\\\/03\\\/456887846.png\",\"datePublished\":\"2026-03-12T20:56:51+00:00\",\"dateModified\":\"2026-03-12T20:56:52+00:00\",\"author\":{\"@id\":\"https:\\\/\\\/mybook.am\\\/#\\\/schema\\\/person\\\/e730847942cff3a199774e803916e97e\"},\"breadcrumb\":{\"@id\":\"https:\\\/\\\/mybook.am\\\/?p=26537#breadcrumb\"},\"inLanguage\":\"ru-RU\",\"potentialAction\":[{\"@type\":\"ReadAction\",\"target\":[\"https:\\\/\\\/mybook.am\\\/?p=26537\"]}]},{\"@type\":\"ImageObject\",\"inLanguage\":\"ru-RU\",\"@id\":\"https:\\\/\\\/mybook.am\\\/?p=26537#primaryimage\",\"url\":\"https:\\\/\\\/mybook.am\\\/wp-content\\\/uploads\\\/2026\\\/03\\\/456887846.png\",\"contentUrl\":\"https:\\\/\\\/mybook.am\\\/wp-content\\\/uploads\\\/2026\\\/03\\\/456887846.png\",\"width\":1536,\"height\":1024},{\"@type\":\"BreadcrumbList\",\"@id\":\"https:\\\/\\\/mybook.am\\\/?p=26537#breadcrumb\",\"itemListElement\":[{\"@type\":\"ListItem\",\"position\":1,\"name\":\"\u0413\u043b\u0430\u0432\u043d\u0430\u044f \u0441\u0442\u0440\u0430\u043d\u0438\u0446\u0430\",\"item\":\"https:\\\/\\\/mybook.am\\\/\"},{\"@type\":\"ListItem\",\"position\":2,\"name\":\"Skleni\u010dka se rozt\u0159\u00ed\u0161tila o podlahu a v tu chv\u00edli bylo v\u0161em u stolu jasn\u00e9, \u017ee narozeninov\u00e1 oslava se zm\u011bnila v otev\u0159en\u00fd rodinn\u00fd konflikt.\"}]},{\"@type\":\"WebSite\",\"@id\":\"https:\\\/\\\/mybook.am\\\/#website\",\"url\":\"https:\\\/\\\/mybook.am\\\/\",\"name\":\"\",\"description\":\"\",\"potentialAction\":[{\"@type\":\"SearchAction\",\"target\":{\"@type\":\"EntryPoint\",\"urlTemplate\":\"https:\\\/\\\/mybook.am\\\/?s={search_term_string}\"},\"query-input\":{\"@type\":\"PropertyValueSpecification\",\"valueRequired\":true,\"valueName\":\"search_term_string\"}}],\"inLanguage\":\"ru-RU\"},{\"@type\":\"Person\",\"@id\":\"https:\\\/\\\/mybook.am\\\/#\\\/schema\\\/person\\\/e730847942cff3a199774e803916e97e\",\"name\":\"admin\",\"image\":{\"@type\":\"ImageObject\",\"inLanguage\":\"ru-RU\",\"@id\":\"https:\\\/\\\/secure.gravatar.com\\\/avatar\\\/df64e550a0653b7be0f1bcf897f33faad9c2c8153472b2d9319beafb51370f6f?s=96&d=mm&r=g\",\"url\":\"https:\\\/\\\/secure.gravatar.com\\\/avatar\\\/df64e550a0653b7be0f1bcf897f33faad9c2c8153472b2d9319beafb51370f6f?s=96&d=mm&r=g\",\"contentUrl\":\"https:\\\/\\\/secure.gravatar.com\\\/avatar\\\/df64e550a0653b7be0f1bcf897f33faad9c2c8153472b2d9319beafb51370f6f?s=96&d=mm&r=g\",\"caption\":\"admin\"},\"sameAs\":[\"http:\\\/\\\/mybook.am\"],\"url\":\"https:\\\/\\\/mybook.am\\\/?author=1\"}]}<\/script>\n<!-- \/ Yoast SEO plugin. -->","yoast_head_json":{"title":"Skleni\u010dka se rozt\u0159\u00ed\u0161tila o podlahu a v tu chv\u00edli bylo v\u0161em u stolu jasn\u00e9, \u017ee narozeninov\u00e1 oslava se zm\u011bnila v otev\u0159en\u00fd rodinn\u00fd konflikt. -","robots":{"index":"index","follow":"follow","max-snippet":"max-snippet:-1","max-image-preview":"max-image-preview:large","max-video-preview":"max-video-preview:-1"},"canonical":"https:\/\/mybook.am\/?p=26537","og_locale":"ru_RU","og_type":"article","og_title":"Skleni\u010dka se rozt\u0159\u00ed\u0161tila o podlahu a v tu chv\u00edli bylo v\u0161em u stolu jasn\u00e9, \u017ee narozeninov\u00e1 oslava se zm\u011bnila v otev\u0159en\u00fd rodinn\u00fd konflikt. -","og_description":"To, co m\u011blo b\u00fdt oby\u010dejn\u00fdm p\u0159\u00edpitkem, se b\u011bhem n\u011bkolika minut prom\u011bnilo v odhalen\u00ed, kter\u00e9 jedn\u00e9 \u017een\u011b doslova vzalo barvu z tv\u00e1\u0159e.\u010cty\u0159iadvacetilet\u00e1 \u017eena p\u0159i\u0161la","og_url":"https:\/\/mybook.am\/?p=26537","article_published_time":"2026-03-12T20:56:51+00:00","article_modified_time":"2026-03-12T20:56:52+00:00","og_image":[{"width":1024,"height":683,"url":"https:\/\/mybook.am\/wp-content\/uploads\/2026\/03\/456887846-1024x683.png","type":"image\/png"}],"author":"admin","twitter_card":"summary_large_image","twitter_misc":{"\u041d\u0430\u043f\u0438\u0441\u0430\u043d\u043e \u0430\u0432\u0442\u043e\u0440\u043e\u043c":"admin","\u041f\u0440\u0438\u043c\u0435\u0440\u043d\u043e\u0435 \u0432\u0440\u0435\u043c\u044f \u0434\u043b\u044f \u0447\u0442\u0435\u043d\u0438\u044f":"4 \u043c\u0438\u043d\u0443\u0442\u044b"},"schema":{"@context":"https:\/\/schema.org","@graph":[{"@type":"Article","@id":"https:\/\/mybook.am\/?p=26537#article","isPartOf":{"@id":"https:\/\/mybook.am\/?p=26537"},"author":{"name":"admin","@id":"https:\/\/mybook.am\/#\/schema\/person\/e730847942cff3a199774e803916e97e"},"headline":"Skleni\u010dka se rozt\u0159\u00ed\u0161tila o podlahu a v tu chv\u00edli bylo v\u0161em u stolu jasn\u00e9, \u017ee narozeninov\u00e1 oslava se zm\u011bnila v otev\u0159en\u00fd rodinn\u00fd konflikt.","datePublished":"2026-03-12T20:56:51+00:00","dateModified":"2026-03-12T20:56:52+00:00","mainEntityOfPage":{"@id":"https:\/\/mybook.am\/?p=26537"},"wordCount":781,"commentCount":0,"image":{"@id":"https:\/\/mybook.am\/?p=26537#primaryimage"},"thumbnailUrl":"https:\/\/mybook.am\/wp-content\/uploads\/2026\/03\/456887846.png","articleSection":["\u010cesk\u00e1"],"inLanguage":"ru-RU","potentialAction":[{"@type":"CommentAction","name":"Comment","target":["https:\/\/mybook.am\/?p=26537#respond"]}]},{"@type":"WebPage","@id":"https:\/\/mybook.am\/?p=26537","url":"https:\/\/mybook.am\/?p=26537","name":"Skleni\u010dka se rozt\u0159\u00ed\u0161tila o podlahu a v tu chv\u00edli bylo v\u0161em u stolu jasn\u00e9, \u017ee narozeninov\u00e1 oslava se zm\u011bnila v otev\u0159en\u00fd rodinn\u00fd konflikt. -","isPartOf":{"@id":"https:\/\/mybook.am\/#website"},"primaryImageOfPage":{"@id":"https:\/\/mybook.am\/?p=26537#primaryimage"},"image":{"@id":"https:\/\/mybook.am\/?p=26537#primaryimage"},"thumbnailUrl":"https:\/\/mybook.am\/wp-content\/uploads\/2026\/03\/456887846.png","datePublished":"2026-03-12T20:56:51+00:00","dateModified":"2026-03-12T20:56:52+00:00","author":{"@id":"https:\/\/mybook.am\/#\/schema\/person\/e730847942cff3a199774e803916e97e"},"breadcrumb":{"@id":"https:\/\/mybook.am\/?p=26537#breadcrumb"},"inLanguage":"ru-RU","potentialAction":[{"@type":"ReadAction","target":["https:\/\/mybook.am\/?p=26537"]}]},{"@type":"ImageObject","inLanguage":"ru-RU","@id":"https:\/\/mybook.am\/?p=26537#primaryimage","url":"https:\/\/mybook.am\/wp-content\/uploads\/2026\/03\/456887846.png","contentUrl":"https:\/\/mybook.am\/wp-content\/uploads\/2026\/03\/456887846.png","width":1536,"height":1024},{"@type":"BreadcrumbList","@id":"https:\/\/mybook.am\/?p=26537#breadcrumb","itemListElement":[{"@type":"ListItem","position":1,"name":"\u0413\u043b\u0430\u0432\u043d\u0430\u044f \u0441\u0442\u0440\u0430\u043d\u0438\u0446\u0430","item":"https:\/\/mybook.am\/"},{"@type":"ListItem","position":2,"name":"Skleni\u010dka se rozt\u0159\u00ed\u0161tila o podlahu a v tu chv\u00edli bylo v\u0161em u stolu jasn\u00e9, \u017ee narozeninov\u00e1 oslava se zm\u011bnila v otev\u0159en\u00fd rodinn\u00fd konflikt."}]},{"@type":"WebSite","@id":"https:\/\/mybook.am\/#website","url":"https:\/\/mybook.am\/","name":"","description":"","potentialAction":[{"@type":"SearchAction","target":{"@type":"EntryPoint","urlTemplate":"https:\/\/mybook.am\/?s={search_term_string}"},"query-input":{"@type":"PropertyValueSpecification","valueRequired":true,"valueName":"search_term_string"}}],"inLanguage":"ru-RU"},{"@type":"Person","@id":"https:\/\/mybook.am\/#\/schema\/person\/e730847942cff3a199774e803916e97e","name":"admin","image":{"@type":"ImageObject","inLanguage":"ru-RU","@id":"https:\/\/secure.gravatar.com\/avatar\/df64e550a0653b7be0f1bcf897f33faad9c2c8153472b2d9319beafb51370f6f?s=96&d=mm&r=g","url":"https:\/\/secure.gravatar.com\/avatar\/df64e550a0653b7be0f1bcf897f33faad9c2c8153472b2d9319beafb51370f6f?s=96&d=mm&r=g","contentUrl":"https:\/\/secure.gravatar.com\/avatar\/df64e550a0653b7be0f1bcf897f33faad9c2c8153472b2d9319beafb51370f6f?s=96&d=mm&r=g","caption":"admin"},"sameAs":["http:\/\/mybook.am"],"url":"https:\/\/mybook.am\/?author=1"}]}},"views":123,"_links":{"self":[{"href":"https:\/\/mybook.am\/index.php?rest_route=\/wp\/v2\/posts\/26537","targetHints":{"allow":["GET"]}}],"collection":[{"href":"https:\/\/mybook.am\/index.php?rest_route=\/wp\/v2\/posts"}],"about":[{"href":"https:\/\/mybook.am\/index.php?rest_route=\/wp\/v2\/types\/post"}],"author":[{"embeddable":true,"href":"https:\/\/mybook.am\/index.php?rest_route=\/wp\/v2\/users\/1"}],"replies":[{"embeddable":true,"href":"https:\/\/mybook.am\/index.php?rest_route=%2Fwp%2Fv2%2Fcomments&post=26537"}],"version-history":[{"count":1,"href":"https:\/\/mybook.am\/index.php?rest_route=\/wp\/v2\/posts\/26537\/revisions"}],"predecessor-version":[{"id":26540,"href":"https:\/\/mybook.am\/index.php?rest_route=\/wp\/v2\/posts\/26537\/revisions\/26540"}],"wp:featuredmedia":[{"embeddable":true,"href":"https:\/\/mybook.am\/index.php?rest_route=\/wp\/v2\/media\/26539"}],"wp:attachment":[{"href":"https:\/\/mybook.am\/index.php?rest_route=%2Fwp%2Fv2%2Fmedia&parent=26537"}],"wp:term":[{"taxonomy":"category","embeddable":true,"href":"https:\/\/mybook.am\/index.php?rest_route=%2Fwp%2Fv2%2Fcategories&post=26537"},{"taxonomy":"post_tag","embeddable":true,"href":"https:\/\/mybook.am\/index.php?rest_route=%2Fwp%2Fv2%2Ftags&post=26537"}],"curies":[{"name":"wp","href":"https:\/\/api.w.org\/{rel}","templated":true}]}}