{"id":26577,"date":"2026-03-14T09:17:52","date_gmt":"2026-03-14T06:17:52","guid":{"rendered":"https:\/\/mybook.am\/?p=26577"},"modified":"2026-03-14T09:17:55","modified_gmt":"2026-03-14T06:17:55","slug":"on-frappa-a-la-porte-donnant-vie-au-dessin-de-lenfant","status":"publish","type":"post","link":"https:\/\/mybook.am\/?p=26577","title":{"rendered":"On frappa \u00e0 la porte, donnant vie au dessin de l&#8217;enfant."},"content":{"rendered":"\n<p>Sur le seuil se tenait l&#8217;homme que le petit gar\u00e7on de huit ans dessinait depuis des mois : grand, coiff\u00e9 d&#8217;une casquette rouge et v\u00eatu d&#8217;une chemise rouge vif. C&#8217;\u00e9tait dans un petit appartement en p\u00e9riph\u00e9rie de la ville. Le plus troublant, c&#8217;\u00e9tait que l&#8217;enfant avait toujours dit que cet homme viendrait un jour.<\/p>\n\n\n\n<figure class=\"wp-block-image size-full\"><img loading=\"lazy\" decoding=\"async\" width=\"900\" height=\"600\" src=\"https:\/\/mybook.am\/wp-content\/uploads\/2026\/03\/7987656465.png\" alt=\"\" class=\"wp-image-26580\" srcset=\"https:\/\/mybook.am\/wp-content\/uploads\/2026\/03\/7987656465.png 900w, https:\/\/mybook.am\/wp-content\/uploads\/2026\/03\/7987656465-300x200.png 300w, https:\/\/mybook.am\/wp-content\/uploads\/2026\/03\/7987656465-768x512.png 768w\" sizes=\"auto, (max-width: 900px) 100vw, 900px\" \/><\/figure>\n\n\n\n<p>La m\u00e8re ouvrit la porte et resta fig\u00e9e quelques secondes.<\/p>\n\n\n\n<p>Elle \u00e9tait paralys\u00e9e. Elle ne pouvait rien dire.<\/p>\n\n\n\n<p>Elle connaissait ce visage.<\/p>\n\n\n\n<p>Elle l&#8217;avait vu des dizaines, peut-\u00eatre des centaines de fois, mais toujours seulement sur le papier. Dans les dessins de son fils.<\/p>\n\n\n\n<p>Son petit gar\u00e7on de huit ans adorait dessiner plus que tout. Leur appartement \u00e9tait peu meubl\u00e9 : un vieux canap\u00e9, une table bon march\u00e9, quelques chaises et une armoire qui semblait avoir connu des jours meilleurs. L&#8217;argent manquait toujours, car sa m\u00e8re cumulait deux emplois.<\/p>\n\n\n\n<p>Mais elle veillait toujours \u00e0 ce qu&#8217;il ait une chose essentielle :<\/p>\n\n\n\n<p>Du papier et des crayons.<\/p>\n\n\n\n<p>C&#8217;\u00e9tait sa fa\u00e7on d&#8217;\u00e9chapper \u00e0 la r\u00e9alit\u00e9.<\/p>\n\n\n\n<p>Mais depuis quelques mois, il dessinait sans cesse le m\u00eame personnage.<\/p>\n\n\n\n<p>Un homme grand, coiff\u00e9 d&#8217;une casquette rouge et v\u00eatu d&#8217;une chemise rouge.<\/p>\n\n\n\n<p>Pas de maisons, pas d&#8217;arbres, pas d&#8217;arri\u00e8re-plan. Juste l&#8217;homme. Il se tenait au milieu d&#8217;une feuille blanche, souriant calmement.<\/p>\n\n\n\n<p>Au d\u00e9but, sa m\u00e8re n&#8217;y trouva rien d&#8217;\u00e9trange.<\/p>\n\n\n\n<p>Les enfants dessinent souvent des amis imaginaires. Ils inventent des personnages qui les aident \u00e0 traverser les moments difficiles. Et leur vie n&#8217;\u00e9tait vraiment pas facile.<\/p>\n\n\n\n<p>Mais une chose la troublait.<\/p>\n\n\n\n<p>Parfois, le gar\u00e7on tenait le dessin entre ses mains et le contemplait longuement.<\/p>\n\n\n\n<p>Puis il disait :<\/p>\n\n\n\n<p>\u00ab Maman, un jour il viendra nous rendre visite. Et tout sera diff\u00e9rent. \u00bb<\/p>\n\n\n\n<p>Il le disait si calmement que cela la figea.<\/p>\n\n\n\n<p>Elle essaya d&#8217;en rire. Elle se disait que ce n&#8217;\u00e9tait que l&#8217;imagination d&#8217;un enfant.<\/p>\n\n\n\n<p>Mais un soir, elle commen\u00e7a \u00e0 ramasser les dessins.<\/p>\n\n\n\n<p>Il y en avait plus d&#8217;une centaine.<\/p>\n\n\n\n<p>Et presque tous se ressemblaient.<\/p>\n\n\n\n<p>La m\u00eame casquette rouge. Le m\u00eame sourire. La m\u00eame silhouette.<\/p>\n\n\n\n<p>Comme si son fils ne dessinait pas quelqu&#8217;un d&#8217;imaginaire.<\/p>\n\n\n\n<p>Comme s&#8217;il dessinait quelqu&#8217;un qu&#8217;il connaissait vraiment.<\/p>\n\n\n\n<p>Puis le jour J arriva.<\/p>\n\n\n\n<p>On frappa fort \u00e0 la porte.<\/p>\n\n\n\n<p>La m\u00e8re alla ouvrir.<\/p>\n\n\n\n<p>Et \u00e0 cet instant, elle eut le souffle coup\u00e9.<\/p>\n\n\n\n<p>Le m\u00eame homme se tenait sur le seuil.<\/p>\n\n\n\n<p>La casquette rouge.<\/p>\n\n\n\n<p>La chemise rouge.<\/p>\n\n\n\n<p>La m\u00eame expression calme.<\/p>\n\n\n\n<p>L&#8217;homme la regarda comme s&#8217;il la connaissait depuis toujours.<\/p>\n\n\n\n<p>\u00ab Bonjour \u00bb, dit-il doucement. \u00ab Puis-je entrer un instant ? \u00bb<\/p>\n\n\n\n<p>Une voix d&#8217;enfant parvint derri\u00e8re elle.<\/p>\n\n\n\n<p>\u00ab Maman\u2026 \u00bb<\/p>\n\n\n\n<p>Le fils quitta la pi\u00e8ce.<\/p>\n\n\n\n<p>Il regarda l&#8217;homme et son visage s&#8217;illumina aussit\u00f4t.<\/p>\n\n\n\n<p>Il n&#8217;\u00e9tait pas surpris.<\/p>\n\n\n\n<p>Il n&#8217;avait pas peur.<\/p>\n\n\n\n<p>Au contraire.<\/p>\n\n\n\n<p>Il sourit.<\/p>\n\n\n\n<p>\u00ab Tu vois ? \u00bb dit-il. \u00ab Je te l\u2019avais dit qu\u2019il viendrait. \u00bb<\/p>\n\n\n\n<p>Le c\u0153ur de la m\u00e8re s\u2019emballa.<\/p>\n\n\n\n<p>\u00ab Comment connaissez-vous mon fils ? \u00bb demanda-t-elle.<\/p>\n\n\n\n<p>L\u2019homme entra dans l\u2019appartement et regarda autour de lui.<\/p>\n\n\n\n<p>Son regard se posa imm\u00e9diatement sur la table o\u00f9 \u00e9taient \u00e9tal\u00e9s des dizaines de dessins anim\u00e9s.<\/p>\n\n\n\n<p>Il en prit un.<\/p>\n\n\n\n<p>Il le contempla longuement.<\/p>\n\n\n\n<p>Puis il sourit doucement.<\/p>\n\n\n\n<p>\u00ab Alors tu te souviens vraiment de moi \u00bb, dit-il au gar\u00e7on.<\/p>\n\n\n\n<p>Un silence pesant s\u2019installa dans la pi\u00e8ce.<\/p>\n\n\n\n<p>La m\u00e8re sentit ses jambes flancher.<\/p>\n\n\n\n<p>Car elle en \u00e9tait certaine.<\/p>\n\n\n\n<p>Son fils n\u2019avait jamais vu cet homme de sa vie.<\/p>\n\n\n\n<p>Ils ne l\u2019avaient jamais rencontr\u00e9.<\/p>\n\n\n\n<p>Ils n\u2019avaient jamais parl\u00e9 de lui.<\/p>\n\n\n\n<p>Et pourtant, il le dessinait sans cesse.<\/p>\n\n\n\n<p>L\u2019homme se tourna lentement vers la femme.<\/p>\n\n\n\n<p>\u00ab Ne vous inqui\u00e9tez pas \u00bb, dit-il calmement. \u00ab Je suis seulement venu tenir une promesse. \u00bb<\/p>\n\n\n\n<p>\u00ab Quelle promesse ? \u00bb s\u2019exclama-t-elle, haletante.<\/p>\n\n\n\n<p>Il regarda l\u2019enfant.<\/p>\n\n\n\n<p>\u00ab Celle que je lui ai faite il y a des ann\u00e9es. \u00bb<\/p>\n\n\n\n<p>Un frisson parcourut l\u2019\u00e9chine de la m\u00e8re.<\/p>\n\n\n\n<p>Car son fils n\u2019avait que huit ans.<\/p>\n\n\n\n<p>Et cet homme pr\u00e9tendait le conna\u00eetre depuis longtemps.<\/p>\n","protected":false},"excerpt":{"rendered":"Sur le seuil se tenait l&#8217;homme que le petit gar\u00e7on de huit ans dessinait depuis des mois : grand, coiff\u00e9 d&#8217;une casquette rouge \n<a class=\"moretag\" href=\"https:\/\/mybook.am\/?p=26577\"> [...]<\/a>","protected":false},"author":1,"featured_media":26580,"comment_status":"open","ping_status":"open","sticky":false,"template":"","format":"standard","meta":{"footnotes":""},"categories":[3],"tags":[],"class_list":["post-26577","post","type-post","status-publish","format-standard","has-post-thumbnail","hentry","category-fotto"],"yoast_head":"<!-- This site is optimized with the Yoast SEO plugin v27.5 - https:\/\/yoast.com\/product\/yoast-seo-wordpress\/ -->\n<title>On frappa \u00e0 la porte, donnant vie au dessin de l&#039;enfant. -<\/title>\n<meta name=\"robots\" content=\"index, follow, max-snippet:-1, max-image-preview:large, max-video-preview:-1\" \/>\n<link rel=\"canonical\" href=\"https:\/\/mybook.am\/?p=26577\" \/>\n<meta property=\"og:locale\" content=\"ru_RU\" \/>\n<meta property=\"og:type\" content=\"article\" \/>\n<meta property=\"og:title\" content=\"On frappa \u00e0 la porte, donnant vie au dessin de l&#039;enfant. -\" \/>\n<meta property=\"og:description\" content=\"Sur le seuil se tenait l&#8217;homme que le petit gar\u00e7on de huit ans dessinait depuis des mois : grand, coiff\u00e9 d&#8217;une casquette rouge\" \/>\n<meta property=\"og:url\" content=\"https:\/\/mybook.am\/?p=26577\" \/>\n<meta property=\"article:published_time\" content=\"2026-03-14T06:17:52+00:00\" \/>\n<meta property=\"article:modified_time\" content=\"2026-03-14T06:17:55+00:00\" \/>\n<meta property=\"og:image\" content=\"https:\/\/mybook.am\/wp-content\/uploads\/2026\/03\/7987656465.png\" \/>\n\t<meta property=\"og:image:width\" content=\"900\" \/>\n\t<meta property=\"og:image:height\" content=\"600\" \/>\n\t<meta property=\"og:image:type\" content=\"image\/png\" \/>\n<meta name=\"author\" content=\"admin\" \/>\n<meta name=\"twitter:card\" content=\"summary_large_image\" \/>\n<meta name=\"twitter:label1\" content=\"\u041d\u0430\u043f\u0438\u0441\u0430\u043d\u043e \u0430\u0432\u0442\u043e\u0440\u043e\u043c\" \/>\n\t<meta name=\"twitter:data1\" content=\"admin\" \/>\n\t<meta name=\"twitter:label2\" content=\"\u041f\u0440\u0438\u043c\u0435\u0440\u043d\u043e\u0435 \u0432\u0440\u0435\u043c\u044f \u0434\u043b\u044f \u0447\u0442\u0435\u043d\u0438\u044f\" \/>\n\t<meta name=\"twitter:data2\" content=\"4 \u043c\u0438\u043d\u0443\u0442\u044b\" \/>\n<script type=\"application\/ld+json\" class=\"yoast-schema-graph\">{\"@context\":\"https:\\\/\\\/schema.org\",\"@graph\":[{\"@type\":\"Article\",\"@id\":\"https:\\\/\\\/mybook.am\\\/?p=26577#article\",\"isPartOf\":{\"@id\":\"https:\\\/\\\/mybook.am\\\/?p=26577\"},\"author\":{\"name\":\"admin\",\"@id\":\"https:\\\/\\\/mybook.am\\\/#\\\/schema\\\/person\\\/e730847942cff3a199774e803916e97e\"},\"headline\":\"On frappa \u00e0 la porte, donnant vie au dessin de l&#8217;enfant.\",\"datePublished\":\"2026-03-14T06:17:52+00:00\",\"dateModified\":\"2026-03-14T06:17:55+00:00\",\"mainEntityOfPage\":{\"@id\":\"https:\\\/\\\/mybook.am\\\/?p=26577\"},\"wordCount\":704,\"commentCount\":0,\"image\":{\"@id\":\"https:\\\/\\\/mybook.am\\\/?p=26577#primaryimage\"},\"thumbnailUrl\":\"https:\\\/\\\/mybook.am\\\/wp-content\\\/uploads\\\/2026\\\/03\\\/7987656465.png\",\"articleSection\":[\"FRANS\"],\"inLanguage\":\"ru-RU\",\"potentialAction\":[{\"@type\":\"CommentAction\",\"name\":\"Comment\",\"target\":[\"https:\\\/\\\/mybook.am\\\/?p=26577#respond\"]}]},{\"@type\":\"WebPage\",\"@id\":\"https:\\\/\\\/mybook.am\\\/?p=26577\",\"url\":\"https:\\\/\\\/mybook.am\\\/?p=26577\",\"name\":\"On frappa \u00e0 la porte, donnant vie au dessin de l'enfant. -\",\"isPartOf\":{\"@id\":\"https:\\\/\\\/mybook.am\\\/#website\"},\"primaryImageOfPage\":{\"@id\":\"https:\\\/\\\/mybook.am\\\/?p=26577#primaryimage\"},\"image\":{\"@id\":\"https:\\\/\\\/mybook.am\\\/?p=26577#primaryimage\"},\"thumbnailUrl\":\"https:\\\/\\\/mybook.am\\\/wp-content\\\/uploads\\\/2026\\\/03\\\/7987656465.png\",\"datePublished\":\"2026-03-14T06:17:52+00:00\",\"dateModified\":\"2026-03-14T06:17:55+00:00\",\"author\":{\"@id\":\"https:\\\/\\\/mybook.am\\\/#\\\/schema\\\/person\\\/e730847942cff3a199774e803916e97e\"},\"breadcrumb\":{\"@id\":\"https:\\\/\\\/mybook.am\\\/?p=26577#breadcrumb\"},\"inLanguage\":\"ru-RU\",\"potentialAction\":[{\"@type\":\"ReadAction\",\"target\":[\"https:\\\/\\\/mybook.am\\\/?p=26577\"]}]},{\"@type\":\"ImageObject\",\"inLanguage\":\"ru-RU\",\"@id\":\"https:\\\/\\\/mybook.am\\\/?p=26577#primaryimage\",\"url\":\"https:\\\/\\\/mybook.am\\\/wp-content\\\/uploads\\\/2026\\\/03\\\/7987656465.png\",\"contentUrl\":\"https:\\\/\\\/mybook.am\\\/wp-content\\\/uploads\\\/2026\\\/03\\\/7987656465.png\",\"width\":900,\"height\":600},{\"@type\":\"BreadcrumbList\",\"@id\":\"https:\\\/\\\/mybook.am\\\/?p=26577#breadcrumb\",\"itemListElement\":[{\"@type\":\"ListItem\",\"position\":1,\"name\":\"\u0413\u043b\u0430\u0432\u043d\u0430\u044f \u0441\u0442\u0440\u0430\u043d\u0438\u0446\u0430\",\"item\":\"https:\\\/\\\/mybook.am\\\/\"},{\"@type\":\"ListItem\",\"position\":2,\"name\":\"On frappa \u00e0 la porte, donnant vie au dessin de l&#8217;enfant.\"}]},{\"@type\":\"WebSite\",\"@id\":\"https:\\\/\\\/mybook.am\\\/#website\",\"url\":\"https:\\\/\\\/mybook.am\\\/\",\"name\":\"\",\"description\":\"\",\"potentialAction\":[{\"@type\":\"SearchAction\",\"target\":{\"@type\":\"EntryPoint\",\"urlTemplate\":\"https:\\\/\\\/mybook.am\\\/?s={search_term_string}\"},\"query-input\":{\"@type\":\"PropertyValueSpecification\",\"valueRequired\":true,\"valueName\":\"search_term_string\"}}],\"inLanguage\":\"ru-RU\"},{\"@type\":\"Person\",\"@id\":\"https:\\\/\\\/mybook.am\\\/#\\\/schema\\\/person\\\/e730847942cff3a199774e803916e97e\",\"name\":\"admin\",\"image\":{\"@type\":\"ImageObject\",\"inLanguage\":\"ru-RU\",\"@id\":\"https:\\\/\\\/secure.gravatar.com\\\/avatar\\\/df64e550a0653b7be0f1bcf897f33faad9c2c8153472b2d9319beafb51370f6f?s=96&d=mm&r=g\",\"url\":\"https:\\\/\\\/secure.gravatar.com\\\/avatar\\\/df64e550a0653b7be0f1bcf897f33faad9c2c8153472b2d9319beafb51370f6f?s=96&d=mm&r=g\",\"contentUrl\":\"https:\\\/\\\/secure.gravatar.com\\\/avatar\\\/df64e550a0653b7be0f1bcf897f33faad9c2c8153472b2d9319beafb51370f6f?s=96&d=mm&r=g\",\"caption\":\"admin\"},\"sameAs\":[\"http:\\\/\\\/mybook.am\"],\"url\":\"https:\\\/\\\/mybook.am\\\/?author=1\"}]}<\/script>\n<!-- \/ Yoast SEO plugin. -->","yoast_head_json":{"title":"On frappa \u00e0 la porte, donnant vie au dessin de l'enfant. -","robots":{"index":"index","follow":"follow","max-snippet":"max-snippet:-1","max-image-preview":"max-image-preview:large","max-video-preview":"max-video-preview:-1"},"canonical":"https:\/\/mybook.am\/?p=26577","og_locale":"ru_RU","og_type":"article","og_title":"On frappa \u00e0 la porte, donnant vie au dessin de l'enfant. -","og_description":"Sur le seuil se tenait l&#8217;homme que le petit gar\u00e7on de huit ans dessinait depuis des mois : grand, coiff\u00e9 d&#8217;une casquette rouge","og_url":"https:\/\/mybook.am\/?p=26577","article_published_time":"2026-03-14T06:17:52+00:00","article_modified_time":"2026-03-14T06:17:55+00:00","og_image":[{"width":900,"height":600,"url":"https:\/\/mybook.am\/wp-content\/uploads\/2026\/03\/7987656465.png","type":"image\/png"}],"author":"admin","twitter_card":"summary_large_image","twitter_misc":{"\u041d\u0430\u043f\u0438\u0441\u0430\u043d\u043e \u0430\u0432\u0442\u043e\u0440\u043e\u043c":"admin","\u041f\u0440\u0438\u043c\u0435\u0440\u043d\u043e\u0435 \u0432\u0440\u0435\u043c\u044f \u0434\u043b\u044f \u0447\u0442\u0435\u043d\u0438\u044f":"4 \u043c\u0438\u043d\u0443\u0442\u044b"},"schema":{"@context":"https:\/\/schema.org","@graph":[{"@type":"Article","@id":"https:\/\/mybook.am\/?p=26577#article","isPartOf":{"@id":"https:\/\/mybook.am\/?p=26577"},"author":{"name":"admin","@id":"https:\/\/mybook.am\/#\/schema\/person\/e730847942cff3a199774e803916e97e"},"headline":"On frappa \u00e0 la porte, donnant vie au dessin de l&#8217;enfant.","datePublished":"2026-03-14T06:17:52+00:00","dateModified":"2026-03-14T06:17:55+00:00","mainEntityOfPage":{"@id":"https:\/\/mybook.am\/?p=26577"},"wordCount":704,"commentCount":0,"image":{"@id":"https:\/\/mybook.am\/?p=26577#primaryimage"},"thumbnailUrl":"https:\/\/mybook.am\/wp-content\/uploads\/2026\/03\/7987656465.png","articleSection":["FRANS"],"inLanguage":"ru-RU","potentialAction":[{"@type":"CommentAction","name":"Comment","target":["https:\/\/mybook.am\/?p=26577#respond"]}]},{"@type":"WebPage","@id":"https:\/\/mybook.am\/?p=26577","url":"https:\/\/mybook.am\/?p=26577","name":"On frappa \u00e0 la porte, donnant vie au dessin de l'enfant. -","isPartOf":{"@id":"https:\/\/mybook.am\/#website"},"primaryImageOfPage":{"@id":"https:\/\/mybook.am\/?p=26577#primaryimage"},"image":{"@id":"https:\/\/mybook.am\/?p=26577#primaryimage"},"thumbnailUrl":"https:\/\/mybook.am\/wp-content\/uploads\/2026\/03\/7987656465.png","datePublished":"2026-03-14T06:17:52+00:00","dateModified":"2026-03-14T06:17:55+00:00","author":{"@id":"https:\/\/mybook.am\/#\/schema\/person\/e730847942cff3a199774e803916e97e"},"breadcrumb":{"@id":"https:\/\/mybook.am\/?p=26577#breadcrumb"},"inLanguage":"ru-RU","potentialAction":[{"@type":"ReadAction","target":["https:\/\/mybook.am\/?p=26577"]}]},{"@type":"ImageObject","inLanguage":"ru-RU","@id":"https:\/\/mybook.am\/?p=26577#primaryimage","url":"https:\/\/mybook.am\/wp-content\/uploads\/2026\/03\/7987656465.png","contentUrl":"https:\/\/mybook.am\/wp-content\/uploads\/2026\/03\/7987656465.png","width":900,"height":600},{"@type":"BreadcrumbList","@id":"https:\/\/mybook.am\/?p=26577#breadcrumb","itemListElement":[{"@type":"ListItem","position":1,"name":"\u0413\u043b\u0430\u0432\u043d\u0430\u044f \u0441\u0442\u0440\u0430\u043d\u0438\u0446\u0430","item":"https:\/\/mybook.am\/"},{"@type":"ListItem","position":2,"name":"On frappa \u00e0 la porte, donnant vie au dessin de l&#8217;enfant."}]},{"@type":"WebSite","@id":"https:\/\/mybook.am\/#website","url":"https:\/\/mybook.am\/","name":"","description":"","potentialAction":[{"@type":"SearchAction","target":{"@type":"EntryPoint","urlTemplate":"https:\/\/mybook.am\/?s={search_term_string}"},"query-input":{"@type":"PropertyValueSpecification","valueRequired":true,"valueName":"search_term_string"}}],"inLanguage":"ru-RU"},{"@type":"Person","@id":"https:\/\/mybook.am\/#\/schema\/person\/e730847942cff3a199774e803916e97e","name":"admin","image":{"@type":"ImageObject","inLanguage":"ru-RU","@id":"https:\/\/secure.gravatar.com\/avatar\/df64e550a0653b7be0f1bcf897f33faad9c2c8153472b2d9319beafb51370f6f?s=96&d=mm&r=g","url":"https:\/\/secure.gravatar.com\/avatar\/df64e550a0653b7be0f1bcf897f33faad9c2c8153472b2d9319beafb51370f6f?s=96&d=mm&r=g","contentUrl":"https:\/\/secure.gravatar.com\/avatar\/df64e550a0653b7be0f1bcf897f33faad9c2c8153472b2d9319beafb51370f6f?s=96&d=mm&r=g","caption":"admin"},"sameAs":["http:\/\/mybook.am"],"url":"https:\/\/mybook.am\/?author=1"}]}},"views":51,"_links":{"self":[{"href":"https:\/\/mybook.am\/index.php?rest_route=\/wp\/v2\/posts\/26577","targetHints":{"allow":["GET"]}}],"collection":[{"href":"https:\/\/mybook.am\/index.php?rest_route=\/wp\/v2\/posts"}],"about":[{"href":"https:\/\/mybook.am\/index.php?rest_route=\/wp\/v2\/types\/post"}],"author":[{"embeddable":true,"href":"https:\/\/mybook.am\/index.php?rest_route=\/wp\/v2\/users\/1"}],"replies":[{"embeddable":true,"href":"https:\/\/mybook.am\/index.php?rest_route=%2Fwp%2Fv2%2Fcomments&post=26577"}],"version-history":[{"count":1,"href":"https:\/\/mybook.am\/index.php?rest_route=\/wp\/v2\/posts\/26577\/revisions"}],"predecessor-version":[{"id":26582,"href":"https:\/\/mybook.am\/index.php?rest_route=\/wp\/v2\/posts\/26577\/revisions\/26582"}],"wp:featuredmedia":[{"embeddable":true,"href":"https:\/\/mybook.am\/index.php?rest_route=\/wp\/v2\/media\/26580"}],"wp:attachment":[{"href":"https:\/\/mybook.am\/index.php?rest_route=%2Fwp%2Fv2%2Fmedia&parent=26577"}],"wp:term":[{"taxonomy":"category","embeddable":true,"href":"https:\/\/mybook.am\/index.php?rest_route=%2Fwp%2Fv2%2Fcategories&post=26577"},{"taxonomy":"post_tag","embeddable":true,"href":"https:\/\/mybook.am\/index.php?rest_route=%2Fwp%2Fv2%2Ftags&post=26577"}],"curies":[{"name":"wp","href":"https:\/\/api.w.org\/{rel}","templated":true}]}}