{"id":26579,"date":"2026-03-14T09:17:11","date_gmt":"2026-03-14T06:17:11","guid":{"rendered":"https:\/\/mybook.am\/?p=26579"},"modified":"2026-03-14T09:17:13","modified_gmt":"2026-03-14T06:17:13","slug":"dvere-se-otevrely-a-matka-ztuhla-na-prahu-stal-presne-ten-muz-ktereho-jeji-osmilety-syn-kreslil-cele-mesice","status":"publish","type":"post","link":"https:\/\/mybook.am\/?p=26579","title":{"rendered":"Dve\u0159e se otev\u0159ely \u2014 a matka ztuhla. Na prahu st\u00e1l p\u0159esn\u011b ten mu\u017e, kter\u00e9ho jej\u00ed osmilet\u00fd syn kreslil cel\u00e9 m\u011bs\u00edce."},"content":{"rendered":"\n<p>Stejn\u00e1 \u010derven\u00e1 k\u0161iltovka. Stejn\u00e1 jasn\u011b \u010derven\u00e1 ko\u0161ile. Stejn\u00fd klidn\u00fd \u00fasm\u011bv. A to nejd\u011bsiv\u011bj\u0161\u00ed: chlapec u\u017e d\u00e1vno tvrdil, \u017ee ten mu\u017e jednoho dne p\u0159ijde.V mal\u00e9m byt\u011b na okraji m\u011bsta nebylo t\u00e9m\u011b\u0159 nic cenn\u00e9ho. Star\u00fd n\u00e1bytek, p\u00e1r tal\u00ed\u0159\u016f, levn\u00e1 pohovka a st\u016fl, kter\u00fd kdysi n\u011bkdo vyhodil. Matka pracovala na dv\u011b pr\u00e1ce, aby zaplatila n\u00e1jem a j\u00eddlo. P\u0159esto v\u017edy dbala na jednu v\u011bc \u2014 aby jej\u00ed syn m\u011bl pap\u00edr a tu\u017eky.<\/p>\n\n\n\n<figure class=\"wp-block-image size-full is-resized\"><img loading=\"lazy\" decoding=\"async\" width=\"900\" height=\"600\" src=\"https:\/\/mybook.am\/wp-content\/uploads\/2026\/03\/7987656465.png\" alt=\"\" class=\"wp-image-26580\" style=\"width:706px;height:auto\" srcset=\"https:\/\/mybook.am\/wp-content\/uploads\/2026\/03\/7987656465.png 900w, https:\/\/mybook.am\/wp-content\/uploads\/2026\/03\/7987656465-300x200.png 300w, https:\/\/mybook.am\/wp-content\/uploads\/2026\/03\/7987656465-768x512.png 768w\" sizes=\"auto, (max-width: 900px) 100vw, 900px\" \/><\/figure>\n\n\n\n<p>Kreslen\u00ed bylo jeho sv\u011bt.<\/p>\n\n\n\n<p>Posledn\u00edch n\u011bkolik m\u011bs\u00edc\u016f v\u0161ak kreslil st\u00e1le tot\u00e9\u017e.<\/p>\n\n\n\n<p>Jeden a tent\u00fd\u017e \u010dlov\u011bk.<\/p>\n\n\n\n<p>Vysok\u00fd mu\u017e v \u010derven\u00e9 k\u0161iltovce a jasn\u011b \u010derven\u00e9 ko\u0161ili. Bez pozad\u00ed. Bez domu, strom\u016f nebo ulic. Jen on. St\u00e1l rovn\u011b a usm\u00edval se.<\/p>\n\n\n\n<p>Matka tomu zpo\u010d\u00e1tku nev\u011bnovala pozornost.<br>Myslela si, \u017ee jde o d\u011btskou fantazii.<\/p>\n\n\n\n<p>D\u011bti si p\u0159ece \u010dasto vytv\u00e1\u0159ej\u00ed imagin\u00e1rn\u00ed p\u0159\u00e1tele, zvl\u00e1\u0161\u0165 kdy\u017e jejich sv\u011bt nen\u00ed jednoduch\u00fd. Kdy\u017e rodi\u010de po\u0159\u00e1d pracuj\u00ed a doma je v\u00edc starost\u00ed ne\u017e radosti.<\/p>\n\n\n\n<p>Ale jedna v\u011bta ji poka\u017ed\u00e9 zneklidnila.<\/p>\n\n\n\n<p>Chlapec se n\u011bkdy dlouho d\u00edval na obr\u00e1zek a pak klidn\u011b \u0159ekl:<\/p>\n\n\n\n<p>\u201eMami, jednou p\u0159ijde k n\u00e1m. A v\u0161echno se zm\u011bn\u00ed.\u201c<\/p>\n\n\n\n<p>\u0158\u00edkal to tak jist\u011b, a\u017e ji zamrazilo.<\/p>\n\n\n\n<p>Sna\u017eila se to br\u00e1t s \u00fasm\u011bvem. Pol\u00edbila ho na \u010delo a \u0159ekla, \u017ee m\u00e1 kr\u00e1snou fantazii.<\/p>\n\n\n\n<p>Jen\u017ee uvnit\u0159 ji n\u011bco hlodalo.<\/p>\n\n\n\n<p>Jednou ve\u010der posb\u00edrala v\u0161echny jeho kresby.<\/p>\n\n\n\n<p>Bylo jich v\u00edc ne\u017e sto.<\/p>\n\n\n\n<p>A t\u00e9m\u011b\u0159 v\u0161echny stejn\u00e9.<\/p>\n\n\n\n<p>Jako by se nesna\u017eil n\u011bkoho vymyslet\u2026 ale sp\u00ed\u0161 p\u0159esn\u011b si n\u011bkoho zapamatovat.<\/p>\n\n\n\n<p>Pak p\u0159i\u0161el den, kter\u00fd zm\u011bnil v\u0161echno.<\/p>\n\n\n\n<p>Ozvalo se hlasit\u00e9 zaklep\u00e1n\u00ed na dve\u0159e.<\/p>\n\n\n\n<p>Matka otev\u0159ela.<\/p>\n\n\n\n<p>A v tu chv\u00edli j\u00ed ztuhla krev v \u017eil\u00e1ch.<\/p>\n\n\n\n<p>Na prahu st\u00e1l mu\u017e z t\u011bch obr\u00e1zk\u016f.<\/p>\n\n\n\n<p>\u010cerven\u00e1 k\u0161iltovka. \u010cerven\u00e1 ko\u0161ile. Stejn\u00e1 v\u00fd\u0161ka. Stejn\u00fd klidn\u00fd \u00fasm\u011bv, kter\u00fd vid\u011bla na pap\u00edrech sv\u00e9ho syna snad stokr\u00e1t.<\/p>\n\n\n\n<p>\u201eM\u016f\u017eu d\u00e1l?\u201c zeptal se ti\u0161e.<\/p>\n\n\n\n<p>Srdce j\u00ed bu\u0161ilo tak siln\u011b, \u017ee sotva d\u00fdchala.<\/p>\n\n\n\n<p>Za jej\u00edmi z\u00e1dy se ozvaly kroky.<\/p>\n\n\n\n<p>Syn vy\u0161el z pokoje.<\/p>\n\n\n\n<p>Pod\u00edval se na cizince \u2014 a \u0161iroce se usm\u00e1l, jako by \u010dekal pr\u00e1v\u011b na n\u011bj.<\/p>\n\n\n\n<p>\u201eMami,\u201c \u0159ekl klidn\u011b. \u201eVid\u00ed\u0161? J\u00e1 ti to \u0159\u00edkal. On p\u0159i\u0161el.\u201c<\/p>\n\n\n\n<p>V byt\u011b zavl\u00e1dlo t\u011b\u017ek\u00e9 ticho.<\/p>\n\n\n\n<p>Matka nedok\u00e1zala pochopit, co se pr\u00e1v\u011b d\u011bje.<br>Neznala toho mu\u017ee. Nikdy ho nevid\u011bla. A p\u0159esto ho jej\u00ed syn kreslil cel\u00e9 m\u011bs\u00edce.<\/p>\n\n\n\n<p>Mu\u017e vstoupil dovnit\u0159.<\/p>\n\n\n\n<p>Jeho pohled okam\u017eit\u011b padl na st\u016fl pln\u00fd obr\u00e1zk\u016f.<\/p>\n\n\n\n<p>Vz\u00edt jeden z nich mu trvalo jen vte\u0159inu.<\/p>\n\n\n\n<p>Dlouho si ho prohl\u00ed\u017eel.<\/p>\n\n\n\n<p>Pak pomalu zvedl o\u010di k chlapci.<\/p>\n\n\n\n<p>\u201eTak\u017ee\u2026 ty sis m\u011b opravdu zapamatoval,\u201c \u0159ekl ti\u0161e.<\/p>\n\n\n\n<p>Matka c\u00edtila, jak se j\u00ed podlamuj\u00ed kolena.<\/p>\n\n\n\n<p>\u201eOdkud zn\u00e1te m\u00e9ho syna?\u201c vydechla.<\/p>\n\n\n\n<p>Mu\u017e chv\u00edli ml\u010del.<\/p>\n\n\n\n<p>Pak se pod\u00edval p\u0159\u00edmo na d\u00edt\u011b.<\/p>\n\n\n\n<p>\u201eProto\u017ee jsem mu kdysi n\u011bco sl\u00edbil,\u201c \u0159ekl pomalu.<\/p>\n\n\n\n<p>V m\u00edstnosti by bylo sly\u0161et spadnout \u0161pendl\u00edk.<\/p>\n\n\n\n<p>\u201eSl\u00edbil jsem, \u017ee se jednou vr\u00e1t\u00edm.\u201c<\/p>\n\n\n\n<p>Matce projel mr\u00e1z po z\u00e1dech.<\/p>\n\n\n\n<p>Proto\u017ee jej\u00ed syn toho mu\u017ee nikdy p\u0159edt\u00edm v \u017eivot\u011b nevid\u011bl.<\/p>\n\n\n\n<p>A p\u0159esto ho kreslil znovu a znovu.<\/p>\n\n\n\n<p>Jako by na n\u011bj \u010dekal.<\/p>\n\n\n\n<p>Jako by v\u011bd\u011bl, \u017ee ten den jednou p\u0159ijde.<\/p>\n","protected":false},"excerpt":{"rendered":"Stejn\u00e1 \u010derven\u00e1 k\u0161iltovka. Stejn\u00e1 jasn\u011b \u010derven\u00e1 ko\u0161ile. Stejn\u00fd klidn\u00fd \u00fasm\u011bv. A to nejd\u011bsiv\u011bj\u0161\u00ed: chlapec u\u017e d\u00e1vno tvrdil, \u017ee ten mu\u017e jednoho dne p\u0159ijde.V \n<a class=\"moretag\" href=\"https:\/\/mybook.am\/?p=26579\"> [...]<\/a>","protected":false},"author":1,"featured_media":26580,"comment_status":"open","ping_status":"open","sticky":false,"template":"","format":"standard","meta":{"footnotes":""},"categories":[1],"tags":[],"class_list":["post-26579","post","type-post","status-publish","format-standard","has-post-thumbnail","hentry","category-ceska"],"yoast_head":"<!-- This site is optimized with the Yoast SEO plugin v27.5 - https:\/\/yoast.com\/product\/yoast-seo-wordpress\/ -->\n<title>Dve\u0159e se otev\u0159ely \u2014 a matka ztuhla. Na prahu st\u00e1l p\u0159esn\u011b ten mu\u017e, kter\u00e9ho jej\u00ed osmilet\u00fd syn kreslil cel\u00e9 m\u011bs\u00edce. -<\/title>\n<meta name=\"robots\" content=\"index, follow, max-snippet:-1, max-image-preview:large, max-video-preview:-1\" \/>\n<link rel=\"canonical\" href=\"https:\/\/mybook.am\/?p=26579\" \/>\n<meta property=\"og:locale\" content=\"ru_RU\" \/>\n<meta property=\"og:type\" content=\"article\" \/>\n<meta property=\"og:title\" content=\"Dve\u0159e se otev\u0159ely \u2014 a matka ztuhla. Na prahu st\u00e1l p\u0159esn\u011b ten mu\u017e, kter\u00e9ho jej\u00ed osmilet\u00fd syn kreslil cel\u00e9 m\u011bs\u00edce. -\" \/>\n<meta property=\"og:description\" content=\"Stejn\u00e1 \u010derven\u00e1 k\u0161iltovka. Stejn\u00e1 jasn\u011b \u010derven\u00e1 ko\u0161ile. Stejn\u00fd klidn\u00fd \u00fasm\u011bv. A to nejd\u011bsiv\u011bj\u0161\u00ed: chlapec u\u017e d\u00e1vno tvrdil, \u017ee ten mu\u017e jednoho dne p\u0159ijde.V\" \/>\n<meta property=\"og:url\" content=\"https:\/\/mybook.am\/?p=26579\" \/>\n<meta property=\"article:published_time\" content=\"2026-03-14T06:17:11+00:00\" \/>\n<meta property=\"article:modified_time\" content=\"2026-03-14T06:17:13+00:00\" \/>\n<meta property=\"og:image\" content=\"https:\/\/mybook.am\/wp-content\/uploads\/2026\/03\/7987656465.png\" \/>\n\t<meta property=\"og:image:width\" content=\"900\" \/>\n\t<meta property=\"og:image:height\" content=\"600\" \/>\n\t<meta property=\"og:image:type\" content=\"image\/png\" \/>\n<meta name=\"author\" content=\"admin\" \/>\n<meta name=\"twitter:card\" content=\"summary_large_image\" \/>\n<meta name=\"twitter:label1\" content=\"\u041d\u0430\u043f\u0438\u0441\u0430\u043d\u043e \u0430\u0432\u0442\u043e\u0440\u043e\u043c\" \/>\n\t<meta name=\"twitter:data1\" content=\"admin\" \/>\n\t<meta name=\"twitter:label2\" content=\"\u041f\u0440\u0438\u043c\u0435\u0440\u043d\u043e\u0435 \u0432\u0440\u0435\u043c\u044f \u0434\u043b\u044f \u0447\u0442\u0435\u043d\u0438\u044f\" \/>\n\t<meta name=\"twitter:data2\" content=\"3 \u043c\u0438\u043d\u0443\u0442\u044b\" \/>\n<script type=\"application\/ld+json\" class=\"yoast-schema-graph\">{\"@context\":\"https:\\\/\\\/schema.org\",\"@graph\":[{\"@type\":\"Article\",\"@id\":\"https:\\\/\\\/mybook.am\\\/?p=26579#article\",\"isPartOf\":{\"@id\":\"https:\\\/\\\/mybook.am\\\/?p=26579\"},\"author\":{\"name\":\"admin\",\"@id\":\"https:\\\/\\\/mybook.am\\\/#\\\/schema\\\/person\\\/e730847942cff3a199774e803916e97e\"},\"headline\":\"Dve\u0159e se otev\u0159ely \u2014 a matka ztuhla. Na prahu st\u00e1l p\u0159esn\u011b ten mu\u017e, kter\u00e9ho jej\u00ed osmilet\u00fd syn kreslil cel\u00e9 m\u011bs\u00edce.\",\"datePublished\":\"2026-03-14T06:17:11+00:00\",\"dateModified\":\"2026-03-14T06:17:13+00:00\",\"mainEntityOfPage\":{\"@id\":\"https:\\\/\\\/mybook.am\\\/?p=26579\"},\"wordCount\":639,\"commentCount\":0,\"image\":{\"@id\":\"https:\\\/\\\/mybook.am\\\/?p=26579#primaryimage\"},\"thumbnailUrl\":\"https:\\\/\\\/mybook.am\\\/wp-content\\\/uploads\\\/2026\\\/03\\\/7987656465.png\",\"articleSection\":[\"\u010cesk\u00e1\"],\"inLanguage\":\"ru-RU\",\"potentialAction\":[{\"@type\":\"CommentAction\",\"name\":\"Comment\",\"target\":[\"https:\\\/\\\/mybook.am\\\/?p=26579#respond\"]}]},{\"@type\":\"WebPage\",\"@id\":\"https:\\\/\\\/mybook.am\\\/?p=26579\",\"url\":\"https:\\\/\\\/mybook.am\\\/?p=26579\",\"name\":\"Dve\u0159e se otev\u0159ely \u2014 a matka ztuhla. Na prahu st\u00e1l p\u0159esn\u011b ten mu\u017e, kter\u00e9ho jej\u00ed osmilet\u00fd syn kreslil cel\u00e9 m\u011bs\u00edce. -\",\"isPartOf\":{\"@id\":\"https:\\\/\\\/mybook.am\\\/#website\"},\"primaryImageOfPage\":{\"@id\":\"https:\\\/\\\/mybook.am\\\/?p=26579#primaryimage\"},\"image\":{\"@id\":\"https:\\\/\\\/mybook.am\\\/?p=26579#primaryimage\"},\"thumbnailUrl\":\"https:\\\/\\\/mybook.am\\\/wp-content\\\/uploads\\\/2026\\\/03\\\/7987656465.png\",\"datePublished\":\"2026-03-14T06:17:11+00:00\",\"dateModified\":\"2026-03-14T06:17:13+00:00\",\"author\":{\"@id\":\"https:\\\/\\\/mybook.am\\\/#\\\/schema\\\/person\\\/e730847942cff3a199774e803916e97e\"},\"breadcrumb\":{\"@id\":\"https:\\\/\\\/mybook.am\\\/?p=26579#breadcrumb\"},\"inLanguage\":\"ru-RU\",\"potentialAction\":[{\"@type\":\"ReadAction\",\"target\":[\"https:\\\/\\\/mybook.am\\\/?p=26579\"]}]},{\"@type\":\"ImageObject\",\"inLanguage\":\"ru-RU\",\"@id\":\"https:\\\/\\\/mybook.am\\\/?p=26579#primaryimage\",\"url\":\"https:\\\/\\\/mybook.am\\\/wp-content\\\/uploads\\\/2026\\\/03\\\/7987656465.png\",\"contentUrl\":\"https:\\\/\\\/mybook.am\\\/wp-content\\\/uploads\\\/2026\\\/03\\\/7987656465.png\",\"width\":900,\"height\":600},{\"@type\":\"BreadcrumbList\",\"@id\":\"https:\\\/\\\/mybook.am\\\/?p=26579#breadcrumb\",\"itemListElement\":[{\"@type\":\"ListItem\",\"position\":1,\"name\":\"\u0413\u043b\u0430\u0432\u043d\u0430\u044f \u0441\u0442\u0440\u0430\u043d\u0438\u0446\u0430\",\"item\":\"https:\\\/\\\/mybook.am\\\/\"},{\"@type\":\"ListItem\",\"position\":2,\"name\":\"Dve\u0159e se otev\u0159ely \u2014 a matka ztuhla. Na prahu st\u00e1l p\u0159esn\u011b ten mu\u017e, kter\u00e9ho jej\u00ed osmilet\u00fd syn kreslil cel\u00e9 m\u011bs\u00edce.\"}]},{\"@type\":\"WebSite\",\"@id\":\"https:\\\/\\\/mybook.am\\\/#website\",\"url\":\"https:\\\/\\\/mybook.am\\\/\",\"name\":\"\",\"description\":\"\",\"potentialAction\":[{\"@type\":\"SearchAction\",\"target\":{\"@type\":\"EntryPoint\",\"urlTemplate\":\"https:\\\/\\\/mybook.am\\\/?s={search_term_string}\"},\"query-input\":{\"@type\":\"PropertyValueSpecification\",\"valueRequired\":true,\"valueName\":\"search_term_string\"}}],\"inLanguage\":\"ru-RU\"},{\"@type\":\"Person\",\"@id\":\"https:\\\/\\\/mybook.am\\\/#\\\/schema\\\/person\\\/e730847942cff3a199774e803916e97e\",\"name\":\"admin\",\"image\":{\"@type\":\"ImageObject\",\"inLanguage\":\"ru-RU\",\"@id\":\"https:\\\/\\\/secure.gravatar.com\\\/avatar\\\/df64e550a0653b7be0f1bcf897f33faad9c2c8153472b2d9319beafb51370f6f?s=96&d=mm&r=g\",\"url\":\"https:\\\/\\\/secure.gravatar.com\\\/avatar\\\/df64e550a0653b7be0f1bcf897f33faad9c2c8153472b2d9319beafb51370f6f?s=96&d=mm&r=g\",\"contentUrl\":\"https:\\\/\\\/secure.gravatar.com\\\/avatar\\\/df64e550a0653b7be0f1bcf897f33faad9c2c8153472b2d9319beafb51370f6f?s=96&d=mm&r=g\",\"caption\":\"admin\"},\"sameAs\":[\"http:\\\/\\\/mybook.am\"],\"url\":\"https:\\\/\\\/mybook.am\\\/?author=1\"}]}<\/script>\n<!-- \/ Yoast SEO plugin. -->","yoast_head_json":{"title":"Dve\u0159e se otev\u0159ely \u2014 a matka ztuhla. Na prahu st\u00e1l p\u0159esn\u011b ten mu\u017e, kter\u00e9ho jej\u00ed osmilet\u00fd syn kreslil cel\u00e9 m\u011bs\u00edce. -","robots":{"index":"index","follow":"follow","max-snippet":"max-snippet:-1","max-image-preview":"max-image-preview:large","max-video-preview":"max-video-preview:-1"},"canonical":"https:\/\/mybook.am\/?p=26579","og_locale":"ru_RU","og_type":"article","og_title":"Dve\u0159e se otev\u0159ely \u2014 a matka ztuhla. Na prahu st\u00e1l p\u0159esn\u011b ten mu\u017e, kter\u00e9ho jej\u00ed osmilet\u00fd syn kreslil cel\u00e9 m\u011bs\u00edce. -","og_description":"Stejn\u00e1 \u010derven\u00e1 k\u0161iltovka. Stejn\u00e1 jasn\u011b \u010derven\u00e1 ko\u0161ile. Stejn\u00fd klidn\u00fd \u00fasm\u011bv. A to nejd\u011bsiv\u011bj\u0161\u00ed: chlapec u\u017e d\u00e1vno tvrdil, \u017ee ten mu\u017e jednoho dne p\u0159ijde.V","og_url":"https:\/\/mybook.am\/?p=26579","article_published_time":"2026-03-14T06:17:11+00:00","article_modified_time":"2026-03-14T06:17:13+00:00","og_image":[{"width":900,"height":600,"url":"https:\/\/mybook.am\/wp-content\/uploads\/2026\/03\/7987656465.png","type":"image\/png"}],"author":"admin","twitter_card":"summary_large_image","twitter_misc":{"\u041d\u0430\u043f\u0438\u0441\u0430\u043d\u043e \u0430\u0432\u0442\u043e\u0440\u043e\u043c":"admin","\u041f\u0440\u0438\u043c\u0435\u0440\u043d\u043e\u0435 \u0432\u0440\u0435\u043c\u044f \u0434\u043b\u044f \u0447\u0442\u0435\u043d\u0438\u044f":"3 \u043c\u0438\u043d\u0443\u0442\u044b"},"schema":{"@context":"https:\/\/schema.org","@graph":[{"@type":"Article","@id":"https:\/\/mybook.am\/?p=26579#article","isPartOf":{"@id":"https:\/\/mybook.am\/?p=26579"},"author":{"name":"admin","@id":"https:\/\/mybook.am\/#\/schema\/person\/e730847942cff3a199774e803916e97e"},"headline":"Dve\u0159e se otev\u0159ely \u2014 a matka ztuhla. Na prahu st\u00e1l p\u0159esn\u011b ten mu\u017e, kter\u00e9ho jej\u00ed osmilet\u00fd syn kreslil cel\u00e9 m\u011bs\u00edce.","datePublished":"2026-03-14T06:17:11+00:00","dateModified":"2026-03-14T06:17:13+00:00","mainEntityOfPage":{"@id":"https:\/\/mybook.am\/?p=26579"},"wordCount":639,"commentCount":0,"image":{"@id":"https:\/\/mybook.am\/?p=26579#primaryimage"},"thumbnailUrl":"https:\/\/mybook.am\/wp-content\/uploads\/2026\/03\/7987656465.png","articleSection":["\u010cesk\u00e1"],"inLanguage":"ru-RU","potentialAction":[{"@type":"CommentAction","name":"Comment","target":["https:\/\/mybook.am\/?p=26579#respond"]}]},{"@type":"WebPage","@id":"https:\/\/mybook.am\/?p=26579","url":"https:\/\/mybook.am\/?p=26579","name":"Dve\u0159e se otev\u0159ely \u2014 a matka ztuhla. Na prahu st\u00e1l p\u0159esn\u011b ten mu\u017e, kter\u00e9ho jej\u00ed osmilet\u00fd syn kreslil cel\u00e9 m\u011bs\u00edce. -","isPartOf":{"@id":"https:\/\/mybook.am\/#website"},"primaryImageOfPage":{"@id":"https:\/\/mybook.am\/?p=26579#primaryimage"},"image":{"@id":"https:\/\/mybook.am\/?p=26579#primaryimage"},"thumbnailUrl":"https:\/\/mybook.am\/wp-content\/uploads\/2026\/03\/7987656465.png","datePublished":"2026-03-14T06:17:11+00:00","dateModified":"2026-03-14T06:17:13+00:00","author":{"@id":"https:\/\/mybook.am\/#\/schema\/person\/e730847942cff3a199774e803916e97e"},"breadcrumb":{"@id":"https:\/\/mybook.am\/?p=26579#breadcrumb"},"inLanguage":"ru-RU","potentialAction":[{"@type":"ReadAction","target":["https:\/\/mybook.am\/?p=26579"]}]},{"@type":"ImageObject","inLanguage":"ru-RU","@id":"https:\/\/mybook.am\/?p=26579#primaryimage","url":"https:\/\/mybook.am\/wp-content\/uploads\/2026\/03\/7987656465.png","contentUrl":"https:\/\/mybook.am\/wp-content\/uploads\/2026\/03\/7987656465.png","width":900,"height":600},{"@type":"BreadcrumbList","@id":"https:\/\/mybook.am\/?p=26579#breadcrumb","itemListElement":[{"@type":"ListItem","position":1,"name":"\u0413\u043b\u0430\u0432\u043d\u0430\u044f \u0441\u0442\u0440\u0430\u043d\u0438\u0446\u0430","item":"https:\/\/mybook.am\/"},{"@type":"ListItem","position":2,"name":"Dve\u0159e se otev\u0159ely \u2014 a matka ztuhla. Na prahu st\u00e1l p\u0159esn\u011b ten mu\u017e, kter\u00e9ho jej\u00ed osmilet\u00fd syn kreslil cel\u00e9 m\u011bs\u00edce."}]},{"@type":"WebSite","@id":"https:\/\/mybook.am\/#website","url":"https:\/\/mybook.am\/","name":"","description":"","potentialAction":[{"@type":"SearchAction","target":{"@type":"EntryPoint","urlTemplate":"https:\/\/mybook.am\/?s={search_term_string}"},"query-input":{"@type":"PropertyValueSpecification","valueRequired":true,"valueName":"search_term_string"}}],"inLanguage":"ru-RU"},{"@type":"Person","@id":"https:\/\/mybook.am\/#\/schema\/person\/e730847942cff3a199774e803916e97e","name":"admin","image":{"@type":"ImageObject","inLanguage":"ru-RU","@id":"https:\/\/secure.gravatar.com\/avatar\/df64e550a0653b7be0f1bcf897f33faad9c2c8153472b2d9319beafb51370f6f?s=96&d=mm&r=g","url":"https:\/\/secure.gravatar.com\/avatar\/df64e550a0653b7be0f1bcf897f33faad9c2c8153472b2d9319beafb51370f6f?s=96&d=mm&r=g","contentUrl":"https:\/\/secure.gravatar.com\/avatar\/df64e550a0653b7be0f1bcf897f33faad9c2c8153472b2d9319beafb51370f6f?s=96&d=mm&r=g","caption":"admin"},"sameAs":["http:\/\/mybook.am"],"url":"https:\/\/mybook.am\/?author=1"}]}},"views":95,"_links":{"self":[{"href":"https:\/\/mybook.am\/index.php?rest_route=\/wp\/v2\/posts\/26579","targetHints":{"allow":["GET"]}}],"collection":[{"href":"https:\/\/mybook.am\/index.php?rest_route=\/wp\/v2\/posts"}],"about":[{"href":"https:\/\/mybook.am\/index.php?rest_route=\/wp\/v2\/types\/post"}],"author":[{"embeddable":true,"href":"https:\/\/mybook.am\/index.php?rest_route=\/wp\/v2\/users\/1"}],"replies":[{"embeddable":true,"href":"https:\/\/mybook.am\/index.php?rest_route=%2Fwp%2Fv2%2Fcomments&post=26579"}],"version-history":[{"count":1,"href":"https:\/\/mybook.am\/index.php?rest_route=\/wp\/v2\/posts\/26579\/revisions"}],"predecessor-version":[{"id":26581,"href":"https:\/\/mybook.am\/index.php?rest_route=\/wp\/v2\/posts\/26579\/revisions\/26581"}],"wp:featuredmedia":[{"embeddable":true,"href":"https:\/\/mybook.am\/index.php?rest_route=\/wp\/v2\/media\/26580"}],"wp:attachment":[{"href":"https:\/\/mybook.am\/index.php?rest_route=%2Fwp%2Fv2%2Fmedia&parent=26579"}],"wp:term":[{"taxonomy":"category","embeddable":true,"href":"https:\/\/mybook.am\/index.php?rest_route=%2Fwp%2Fv2%2Fcategories&post=26579"},{"taxonomy":"post_tag","embeddable":true,"href":"https:\/\/mybook.am\/index.php?rest_route=%2Fwp%2Fv2%2Ftags&post=26579"}],"curies":[{"name":"wp","href":"https:\/\/api.w.org\/{rel}","templated":true}]}}