{"id":26583,"date":"2026-03-14T09:32:27","date_gmt":"2026-03-14T06:32:27","guid":{"rendered":"https:\/\/mybook.am\/?p=26583"},"modified":"2026-03-14T09:32:28","modified_gmt":"2026-03-14T06:32:28","slug":"vase-dcera-s-vami-nema-zadnou-biologickou-vazbu-tato-veta-zaznela-v-ordinaci-lekare-jako-uder","status":"publish","type":"post","link":"https:\/\/mybook.am\/?p=26583","title":{"rendered":"\u201eVa\u0161e dcera s v\u00e1mi nem\u00e1 \u017e\u00e1dnou biologickou vazbu.\u201c Tato v\u011bta zazn\u011bla v ordinaci l\u00e9ka\u0159e jako \u00fader."},"content":{"rendered":"\n<p>P\u0159ed p\u011bti lety \u017eena porodila hol\u010di\u010dku, dr\u017eela ji v n\u00e1ru\u010d\u00ed hned po porodu a od t\u00e9 chv\u00edle ji vychov\u00e1vala jako vlastn\u00ed. Dnes ale test DNA uk\u00e1zal n\u011bco, co zn\u00ed t\u00e9m\u011b\u0159 neuv\u011b\u0159iteln\u011b: d\u00edt\u011b, kter\u00e9 p\u011bt let naz\u00fdvala svou dcerou, s n\u00ed geneticky v\u016fbec nesouvis\u00ed.<\/p>\n\n\n\n<figure class=\"wp-block-image size-large\"><img loading=\"lazy\" decoding=\"async\" width=\"1024\" height=\"683\" src=\"https:\/\/mybook.am\/wp-content\/uploads\/2026\/03\/46579846-1024x683.png\" alt=\"\" class=\"wp-image-26586\" srcset=\"https:\/\/mybook.am\/wp-content\/uploads\/2026\/03\/46579846-1024x683.png 1024w, https:\/\/mybook.am\/wp-content\/uploads\/2026\/03\/46579846-300x200.png 300w, https:\/\/mybook.am\/wp-content\/uploads\/2026\/03\/46579846-768x512.png 768w, https:\/\/mybook.am\/wp-content\/uploads\/2026\/03\/46579846.png 1536w\" sizes=\"auto, (max-width: 1024px) 100vw, 1024px\" \/><\/figure>\n\n\n\n<p>\u0160okuj\u00edc\u00ed zji\u0161t\u011bn\u00ed padlo b\u011bhem b\u011b\u017en\u00e9 p\u0159edopera\u010dn\u00ed kontroly v nemocnici. P\u011btilet\u00e1 Willa m\u011bla podstoupit jednoduch\u00fd z\u00e1krok \u2013 odstran\u011bn\u00ed mandl\u00ed. Nic neobvykl\u00e9ho, rutinn\u00ed vy\u0161et\u0159en\u00ed, kter\u00e9 m\u011blo trvat jen p\u00e1r minut. Otec d\u00edvky, Rhett, se mezit\u00edm vydal do nemocni\u010dn\u00edho obchodu se suven\u00fdry. Cht\u011bl koupit ply\u0161ovou li\u0161ku \u2013 sl\u00edben\u00fd d\u00e1rek za odvahu p\u0159ed operac\u00ed.<\/p>\n\n\n\n<p>V ordinaci z\u016fstala jen matka a doktor Harlan, pediatr, kter\u00fd d\u00edvku sledoval u\u017e od jej\u00edho narozen\u00ed.<\/p>\n\n\n\n<p>Jen\u017ee tentokr\u00e1t vypadal jinak ne\u017e obvykle.<\/p>\n\n\n\n<p>Nejprve po\u017e\u00e1dal otce, aby na chv\u00edli ode\u0161el z m\u00edstnosti. Jakmile se dve\u0159e zav\u0159ely, v m\u00edstnosti zavl\u00e1dlo zvl\u00e1\u0161tn\u00ed ticho. \u017dena okam\u017eit\u011b poc\u00edtila, jak se j\u00ed st\u00e1hl \u017ealudek. Hlavou j\u00ed za\u010daly probleskovat ty nejhor\u0161\u00ed sc\u00e9n\u00e1\u0159e \u2013 v\u00e1\u017en\u00e1 nemoc, rakovina, n\u011bco, co j\u00ed pr\u00e1v\u011b ozn\u00e1m\u00ed.<\/p>\n\n\n\n<p>Pravda v\u0161ak byla je\u0161t\u011b absurdn\u011bj\u0161\u00ed.<\/p>\n\n\n\n<p>L\u00e9ka\u0159 se zhluboka nadechl a pomalu \u0159ekl:<br>\u201eTalia\u2026 m\u00e1me probl\u00e9m. Genetick\u00e9 testy ukazuj\u00ed, \u017ee Willa s v\u00e1mi nem\u00e1 biologickou shodu.\u201c<\/p>\n\n\n\n<p>\u017dena se zasm\u00e1la. Nerv\u00f3zn\u011b, skoro hystericky.<\/p>\n\n\n\n<p>\u201eTo nen\u00ed mo\u017en\u00e9,\u201c odpov\u011bd\u011bla. \u201eJ\u00e1 jsem ji porodila.\u201c<\/p>\n\n\n\n<p>Doktor ji nep\u0159eru\u0161il. Jen na ni chv\u00edli ml\u010dky hled\u011bl, jako by s\u00e1m nedok\u00e1zal uv\u011b\u0159it tomu, co mus\u00ed vysv\u011btlit.<\/p>\n\n\n\n<p>V\u0161echno za\u010dalo u b\u011b\u017en\u00fdch p\u0159edopera\u010dn\u00edch test\u016f. Kv\u016fli bezpe\u010dnosti p\u0159i anestezii l\u00e9ka\u0159i provedli roz\u0161\u00ed\u0159en\u00e9 genetick\u00e9 vy\u0161et\u0159en\u00ed. Laborato\u0159 si v\u0161ak v\u0161imla n\u011b\u010deho zvl\u00e1\u0161tn\u00edho.<\/p>\n\n\n\n<p>Genetick\u00e9 markery d\u00edt\u011bte se v\u016fbec neshodovaly s markery matky.<\/p>\n\n\n\n<p>Technici si nejprve mysleli, \u017ee jde o chybu. Test zopakovali.<\/p>\n\n\n\n<p>V\u00fdsledek byl stejn\u00fd.<\/p>\n\n\n\n<p>Pak odebrali nov\u00fd vzorek krve a provedli anal\u00fdzu znovu.<\/p>\n\n\n\n<p>A znovu vy\u0161lo tot\u00e9\u017e: \u017eena, kter\u00e1 d\u00edt\u011b porodila, podle DNA nen\u00ed jeho biologickou matkou.<\/p>\n\n\n\n<p>V t\u00e9 chv\u00edli se \u017een\u011b \u00fapln\u011b zamotala hlava. Jedin\u00e1 my\u0161lenka se vracela st\u00e1le dokola: jestli nen\u00ed jej\u00ed\u2026 tak \u010d\u00ed vlastn\u011b je?<\/p>\n\n\n\n<p>A hlavn\u011b \u2013 jak se n\u011bco takov\u00e9ho m\u016f\u017ee st\u00e1t?<\/p>\n\n\n\n<p>Doktor opatrn\u011b vyslovil n\u011bkolik mo\u017en\u00fdch vysv\u011btlen\u00ed. Jednou z verz\u00ed je extr\u00e9mn\u011b vz\u00e1cn\u00e1 chyba v porodnici. P\u0159esto\u017ee dnes existuj\u00ed identifika\u010dn\u00ed n\u00e1ramky, \u010dipy a p\u0159\u00edsn\u00e9 protokoly, lidsk\u00e1 chyba se nikdy ned\u00e1 \u00fapln\u011b vylou\u010dit.<\/p>\n\n\n\n<p>Existuje v\u0161ak je\u0161t\u011b jedna mo\u017enost \u2013 je\u0161t\u011b podivn\u011bj\u0161\u00ed.<\/p>\n\n\n\n<p>Medic\u00edna zn\u00e1 velmi vz\u00e1cn\u00fd jev naz\u00fdvan\u00fd chimerismus. V takov\u00e9m p\u0159\u00edpad\u011b m\u00e1 \u010dlov\u011bk v t\u011ble dv\u011b r\u016fzn\u00e9 genetick\u00e9 linie DNA. Test pak m\u016f\u017ee uk\u00e1zat, \u017ee matka nen\u00ed geneticky p\u0159\u00edbuzn\u00e1 s d\u00edt\u011btem, p\u0159esto\u017ee ho skute\u010dn\u011b porodila.<\/p>\n\n\n\n<p>Takov\u00e9 p\u0159\u00edpady jsou ale extr\u00e9mn\u011b vz\u00e1cn\u00e9 \u2013 objevuj\u00ed se jen v n\u011bkolika m\u00e1lo p\u0159\u00edpadech na miliony lid\u00ed.<\/p>\n\n\n\n<p>Zat\u00edm nikdo nev\u00ed, co je pravda.<\/p>\n\n\n\n<p>\u017dena pozd\u011bji p\u0159iznala, \u017ee sed\u011bla v nemocni\u010dn\u00ed koupeln\u011b a sna\u017eila se popadnout dech. O patro n\u00ed\u017e jej\u00ed man\u017eel mezit\u00edm vyb\u00edral ply\u0161ovou hra\u010dku pro dceru, kter\u00e1 m\u011bla za p\u00e1r dn\u00ed podstoupit operaci.<\/p>\n\n\n\n<p>Netu\u0161il, \u017ee jejich \u017eivot se pr\u00e1v\u011b za\u010dal rozpadat.<\/p>\n\n\n\n<p>Je\u0161t\u011b po\u0159\u00e1d v\u011b\u0159il, \u017ee v\u0161echno je \u00fapln\u011b norm\u00e1ln\u00ed.<\/p>\n\n\n\n<p>Ale jeden test DNA u\u017e otev\u0159el ot\u00e1zky, na kter\u00e9 nikdo nen\u00ed p\u0159ipraven\u00fd.<\/p>\n\n\n\n<p>Pokud do\u0161lo k z\u00e1m\u011bn\u011b v porodnici \u2014 kde je jejich skute\u010dn\u00e9 d\u00edt\u011b?<\/p>\n\n\n\n<p>Kdo ho vychov\u00e1v\u00e1?<\/p>\n\n\n\n<p>A je v\u016fbec mo\u017en\u00e9 po p\u011bti letech naj\u00edt pravdu?<\/p>\n\n\n\n<p>Pr\u00e1vn\u00edci \u0159\u00edkaj\u00ed, \u017ee podobn\u00e9 p\u0159\u00edpady kon\u010d\u00ed \u010dasto u soudu a mohou st\u00e1t nemocnice miliony. Jen\u017ee \u017e\u00e1dn\u00e1 finan\u010dn\u00ed n\u00e1hrada nedok\u00e1\u017ee vy\u0159e\u0161it ten nejbolestn\u011bj\u0161\u00ed probl\u00e9m: co d\u011blat, kdy\u017e genetika \u0159\u00edk\u00e1 jedno, ale srdce n\u011bco \u00fapln\u011b jin\u00e9ho.<\/p>\n\n\n\n<p>\u017dena dnes opakuje jedinou v\u011btu.<\/p>\n\n\n\n<p>\u201eJe mi jedno, co \u0159\u00edk\u00e1 test. To d\u00edt\u011b je moje.\u201c<\/p>\n\n\n\n<p>Jen\u017ee p\u0159\u00edb\u011bh, kter\u00fd za\u010dal oby\u010dejnou l\u00e9ka\u0159skou kontrolou, teprve za\u010d\u00edn\u00e1. Dal\u0161\u00ed testy, vy\u0161et\u0159ov\u00e1n\u00ed a mo\u017en\u00e1 i \u0161okuj\u00edc\u00ed pravda mohou odhalit tajemstv\u00ed, kter\u00e9 vzniklo u\u017e p\u0159ed p\u011bti lety v porodn\u00edm s\u00e1le.<\/p>\n\n\n\n<p>A ta pravda m\u016f\u017ee zm\u011bnit \u017eivoty v\u00edce rodin, ne\u017e si kdokoli dok\u00e1\u017ee p\u0159edstavit.<\/p>\n","protected":false},"excerpt":{"rendered":"P\u0159ed p\u011bti lety \u017eena porodila hol\u010di\u010dku, dr\u017eela ji v n\u00e1ru\u010d\u00ed hned po porodu a od t\u00e9 chv\u00edle ji vychov\u00e1vala jako vlastn\u00ed. Dnes ale \n<a class=\"moretag\" href=\"https:\/\/mybook.am\/?p=26583\"> [...]<\/a>","protected":false},"author":1,"featured_media":26586,"comment_status":"open","ping_status":"open","sticky":false,"template":"","format":"standard","meta":{"footnotes":""},"categories":[1],"tags":[],"class_list":["post-26583","post","type-post","status-publish","format-standard","has-post-thumbnail","hentry","category-ceska"],"yoast_head":"<!-- This site is optimized with the Yoast SEO plugin v27.5 - https:\/\/yoast.com\/product\/yoast-seo-wordpress\/ -->\n<title>\u201eVa\u0161e dcera s v\u00e1mi nem\u00e1 \u017e\u00e1dnou biologickou vazbu.\u201c Tato v\u011bta zazn\u011bla v ordinaci l\u00e9ka\u0159e jako \u00fader. -<\/title>\n<meta name=\"robots\" content=\"index, follow, max-snippet:-1, max-image-preview:large, max-video-preview:-1\" \/>\n<link rel=\"canonical\" href=\"https:\/\/mybook.am\/?p=26583\" \/>\n<meta property=\"og:locale\" content=\"ru_RU\" \/>\n<meta property=\"og:type\" content=\"article\" \/>\n<meta property=\"og:title\" content=\"\u201eVa\u0161e dcera s v\u00e1mi nem\u00e1 \u017e\u00e1dnou biologickou vazbu.\u201c Tato v\u011bta zazn\u011bla v ordinaci l\u00e9ka\u0159e jako \u00fader. -\" \/>\n<meta property=\"og:description\" content=\"P\u0159ed p\u011bti lety \u017eena porodila hol\u010di\u010dku, dr\u017eela ji v n\u00e1ru\u010d\u00ed hned po porodu a od t\u00e9 chv\u00edle ji vychov\u00e1vala jako vlastn\u00ed. Dnes ale\" \/>\n<meta property=\"og:url\" content=\"https:\/\/mybook.am\/?p=26583\" \/>\n<meta property=\"article:published_time\" content=\"2026-03-14T06:32:27+00:00\" \/>\n<meta property=\"article:modified_time\" content=\"2026-03-14T06:32:28+00:00\" \/>\n<meta property=\"og:image\" content=\"https:\/\/mybook.am\/wp-content\/uploads\/2026\/03\/46579846-1024x683.png\" \/>\n\t<meta property=\"og:image:width\" content=\"1024\" \/>\n\t<meta property=\"og:image:height\" content=\"683\" \/>\n\t<meta property=\"og:image:type\" content=\"image\/png\" \/>\n<meta name=\"author\" content=\"admin\" \/>\n<meta name=\"twitter:card\" content=\"summary_large_image\" \/>\n<meta name=\"twitter:label1\" content=\"\u041d\u0430\u043f\u0438\u0441\u0430\u043d\u043e \u0430\u0432\u0442\u043e\u0440\u043e\u043c\" \/>\n\t<meta name=\"twitter:data1\" content=\"admin\" \/>\n\t<meta name=\"twitter:label2\" content=\"\u041f\u0440\u0438\u043c\u0435\u0440\u043d\u043e\u0435 \u0432\u0440\u0435\u043c\u044f \u0434\u043b\u044f \u0447\u0442\u0435\u043d\u0438\u044f\" \/>\n\t<meta name=\"twitter:data2\" content=\"4 \u043c\u0438\u043d\u0443\u0442\u044b\" \/>\n<script type=\"application\/ld+json\" class=\"yoast-schema-graph\">{\"@context\":\"https:\\\/\\\/schema.org\",\"@graph\":[{\"@type\":\"Article\",\"@id\":\"https:\\\/\\\/mybook.am\\\/?p=26583#article\",\"isPartOf\":{\"@id\":\"https:\\\/\\\/mybook.am\\\/?p=26583\"},\"author\":{\"name\":\"admin\",\"@id\":\"https:\\\/\\\/mybook.am\\\/#\\\/schema\\\/person\\\/e730847942cff3a199774e803916e97e\"},\"headline\":\"\u201eVa\u0161e dcera s v\u00e1mi nem\u00e1 \u017e\u00e1dnou biologickou vazbu.\u201c Tato v\u011bta zazn\u011bla v ordinaci l\u00e9ka\u0159e jako \u00fader.\",\"datePublished\":\"2026-03-14T06:32:27+00:00\",\"dateModified\":\"2026-03-14T06:32:28+00:00\",\"mainEntityOfPage\":{\"@id\":\"https:\\\/\\\/mybook.am\\\/?p=26583\"},\"wordCount\":828,\"commentCount\":0,\"image\":{\"@id\":\"https:\\\/\\\/mybook.am\\\/?p=26583#primaryimage\"},\"thumbnailUrl\":\"https:\\\/\\\/mybook.am\\\/wp-content\\\/uploads\\\/2026\\\/03\\\/46579846.png\",\"articleSection\":[\"\u010cesk\u00e1\"],\"inLanguage\":\"ru-RU\",\"potentialAction\":[{\"@type\":\"CommentAction\",\"name\":\"Comment\",\"target\":[\"https:\\\/\\\/mybook.am\\\/?p=26583#respond\"]}]},{\"@type\":\"WebPage\",\"@id\":\"https:\\\/\\\/mybook.am\\\/?p=26583\",\"url\":\"https:\\\/\\\/mybook.am\\\/?p=26583\",\"name\":\"\u201eVa\u0161e dcera s v\u00e1mi nem\u00e1 \u017e\u00e1dnou biologickou vazbu.\u201c Tato v\u011bta zazn\u011bla v ordinaci l\u00e9ka\u0159e jako \u00fader. -\",\"isPartOf\":{\"@id\":\"https:\\\/\\\/mybook.am\\\/#website\"},\"primaryImageOfPage\":{\"@id\":\"https:\\\/\\\/mybook.am\\\/?p=26583#primaryimage\"},\"image\":{\"@id\":\"https:\\\/\\\/mybook.am\\\/?p=26583#primaryimage\"},\"thumbnailUrl\":\"https:\\\/\\\/mybook.am\\\/wp-content\\\/uploads\\\/2026\\\/03\\\/46579846.png\",\"datePublished\":\"2026-03-14T06:32:27+00:00\",\"dateModified\":\"2026-03-14T06:32:28+00:00\",\"author\":{\"@id\":\"https:\\\/\\\/mybook.am\\\/#\\\/schema\\\/person\\\/e730847942cff3a199774e803916e97e\"},\"breadcrumb\":{\"@id\":\"https:\\\/\\\/mybook.am\\\/?p=26583#breadcrumb\"},\"inLanguage\":\"ru-RU\",\"potentialAction\":[{\"@type\":\"ReadAction\",\"target\":[\"https:\\\/\\\/mybook.am\\\/?p=26583\"]}]},{\"@type\":\"ImageObject\",\"inLanguage\":\"ru-RU\",\"@id\":\"https:\\\/\\\/mybook.am\\\/?p=26583#primaryimage\",\"url\":\"https:\\\/\\\/mybook.am\\\/wp-content\\\/uploads\\\/2026\\\/03\\\/46579846.png\",\"contentUrl\":\"https:\\\/\\\/mybook.am\\\/wp-content\\\/uploads\\\/2026\\\/03\\\/46579846.png\",\"width\":1536,\"height\":1024},{\"@type\":\"BreadcrumbList\",\"@id\":\"https:\\\/\\\/mybook.am\\\/?p=26583#breadcrumb\",\"itemListElement\":[{\"@type\":\"ListItem\",\"position\":1,\"name\":\"\u0413\u043b\u0430\u0432\u043d\u0430\u044f \u0441\u0442\u0440\u0430\u043d\u0438\u0446\u0430\",\"item\":\"https:\\\/\\\/mybook.am\\\/\"},{\"@type\":\"ListItem\",\"position\":2,\"name\":\"\u201eVa\u0161e dcera s v\u00e1mi nem\u00e1 \u017e\u00e1dnou biologickou vazbu.\u201c Tato v\u011bta zazn\u011bla v ordinaci l\u00e9ka\u0159e jako \u00fader.\"}]},{\"@type\":\"WebSite\",\"@id\":\"https:\\\/\\\/mybook.am\\\/#website\",\"url\":\"https:\\\/\\\/mybook.am\\\/\",\"name\":\"\",\"description\":\"\",\"potentialAction\":[{\"@type\":\"SearchAction\",\"target\":{\"@type\":\"EntryPoint\",\"urlTemplate\":\"https:\\\/\\\/mybook.am\\\/?s={search_term_string}\"},\"query-input\":{\"@type\":\"PropertyValueSpecification\",\"valueRequired\":true,\"valueName\":\"search_term_string\"}}],\"inLanguage\":\"ru-RU\"},{\"@type\":\"Person\",\"@id\":\"https:\\\/\\\/mybook.am\\\/#\\\/schema\\\/person\\\/e730847942cff3a199774e803916e97e\",\"name\":\"admin\",\"image\":{\"@type\":\"ImageObject\",\"inLanguage\":\"ru-RU\",\"@id\":\"https:\\\/\\\/secure.gravatar.com\\\/avatar\\\/df64e550a0653b7be0f1bcf897f33faad9c2c8153472b2d9319beafb51370f6f?s=96&d=mm&r=g\",\"url\":\"https:\\\/\\\/secure.gravatar.com\\\/avatar\\\/df64e550a0653b7be0f1bcf897f33faad9c2c8153472b2d9319beafb51370f6f?s=96&d=mm&r=g\",\"contentUrl\":\"https:\\\/\\\/secure.gravatar.com\\\/avatar\\\/df64e550a0653b7be0f1bcf897f33faad9c2c8153472b2d9319beafb51370f6f?s=96&d=mm&r=g\",\"caption\":\"admin\"},\"sameAs\":[\"http:\\\/\\\/mybook.am\"],\"url\":\"https:\\\/\\\/mybook.am\\\/?author=1\"}]}<\/script>\n<!-- \/ Yoast SEO plugin. -->","yoast_head_json":{"title":"\u201eVa\u0161e dcera s v\u00e1mi nem\u00e1 \u017e\u00e1dnou biologickou vazbu.\u201c Tato v\u011bta zazn\u011bla v ordinaci l\u00e9ka\u0159e jako \u00fader. -","robots":{"index":"index","follow":"follow","max-snippet":"max-snippet:-1","max-image-preview":"max-image-preview:large","max-video-preview":"max-video-preview:-1"},"canonical":"https:\/\/mybook.am\/?p=26583","og_locale":"ru_RU","og_type":"article","og_title":"\u201eVa\u0161e dcera s v\u00e1mi nem\u00e1 \u017e\u00e1dnou biologickou vazbu.\u201c Tato v\u011bta zazn\u011bla v ordinaci l\u00e9ka\u0159e jako \u00fader. -","og_description":"P\u0159ed p\u011bti lety \u017eena porodila hol\u010di\u010dku, dr\u017eela ji v n\u00e1ru\u010d\u00ed hned po porodu a od t\u00e9 chv\u00edle ji vychov\u00e1vala jako vlastn\u00ed. Dnes ale","og_url":"https:\/\/mybook.am\/?p=26583","article_published_time":"2026-03-14T06:32:27+00:00","article_modified_time":"2026-03-14T06:32:28+00:00","og_image":[{"width":1024,"height":683,"url":"https:\/\/mybook.am\/wp-content\/uploads\/2026\/03\/46579846-1024x683.png","type":"image\/png"}],"author":"admin","twitter_card":"summary_large_image","twitter_misc":{"\u041d\u0430\u043f\u0438\u0441\u0430\u043d\u043e \u0430\u0432\u0442\u043e\u0440\u043e\u043c":"admin","\u041f\u0440\u0438\u043c\u0435\u0440\u043d\u043e\u0435 \u0432\u0440\u0435\u043c\u044f \u0434\u043b\u044f \u0447\u0442\u0435\u043d\u0438\u044f":"4 \u043c\u0438\u043d\u0443\u0442\u044b"},"schema":{"@context":"https:\/\/schema.org","@graph":[{"@type":"Article","@id":"https:\/\/mybook.am\/?p=26583#article","isPartOf":{"@id":"https:\/\/mybook.am\/?p=26583"},"author":{"name":"admin","@id":"https:\/\/mybook.am\/#\/schema\/person\/e730847942cff3a199774e803916e97e"},"headline":"\u201eVa\u0161e dcera s v\u00e1mi nem\u00e1 \u017e\u00e1dnou biologickou vazbu.\u201c Tato v\u011bta zazn\u011bla v ordinaci l\u00e9ka\u0159e jako \u00fader.","datePublished":"2026-03-14T06:32:27+00:00","dateModified":"2026-03-14T06:32:28+00:00","mainEntityOfPage":{"@id":"https:\/\/mybook.am\/?p=26583"},"wordCount":828,"commentCount":0,"image":{"@id":"https:\/\/mybook.am\/?p=26583#primaryimage"},"thumbnailUrl":"https:\/\/mybook.am\/wp-content\/uploads\/2026\/03\/46579846.png","articleSection":["\u010cesk\u00e1"],"inLanguage":"ru-RU","potentialAction":[{"@type":"CommentAction","name":"Comment","target":["https:\/\/mybook.am\/?p=26583#respond"]}]},{"@type":"WebPage","@id":"https:\/\/mybook.am\/?p=26583","url":"https:\/\/mybook.am\/?p=26583","name":"\u201eVa\u0161e dcera s v\u00e1mi nem\u00e1 \u017e\u00e1dnou biologickou vazbu.\u201c Tato v\u011bta zazn\u011bla v ordinaci l\u00e9ka\u0159e jako \u00fader. -","isPartOf":{"@id":"https:\/\/mybook.am\/#website"},"primaryImageOfPage":{"@id":"https:\/\/mybook.am\/?p=26583#primaryimage"},"image":{"@id":"https:\/\/mybook.am\/?p=26583#primaryimage"},"thumbnailUrl":"https:\/\/mybook.am\/wp-content\/uploads\/2026\/03\/46579846.png","datePublished":"2026-03-14T06:32:27+00:00","dateModified":"2026-03-14T06:32:28+00:00","author":{"@id":"https:\/\/mybook.am\/#\/schema\/person\/e730847942cff3a199774e803916e97e"},"breadcrumb":{"@id":"https:\/\/mybook.am\/?p=26583#breadcrumb"},"inLanguage":"ru-RU","potentialAction":[{"@type":"ReadAction","target":["https:\/\/mybook.am\/?p=26583"]}]},{"@type":"ImageObject","inLanguage":"ru-RU","@id":"https:\/\/mybook.am\/?p=26583#primaryimage","url":"https:\/\/mybook.am\/wp-content\/uploads\/2026\/03\/46579846.png","contentUrl":"https:\/\/mybook.am\/wp-content\/uploads\/2026\/03\/46579846.png","width":1536,"height":1024},{"@type":"BreadcrumbList","@id":"https:\/\/mybook.am\/?p=26583#breadcrumb","itemListElement":[{"@type":"ListItem","position":1,"name":"\u0413\u043b\u0430\u0432\u043d\u0430\u044f \u0441\u0442\u0440\u0430\u043d\u0438\u0446\u0430","item":"https:\/\/mybook.am\/"},{"@type":"ListItem","position":2,"name":"\u201eVa\u0161e dcera s v\u00e1mi nem\u00e1 \u017e\u00e1dnou biologickou vazbu.\u201c Tato v\u011bta zazn\u011bla v ordinaci l\u00e9ka\u0159e jako \u00fader."}]},{"@type":"WebSite","@id":"https:\/\/mybook.am\/#website","url":"https:\/\/mybook.am\/","name":"","description":"","potentialAction":[{"@type":"SearchAction","target":{"@type":"EntryPoint","urlTemplate":"https:\/\/mybook.am\/?s={search_term_string}"},"query-input":{"@type":"PropertyValueSpecification","valueRequired":true,"valueName":"search_term_string"}}],"inLanguage":"ru-RU"},{"@type":"Person","@id":"https:\/\/mybook.am\/#\/schema\/person\/e730847942cff3a199774e803916e97e","name":"admin","image":{"@type":"ImageObject","inLanguage":"ru-RU","@id":"https:\/\/secure.gravatar.com\/avatar\/df64e550a0653b7be0f1bcf897f33faad9c2c8153472b2d9319beafb51370f6f?s=96&d=mm&r=g","url":"https:\/\/secure.gravatar.com\/avatar\/df64e550a0653b7be0f1bcf897f33faad9c2c8153472b2d9319beafb51370f6f?s=96&d=mm&r=g","contentUrl":"https:\/\/secure.gravatar.com\/avatar\/df64e550a0653b7be0f1bcf897f33faad9c2c8153472b2d9319beafb51370f6f?s=96&d=mm&r=g","caption":"admin"},"sameAs":["http:\/\/mybook.am"],"url":"https:\/\/mybook.am\/?author=1"}]}},"views":245,"_links":{"self":[{"href":"https:\/\/mybook.am\/index.php?rest_route=\/wp\/v2\/posts\/26583","targetHints":{"allow":["GET"]}}],"collection":[{"href":"https:\/\/mybook.am\/index.php?rest_route=\/wp\/v2\/posts"}],"about":[{"href":"https:\/\/mybook.am\/index.php?rest_route=\/wp\/v2\/types\/post"}],"author":[{"embeddable":true,"href":"https:\/\/mybook.am\/index.php?rest_route=\/wp\/v2\/users\/1"}],"replies":[{"embeddable":true,"href":"https:\/\/mybook.am\/index.php?rest_route=%2Fwp%2Fv2%2Fcomments&post=26583"}],"version-history":[{"count":1,"href":"https:\/\/mybook.am\/index.php?rest_route=\/wp\/v2\/posts\/26583\/revisions"}],"predecessor-version":[{"id":26587,"href":"https:\/\/mybook.am\/index.php?rest_route=\/wp\/v2\/posts\/26583\/revisions\/26587"}],"wp:featuredmedia":[{"embeddable":true,"href":"https:\/\/mybook.am\/index.php?rest_route=\/wp\/v2\/media\/26586"}],"wp:attachment":[{"href":"https:\/\/mybook.am\/index.php?rest_route=%2Fwp%2Fv2%2Fmedia&parent=26583"}],"wp:term":[{"taxonomy":"category","embeddable":true,"href":"https:\/\/mybook.am\/index.php?rest_route=%2Fwp%2Fv2%2Fcategories&post=26583"},{"taxonomy":"post_tag","embeddable":true,"href":"https:\/\/mybook.am\/index.php?rest_route=%2Fwp%2Fv2%2Ftags&post=26583"}],"curies":[{"name":"wp","href":"https:\/\/api.w.org\/{rel}","templated":true}]}}