{"id":26591,"date":"2026-03-14T14:29:24","date_gmt":"2026-03-14T11:29:24","guid":{"rendered":"https:\/\/mybook.am\/?p=26591"},"modified":"2026-03-14T14:29:24","modified_gmt":"2026-03-14T11:29:24","slug":"v-devatenacti-letech-mi-syn-zahynul-pri-autonehode-o-pet-let-pozdeji-vstoupil-do-me-tridy-chlapec-se-stejnym-materskym-znamenkem-pod-levym-okem","status":"publish","type":"post","link":"https:\/\/mybook.am\/?p=26591","title":{"rendered":"V devaten\u00e1cti letech mi syn zahynul p\u0159i autonehod\u011b. O p\u011bt let pozd\u011bji vstoupil do m\u00e9 t\u0159\u00eddy chlapec se stejn\u00fdm mate\u0159sk\u00fdm znam\u00e9nkem pod lev\u00fdm okem."},"content":{"rendered":"\n<p>Ta chv\u00edle mi doslova vyrazila dech.O sv\u00e9ho syna jsem se starala sama. Jeho otec zmizel je\u0161t\u011b p\u0159edt\u00edm, ne\u017e se narodil. Od okam\u017eiku, kdy jsem ho poprv\u00e9 dr\u017eela v n\u00e1ru\u010d\u00ed v nemocnici, jsme byli jen my dva proti cel\u00e9mu sv\u011btu.<\/p>\n\n\n\n<figure class=\"wp-block-image size-full\"><img loading=\"lazy\" decoding=\"async\" width=\"942\" height=\"628\" src=\"https:\/\/mybook.am\/wp-content\/uploads\/2026\/03\/46579865.jpg\" alt=\"\" class=\"wp-image-26593\" srcset=\"https:\/\/mybook.am\/wp-content\/uploads\/2026\/03\/46579865.jpg 942w, https:\/\/mybook.am\/wp-content\/uploads\/2026\/03\/46579865-300x200.jpg 300w, https:\/\/mybook.am\/wp-content\/uploads\/2026\/03\/46579865-768x512.jpg 768w\" sizes=\"auto, (max-width: 942px) 100vw, 942px\" \/><\/figure>\n\n\n\n<p>Owen byl m\u016fj smysl \u017eivota. D\u016fvod, pro\u010d jsem ka\u017ed\u00e9 r\u00e1no vst\u00e1vala z postele. D\u016fkaz, \u017ee navzdory v\u0161em chyb\u00e1m m\u016f\u017ee \u010dlov\u011bk n\u011bco ud\u011blat spr\u00e1vn\u011b.<\/p>\n\n\n\n<p>Bylo mu devaten\u00e1ct, kdy\u017e zazvonil telefon.<\/p>\n\n\n\n<p>Tax\u00edk. Opil\u00fd \u0159idi\u010d. \u0160patn\u00e9 m\u00edsto ve \u0161patn\u00fd \u010das.<\/p>\n\n\n\n<p>Policista mi tehdy \u0159ekl v\u011btu, kter\u00e1 mi dodnes zn\u00ed v hlav\u011b:<br>\u201ePr\u00fd netrp\u011bl.\u201c<\/p>\n\n\n\n<p>O t\u00fdden pozd\u011bji jsem st\u00e1la na h\u0159bitov\u011b a poh\u0159b\u00edvala sv\u00e9 jedin\u00e9 d\u00edt\u011b. Pamatuji si, jak jsem se d\u00edvala na \u010derstvou hl\u00ednu a v duchu si opakovala jednu jedinou ot\u00e1zku: jak m\u016f\u017ee sv\u011bt d\u00e1l existovat, kdy\u017e ten m\u016fj pr\u00e1v\u011b skon\u010dil?<\/p>\n\n\n\n<p>Pak ub\u011bhlo p\u011bt let.<\/p>\n\n\n\n<p>\u017divot se sice nezastavil, ale nikdy u\u017e nebyl stejn\u00fd. Pokra\u010dovala jsem v pr\u00e1ci u\u010ditelky v mate\u0159sk\u00e9 \u0161kole. D\u011bti, jejich sm\u00edch, jejich chaos \u2014 to v\u0161echno se stalo zp\u016fsobem, jak p\u0159e\u017e\u00edt dal\u0161\u00ed den.<\/p>\n\n\n\n<p>A pak p\u0159i\u0161el ten okam\u017eik.<\/p>\n\n\n\n<p>\u0158editelka otev\u0159ela dve\u0159e t\u0159\u00eddy a p\u0159ivedla nov\u00e9ho chlapce.<\/p>\n\n\n\n<p>\u201eTohle je Theo,\u201c \u0159ekla klidn\u011b. \u201ePr\u00e1v\u011b se sem p\u0159est\u011bhoval.\u201c<\/p>\n\n\n\n<p>Chlapec ud\u011blal p\u00e1r nesm\u011bl\u00fdch krok\u016f dop\u0159edu.<\/p>\n\n\n\n<p>A tehdy jsem to uvid\u011bla.<\/p>\n\n\n\n<p>Mal\u00e9 mate\u0159sk\u00e9 znam\u00e9nko ve tvaru p\u016flm\u011bs\u00edce pod lev\u00fdm okem.<\/p>\n\n\n\n<p>Na stejn\u00e9m m\u00edst\u011b, kde ho m\u011bl Owen.<\/p>\n\n\n\n<p>Srdce mi za\u010dalo bu\u0161it tak siln\u011b, \u017ee jsem se musela op\u0159\u00edt o st\u016fl, abych nespadla.<\/p>\n\n\n\n<p>Jen\u017ee ne\u0161lo jen o to znam\u00e9nko.<\/p>\n\n\n\n<p>Byl v tom zp\u016fsob, jak nakl\u00e1n\u011bl hlavu, kdy\u017e poslouchal. Ten lehce nejist\u00fd \u00fasm\u011bv, kter\u00fd se objevil, kdy\u017e byl nerv\u00f3zn\u00ed.<\/p>\n\n\n\n<p>P\u0159esn\u011b tak se usm\u00edval i m\u016fj syn.<\/p>\n\n\n\n<p>Zbytek vyu\u010dov\u00e1n\u00ed jsem dokon\u010dila t\u00e9m\u011b\u0159 automaticky. Slova ze m\u011b vych\u00e1zela, ale my\u0161lenky byly \u00fapln\u011b jinde.<\/p>\n\n\n\n<p>Po hodin\u011b jsem si k chlapci klekla.<\/p>\n\n\n\n<p>\u201eTheo, kdo si t\u011b dnes vyzvedne?\u201c zeptala jsem se co nejklidn\u011bji.<\/p>\n\n\n\n<p>\u201eM\u00e1ma a t\u00e1ta,\u201c odpov\u011bd\u011bl vesele. \u201eDnes p\u0159ijdou oba.\u201c<\/p>\n\n\n\n<p>P\u0159ik\u00fdvla jsem, i kdy\u017e se mi t\u0159\u00e1sly ruce.<\/p>\n\n\n\n<p>Ten den jsem z\u016fstala v dru\u017ein\u011b mnohem d\u00e9le, ne\u017e jsem m\u011bla. Tvrdila jsem sama sob\u011b, \u017ee jen chci m\u00edt jistotu, \u017ee se nov\u00fd chlapec dob\u0159e zabydl\u00ed.<\/p>\n\n\n\n<p>Ve skute\u010dnosti jsem \u010dekala.<\/p>\n\n\n\n<p>Kdy\u017e za\u010dali rodi\u010de p\u0159ich\u00e1zet pro d\u011bti, Theo najednou vysko\u010dil a pod\u00edval se ke dve\u0159\u00edm.<\/p>\n\n\n\n<p>\u201eMami!\u201c vyk\u0159ikl.<\/p>\n\n\n\n<p>Batoh spadl na zem a chlapec se rozb\u011bhl ke vchodu.<\/p>\n\n\n\n<p>Oto\u010dila jsem se.<\/p>\n\n\n\n<p>A v tu chv\u00edli jsem ztratila \u0159e\u010d.<\/p>\n\n\n\n<p>\u017dena, ke kter\u00e9 Theo p\u0159ib\u011bhl a objal ji kolem pasu, nebyla pro m\u011b ciz\u00ed.<\/p>\n\n\n\n<p>Okam\u017eit\u011b jsem ji poznala.<\/p>\n\n\n\n<p>Pracovala kdysi v mal\u00e9 kav\u00e1rn\u011b pobl\u00ed\u017e univerzity, kam m\u016fj syn chodil. Owen o n\u00ed n\u011bkolikr\u00e1t mluvil \u2014 o d\u00edvce, kter\u00e1 mu poka\u017ed\u00e9 p\u0159inesla k\u00e1vu s \u00fasm\u011bvem, jako by ho znala u\u017e d\u00e1vno.<\/p>\n\n\n\n<p>Tehdy to byla jen bezv\u00fdznamn\u00e1 drobnost.<\/p>\n\n\n\n<p>Te\u010f ale st\u00e1la p\u0159ede mnou \u017eena, kter\u00e1 dr\u017eela za ruku chlapce s mate\u0159sk\u00fdm znam\u00e9nkem m\u00e9ho mrtv\u00e9ho syna.<\/p>\n\n\n\n<p>Zvedla hlavu.<\/p>\n\n\n\n<p>Na\u0161e pohledy se st\u0159etly.<\/p>\n\n\n\n<p>A barva j\u00ed okam\u017eit\u011b zmizela z tv\u00e1\u0159e.<\/p>\n\n\n\n<p>Poznala m\u011b.<\/p>\n\n\n\n<p>Mezi n\u00e1mi zavl\u00e1dlo ticho, kter\u00e9 bylo hlasit\u011bj\u0161\u00ed ne\u017e jak\u00fdkoli v\u00fdk\u0159ik.<\/p>\n\n\n\n<p>V hlav\u011b se mi za\u010daly skl\u00e1dat jednotliv\u00e9 kousky pravdy.<\/p>\n\n\n\n<p>P\u011bt let.<br>V\u011bk toho chlapce.<br>To znam\u00e9nko.<\/p>\n\n\n\n<p>A strach v o\u010d\u00edch t\u00e9 \u017eeny.<\/p>\n\n\n\n<p>V tu chv\u00edli mi do\u0161lo n\u011bco d\u011bsiv\u00e9ho.<\/p>\n\n\n\n<p>Mo\u017en\u00e1 jsem p\u0159ed p\u011bti lety poh\u0159bila syna\u2026 ale z\u00e1rove\u0148 jsem v\u016fbec netu\u0161ila, jak\u00fd tajn\u00fd \u017eivot vedl t\u011bsn\u011b p\u0159ed svou smrt\u00ed.<\/p>\n","protected":false},"excerpt":{"rendered":"Ta chv\u00edle mi doslova vyrazila dech.O sv\u00e9ho syna jsem se starala sama. Jeho otec zmizel je\u0161t\u011b p\u0159edt\u00edm, ne\u017e se narodil. Od okam\u017eiku, kdy \n<a class=\"moretag\" href=\"https:\/\/mybook.am\/?p=26591\"> [...]<\/a>","protected":false},"author":1,"featured_media":26593,"comment_status":"open","ping_status":"open","sticky":false,"template":"","format":"standard","meta":{"footnotes":""},"categories":[1],"tags":[],"class_list":["post-26591","post","type-post","status-publish","format-standard","has-post-thumbnail","hentry","category-ceska"],"yoast_head":"<!-- This site is optimized with the Yoast SEO plugin v27.5 - https:\/\/yoast.com\/product\/yoast-seo-wordpress\/ -->\n<title>V devaten\u00e1cti letech mi syn zahynul p\u0159i autonehod\u011b. O p\u011bt let pozd\u011bji vstoupil do m\u00e9 t\u0159\u00eddy chlapec se stejn\u00fdm mate\u0159sk\u00fdm znam\u00e9nkem pod lev\u00fdm okem. -<\/title>\n<meta name=\"robots\" content=\"index, follow, max-snippet:-1, max-image-preview:large, max-video-preview:-1\" \/>\n<link rel=\"canonical\" href=\"https:\/\/mybook.am\/?p=26591\" \/>\n<meta property=\"og:locale\" content=\"ru_RU\" \/>\n<meta property=\"og:type\" content=\"article\" \/>\n<meta property=\"og:title\" content=\"V devaten\u00e1cti letech mi syn zahynul p\u0159i autonehod\u011b. O p\u011bt let pozd\u011bji vstoupil do m\u00e9 t\u0159\u00eddy chlapec se stejn\u00fdm mate\u0159sk\u00fdm znam\u00e9nkem pod lev\u00fdm okem. -\" \/>\n<meta property=\"og:description\" content=\"Ta chv\u00edle mi doslova vyrazila dech.O sv\u00e9ho syna jsem se starala sama. Jeho otec zmizel je\u0161t\u011b p\u0159edt\u00edm, ne\u017e se narodil. Od okam\u017eiku, kdy\" \/>\n<meta property=\"og:url\" content=\"https:\/\/mybook.am\/?p=26591\" \/>\n<meta property=\"article:published_time\" content=\"2026-03-14T11:29:24+00:00\" \/>\n<meta property=\"og:image\" content=\"https:\/\/mybook.am\/wp-content\/uploads\/2026\/03\/46579865.jpg\" \/>\n\t<meta property=\"og:image:width\" content=\"942\" \/>\n\t<meta property=\"og:image:height\" content=\"628\" \/>\n\t<meta property=\"og:image:type\" content=\"image\/jpeg\" \/>\n<meta name=\"author\" content=\"admin\" \/>\n<meta name=\"twitter:card\" content=\"summary_large_image\" \/>\n<meta name=\"twitter:label1\" content=\"\u041d\u0430\u043f\u0438\u0441\u0430\u043d\u043e \u0430\u0432\u0442\u043e\u0440\u043e\u043c\" \/>\n\t<meta name=\"twitter:data1\" content=\"admin\" \/>\n\t<meta name=\"twitter:label2\" content=\"\u041f\u0440\u0438\u043c\u0435\u0440\u043d\u043e\u0435 \u0432\u0440\u0435\u043c\u044f \u0434\u043b\u044f \u0447\u0442\u0435\u043d\u0438\u044f\" \/>\n\t<meta name=\"twitter:data2\" content=\"4 \u043c\u0438\u043d\u0443\u0442\u044b\" \/>\n<script type=\"application\/ld+json\" class=\"yoast-schema-graph\">{\"@context\":\"https:\\\/\\\/schema.org\",\"@graph\":[{\"@type\":\"Article\",\"@id\":\"https:\\\/\\\/mybook.am\\\/?p=26591#article\",\"isPartOf\":{\"@id\":\"https:\\\/\\\/mybook.am\\\/?p=26591\"},\"author\":{\"name\":\"admin\",\"@id\":\"https:\\\/\\\/mybook.am\\\/#\\\/schema\\\/person\\\/e730847942cff3a199774e803916e97e\"},\"headline\":\"V devaten\u00e1cti letech mi syn zahynul p\u0159i autonehod\u011b. O p\u011bt let pozd\u011bji vstoupil do m\u00e9 t\u0159\u00eddy chlapec se stejn\u00fdm mate\u0159sk\u00fdm znam\u00e9nkem pod lev\u00fdm okem.\",\"datePublished\":\"2026-03-14T11:29:24+00:00\",\"mainEntityOfPage\":{\"@id\":\"https:\\\/\\\/mybook.am\\\/?p=26591\"},\"wordCount\":738,\"commentCount\":0,\"image\":{\"@id\":\"https:\\\/\\\/mybook.am\\\/?p=26591#primaryimage\"},\"thumbnailUrl\":\"https:\\\/\\\/mybook.am\\\/wp-content\\\/uploads\\\/2026\\\/03\\\/46579865.jpg\",\"articleSection\":[\"\u010cesk\u00e1\"],\"inLanguage\":\"ru-RU\",\"potentialAction\":[{\"@type\":\"CommentAction\",\"name\":\"Comment\",\"target\":[\"https:\\\/\\\/mybook.am\\\/?p=26591#respond\"]}]},{\"@type\":\"WebPage\",\"@id\":\"https:\\\/\\\/mybook.am\\\/?p=26591\",\"url\":\"https:\\\/\\\/mybook.am\\\/?p=26591\",\"name\":\"V devaten\u00e1cti letech mi syn zahynul p\u0159i autonehod\u011b. O p\u011bt let pozd\u011bji vstoupil do m\u00e9 t\u0159\u00eddy chlapec se stejn\u00fdm mate\u0159sk\u00fdm znam\u00e9nkem pod lev\u00fdm okem. -\",\"isPartOf\":{\"@id\":\"https:\\\/\\\/mybook.am\\\/#website\"},\"primaryImageOfPage\":{\"@id\":\"https:\\\/\\\/mybook.am\\\/?p=26591#primaryimage\"},\"image\":{\"@id\":\"https:\\\/\\\/mybook.am\\\/?p=26591#primaryimage\"},\"thumbnailUrl\":\"https:\\\/\\\/mybook.am\\\/wp-content\\\/uploads\\\/2026\\\/03\\\/46579865.jpg\",\"datePublished\":\"2026-03-14T11:29:24+00:00\",\"author\":{\"@id\":\"https:\\\/\\\/mybook.am\\\/#\\\/schema\\\/person\\\/e730847942cff3a199774e803916e97e\"},\"breadcrumb\":{\"@id\":\"https:\\\/\\\/mybook.am\\\/?p=26591#breadcrumb\"},\"inLanguage\":\"ru-RU\",\"potentialAction\":[{\"@type\":\"ReadAction\",\"target\":[\"https:\\\/\\\/mybook.am\\\/?p=26591\"]}]},{\"@type\":\"ImageObject\",\"inLanguage\":\"ru-RU\",\"@id\":\"https:\\\/\\\/mybook.am\\\/?p=26591#primaryimage\",\"url\":\"https:\\\/\\\/mybook.am\\\/wp-content\\\/uploads\\\/2026\\\/03\\\/46579865.jpg\",\"contentUrl\":\"https:\\\/\\\/mybook.am\\\/wp-content\\\/uploads\\\/2026\\\/03\\\/46579865.jpg\",\"width\":942,\"height\":628},{\"@type\":\"BreadcrumbList\",\"@id\":\"https:\\\/\\\/mybook.am\\\/?p=26591#breadcrumb\",\"itemListElement\":[{\"@type\":\"ListItem\",\"position\":1,\"name\":\"\u0413\u043b\u0430\u0432\u043d\u0430\u044f \u0441\u0442\u0440\u0430\u043d\u0438\u0446\u0430\",\"item\":\"https:\\\/\\\/mybook.am\\\/\"},{\"@type\":\"ListItem\",\"position\":2,\"name\":\"V devaten\u00e1cti letech mi syn zahynul p\u0159i autonehod\u011b. O p\u011bt let pozd\u011bji vstoupil do m\u00e9 t\u0159\u00eddy chlapec se stejn\u00fdm mate\u0159sk\u00fdm znam\u00e9nkem pod lev\u00fdm okem.\"}]},{\"@type\":\"WebSite\",\"@id\":\"https:\\\/\\\/mybook.am\\\/#website\",\"url\":\"https:\\\/\\\/mybook.am\\\/\",\"name\":\"\",\"description\":\"\",\"potentialAction\":[{\"@type\":\"SearchAction\",\"target\":{\"@type\":\"EntryPoint\",\"urlTemplate\":\"https:\\\/\\\/mybook.am\\\/?s={search_term_string}\"},\"query-input\":{\"@type\":\"PropertyValueSpecification\",\"valueRequired\":true,\"valueName\":\"search_term_string\"}}],\"inLanguage\":\"ru-RU\"},{\"@type\":\"Person\",\"@id\":\"https:\\\/\\\/mybook.am\\\/#\\\/schema\\\/person\\\/e730847942cff3a199774e803916e97e\",\"name\":\"admin\",\"image\":{\"@type\":\"ImageObject\",\"inLanguage\":\"ru-RU\",\"@id\":\"https:\\\/\\\/secure.gravatar.com\\\/avatar\\\/df64e550a0653b7be0f1bcf897f33faad9c2c8153472b2d9319beafb51370f6f?s=96&d=mm&r=g\",\"url\":\"https:\\\/\\\/secure.gravatar.com\\\/avatar\\\/df64e550a0653b7be0f1bcf897f33faad9c2c8153472b2d9319beafb51370f6f?s=96&d=mm&r=g\",\"contentUrl\":\"https:\\\/\\\/secure.gravatar.com\\\/avatar\\\/df64e550a0653b7be0f1bcf897f33faad9c2c8153472b2d9319beafb51370f6f?s=96&d=mm&r=g\",\"caption\":\"admin\"},\"sameAs\":[\"http:\\\/\\\/mybook.am\"],\"url\":\"https:\\\/\\\/mybook.am\\\/?author=1\"}]}<\/script>\n<!-- \/ Yoast SEO plugin. -->","yoast_head_json":{"title":"V devaten\u00e1cti letech mi syn zahynul p\u0159i autonehod\u011b. O p\u011bt let pozd\u011bji vstoupil do m\u00e9 t\u0159\u00eddy chlapec se stejn\u00fdm mate\u0159sk\u00fdm znam\u00e9nkem pod lev\u00fdm okem. -","robots":{"index":"index","follow":"follow","max-snippet":"max-snippet:-1","max-image-preview":"max-image-preview:large","max-video-preview":"max-video-preview:-1"},"canonical":"https:\/\/mybook.am\/?p=26591","og_locale":"ru_RU","og_type":"article","og_title":"V devaten\u00e1cti letech mi syn zahynul p\u0159i autonehod\u011b. O p\u011bt let pozd\u011bji vstoupil do m\u00e9 t\u0159\u00eddy chlapec se stejn\u00fdm mate\u0159sk\u00fdm znam\u00e9nkem pod lev\u00fdm okem. -","og_description":"Ta chv\u00edle mi doslova vyrazila dech.O sv\u00e9ho syna jsem se starala sama. Jeho otec zmizel je\u0161t\u011b p\u0159edt\u00edm, ne\u017e se narodil. Od okam\u017eiku, kdy","og_url":"https:\/\/mybook.am\/?p=26591","article_published_time":"2026-03-14T11:29:24+00:00","og_image":[{"width":942,"height":628,"url":"https:\/\/mybook.am\/wp-content\/uploads\/2026\/03\/46579865.jpg","type":"image\/jpeg"}],"author":"admin","twitter_card":"summary_large_image","twitter_misc":{"\u041d\u0430\u043f\u0438\u0441\u0430\u043d\u043e \u0430\u0432\u0442\u043e\u0440\u043e\u043c":"admin","\u041f\u0440\u0438\u043c\u0435\u0440\u043d\u043e\u0435 \u0432\u0440\u0435\u043c\u044f \u0434\u043b\u044f \u0447\u0442\u0435\u043d\u0438\u044f":"4 \u043c\u0438\u043d\u0443\u0442\u044b"},"schema":{"@context":"https:\/\/schema.org","@graph":[{"@type":"Article","@id":"https:\/\/mybook.am\/?p=26591#article","isPartOf":{"@id":"https:\/\/mybook.am\/?p=26591"},"author":{"name":"admin","@id":"https:\/\/mybook.am\/#\/schema\/person\/e730847942cff3a199774e803916e97e"},"headline":"V devaten\u00e1cti letech mi syn zahynul p\u0159i autonehod\u011b. O p\u011bt let pozd\u011bji vstoupil do m\u00e9 t\u0159\u00eddy chlapec se stejn\u00fdm mate\u0159sk\u00fdm znam\u00e9nkem pod lev\u00fdm okem.","datePublished":"2026-03-14T11:29:24+00:00","mainEntityOfPage":{"@id":"https:\/\/mybook.am\/?p=26591"},"wordCount":738,"commentCount":0,"image":{"@id":"https:\/\/mybook.am\/?p=26591#primaryimage"},"thumbnailUrl":"https:\/\/mybook.am\/wp-content\/uploads\/2026\/03\/46579865.jpg","articleSection":["\u010cesk\u00e1"],"inLanguage":"ru-RU","potentialAction":[{"@type":"CommentAction","name":"Comment","target":["https:\/\/mybook.am\/?p=26591#respond"]}]},{"@type":"WebPage","@id":"https:\/\/mybook.am\/?p=26591","url":"https:\/\/mybook.am\/?p=26591","name":"V devaten\u00e1cti letech mi syn zahynul p\u0159i autonehod\u011b. O p\u011bt let pozd\u011bji vstoupil do m\u00e9 t\u0159\u00eddy chlapec se stejn\u00fdm mate\u0159sk\u00fdm znam\u00e9nkem pod lev\u00fdm okem. -","isPartOf":{"@id":"https:\/\/mybook.am\/#website"},"primaryImageOfPage":{"@id":"https:\/\/mybook.am\/?p=26591#primaryimage"},"image":{"@id":"https:\/\/mybook.am\/?p=26591#primaryimage"},"thumbnailUrl":"https:\/\/mybook.am\/wp-content\/uploads\/2026\/03\/46579865.jpg","datePublished":"2026-03-14T11:29:24+00:00","author":{"@id":"https:\/\/mybook.am\/#\/schema\/person\/e730847942cff3a199774e803916e97e"},"breadcrumb":{"@id":"https:\/\/mybook.am\/?p=26591#breadcrumb"},"inLanguage":"ru-RU","potentialAction":[{"@type":"ReadAction","target":["https:\/\/mybook.am\/?p=26591"]}]},{"@type":"ImageObject","inLanguage":"ru-RU","@id":"https:\/\/mybook.am\/?p=26591#primaryimage","url":"https:\/\/mybook.am\/wp-content\/uploads\/2026\/03\/46579865.jpg","contentUrl":"https:\/\/mybook.am\/wp-content\/uploads\/2026\/03\/46579865.jpg","width":942,"height":628},{"@type":"BreadcrumbList","@id":"https:\/\/mybook.am\/?p=26591#breadcrumb","itemListElement":[{"@type":"ListItem","position":1,"name":"\u0413\u043b\u0430\u0432\u043d\u0430\u044f \u0441\u0442\u0440\u0430\u043d\u0438\u0446\u0430","item":"https:\/\/mybook.am\/"},{"@type":"ListItem","position":2,"name":"V devaten\u00e1cti letech mi syn zahynul p\u0159i autonehod\u011b. O p\u011bt let pozd\u011bji vstoupil do m\u00e9 t\u0159\u00eddy chlapec se stejn\u00fdm mate\u0159sk\u00fdm znam\u00e9nkem pod lev\u00fdm okem."}]},{"@type":"WebSite","@id":"https:\/\/mybook.am\/#website","url":"https:\/\/mybook.am\/","name":"","description":"","potentialAction":[{"@type":"SearchAction","target":{"@type":"EntryPoint","urlTemplate":"https:\/\/mybook.am\/?s={search_term_string}"},"query-input":{"@type":"PropertyValueSpecification","valueRequired":true,"valueName":"search_term_string"}}],"inLanguage":"ru-RU"},{"@type":"Person","@id":"https:\/\/mybook.am\/#\/schema\/person\/e730847942cff3a199774e803916e97e","name":"admin","image":{"@type":"ImageObject","inLanguage":"ru-RU","@id":"https:\/\/secure.gravatar.com\/avatar\/df64e550a0653b7be0f1bcf897f33faad9c2c8153472b2d9319beafb51370f6f?s=96&d=mm&r=g","url":"https:\/\/secure.gravatar.com\/avatar\/df64e550a0653b7be0f1bcf897f33faad9c2c8153472b2d9319beafb51370f6f?s=96&d=mm&r=g","contentUrl":"https:\/\/secure.gravatar.com\/avatar\/df64e550a0653b7be0f1bcf897f33faad9c2c8153472b2d9319beafb51370f6f?s=96&d=mm&r=g","caption":"admin"},"sameAs":["http:\/\/mybook.am"],"url":"https:\/\/mybook.am\/?author=1"}]}},"views":2435,"_links":{"self":[{"href":"https:\/\/mybook.am\/index.php?rest_route=\/wp\/v2\/posts\/26591","targetHints":{"allow":["GET"]}}],"collection":[{"href":"https:\/\/mybook.am\/index.php?rest_route=\/wp\/v2\/posts"}],"about":[{"href":"https:\/\/mybook.am\/index.php?rest_route=\/wp\/v2\/types\/post"}],"author":[{"embeddable":true,"href":"https:\/\/mybook.am\/index.php?rest_route=\/wp\/v2\/users\/1"}],"replies":[{"embeddable":true,"href":"https:\/\/mybook.am\/index.php?rest_route=%2Fwp%2Fv2%2Fcomments&post=26591"}],"version-history":[{"count":1,"href":"https:\/\/mybook.am\/index.php?rest_route=\/wp\/v2\/posts\/26591\/revisions"}],"predecessor-version":[{"id":26594,"href":"https:\/\/mybook.am\/index.php?rest_route=\/wp\/v2\/posts\/26591\/revisions\/26594"}],"wp:featuredmedia":[{"embeddable":true,"href":"https:\/\/mybook.am\/index.php?rest_route=\/wp\/v2\/media\/26593"}],"wp:attachment":[{"href":"https:\/\/mybook.am\/index.php?rest_route=%2Fwp%2Fv2%2Fmedia&parent=26591"}],"wp:term":[{"taxonomy":"category","embeddable":true,"href":"https:\/\/mybook.am\/index.php?rest_route=%2Fwp%2Fv2%2Fcategories&post=26591"},{"taxonomy":"post_tag","embeddable":true,"href":"https:\/\/mybook.am\/index.php?rest_route=%2Fwp%2Fv2%2Ftags&post=26591"}],"curies":[{"name":"wp","href":"https:\/\/api.w.org\/{rel}","templated":true}]}}