{"id":26617,"date":"2026-03-15T10:38:06","date_gmt":"2026-03-15T07:38:06","guid":{"rendered":"https:\/\/mybook.am\/?p=26617"},"modified":"2026-03-15T10:38:07","modified_gmt":"2026-03-15T07:38:07","slug":"jestli-nepristoupis-na-jeho-podminky-prijdeme-o-vsechno","status":"publish","type":"post","link":"https:\/\/mybook.am\/?p=26617","title":{"rendered":"\u201eJestli nep\u0159istoup\u00ed\u0161 na jeho podm\u00ednky, p\u0159ijdeme o v\u0161echno.\u201c"},"content":{"rendered":"\n<p>Tato v\u011bta zazn\u011bla z \u00fast \u0161estn\u00e1ctilet\u00e9ho chlapce tak chladn\u011b, \u017ee jeho vlastn\u00ed matce na okam\u017eik do\u0161el dech. V mal\u00e9m byt\u011b se b\u011bhem n\u011bkolika sekund zhroutil sv\u011bt, kter\u00fd budovala \u0161estn\u00e1ct let. Dva synov\u00e9, kter\u00e9 vychov\u00e1vala sama od narozen\u00ed, j\u00ed pr\u00e1v\u011b ozn\u00e1mili, \u017ee ji u\u017e mo\u017en\u00e1 nikdy nebudou cht\u00edt vid\u011bt. D\u016fvod? Mu\u017e, kter\u00fd je kdysi opustil, se n\u00e1hle vr\u00e1til \u2014 a te\u010f dr\u017e\u00ed jejich budoucnost v rukou.<\/p>\n\n\n\n<figure class=\"wp-block-image size-large\"><img loading=\"lazy\" decoding=\"async\" width=\"1024\" height=\"683\" src=\"https:\/\/mybook.am\/wp-content\/uploads\/2026\/03\/15487465-1024x683.jpg\" alt=\"\" class=\"wp-image-26618\" srcset=\"https:\/\/mybook.am\/wp-content\/uploads\/2026\/03\/15487465-1024x683.jpg 1024w, https:\/\/mybook.am\/wp-content\/uploads\/2026\/03\/15487465-300x200.jpg 300w, https:\/\/mybook.am\/wp-content\/uploads\/2026\/03\/15487465-768x512.jpg 768w, https:\/\/mybook.am\/wp-content\/uploads\/2026\/03\/15487465.jpg 1050w\" sizes=\"auto, (max-width: 1024px) 100vw, 1024px\" \/><\/figure>\n\n\n\n<p>P\u0159\u00edb\u011bh za\u010dal p\u0159ed sedmn\u00e1cti lety. Tehdy je\u0161t\u011b dosp\u00edvaj\u00edc\u00ed d\u00edvka zjistila, \u017ee \u010dek\u00e1 dvoj\u010data. Zat\u00edmco jej\u00ed spolu\u017e\u00e1ci \u0159e\u0161ili zkou\u0161ky, ve\u010d\u00edrky a p\u0159ij\u00edma\u010dky na univerzity, ona \u0159e\u0161ila t\u011bhotenstv\u00ed, nevolnosti a strach z toho, co bude d\u00e1l.<\/p>\n\n\n\n<p>Otec d\u011bt\u00ed byl Evan \u2014 hv\u011bzda \u0161koln\u00edho basketbalov\u00e9ho t\u00fdmu. Obl\u00edben\u00fd, sebev\u011bdom\u00fd, ten typ kluka, kter\u00e9mu v\u0161ichni v\u011b\u0159\u00ed. Kdy\u017e mu \u0159ekla o t\u011bhotenstv\u00ed, p\u0159\u00edsahal, \u017ee ji nikdy neopust\u00ed.<\/p>\n\n\n\n<p>\u201eZvl\u00e1dneme to. Budu s tebou. Jsme rodina,\u201c \u0159ekl j\u00ed tehdy.<\/p>\n\n\n\n<p>Ta slova zn\u011bla jako slib spole\u010dn\u00e9ho \u017eivota.<\/p>\n\n\n\n<p>Jen\u017ee u\u017e druh\u00fd den Evan zmizel.<\/p>\n\n\n\n<p>Bez jedin\u00e9ho vysv\u011btlen\u00ed. Bez telefon\u00e1tu. Bez zpr\u00e1vy.<\/p>\n\n\n\n<p>Jako by se vypa\u0159il.<\/p>\n\n\n\n<p>Tak za\u010dal boj, kter\u00fd trval dlouh\u00fdch \u0161estn\u00e1ct let. Mlad\u00e1 matka z\u016fstala sama se dv\u011bma novorozen\u00fdmi syny \u2014 Noahem a Liamem. Pracovala, kde se dalo. R\u00e1no v kav\u00e1rn\u011b, odpoledne v obchod\u011b, ve\u010der ukl\u00edzela kancel\u00e1\u0159e. Pen\u00edze sotva sta\u010dily na n\u00e1jem, j\u00eddlo a \u00fa\u010dty.<\/p>\n\n\n\n<p>Byly dny, kdy m\u011bla pocit, \u017ee u\u017e nem\u016f\u017ee d\u00e1l.<\/p>\n\n\n\n<p>Ale poka\u017ed\u00e9, kdy\u017e se pod\u00edvala na sv\u00e9 chlapce, v\u011bd\u011bla, \u017ee se nesm\u00ed vzd\u00e1t.<\/p>\n\n\n\n<p>Roky ub\u00edhaly. Noah a Liam vyrostli v chytr\u00e9 a talentovan\u00e9 studenty. Dr\u017eeli p\u0159i sob\u011b a byli hrd\u00ed na svou matku.<\/p>\n\n\n\n<p>A pak p\u0159i\u0161la zpr\u00e1va, kter\u00e1 m\u011bla zm\u011bnit jejich \u017eivot.<\/p>\n\n\n\n<p>Oba byli p\u0159ijati do presti\u017en\u00edho p\u0159\u00edpravn\u00e9ho programu pro nejlep\u0161\u00ed univerzity.<\/p>\n\n\n\n<p>Byl to okam\u017eik, na kter\u00fd \u010dekala cel\u00e9 roky. V\u0161echny ob\u011bti, v\u0161echny bezesn\u00e9 noci \u2014 kone\u010dn\u011b to m\u011blo smysl.<\/p>\n\n\n\n<p>Jen\u017ee pak p\u0159i\u0161el ten osudn\u00fd \u00fatern\u00ed ve\u010der.<\/p>\n\n\n\n<p>Kdy\u017e matka p\u0159i\u0161la dom\u016f, na\u0161la oba syny sed\u011bt na gau\u010di. Byli bled\u00ed a neobvykle potichu.<\/p>\n\n\n\n<p>Okam\u017eit\u011b poznala, \u017ee se stalo n\u011bco v\u00e1\u017en\u00e9ho.<\/p>\n\n\n\n<p>\u201eCo se d\u011bje?\u201c zeptala se.<\/p>\n\n\n\n<p>Liam se na ni pod\u00edval pohledem, kter\u00fd nikdy p\u0159edt\u00edm nevid\u011bla.<\/p>\n\n\n\n<p>\u201eMami\u2026 my u\u017e t\u011b nem\u016f\u017eeme v\u00eddat.\u201c<\/p>\n\n\n\n<p>Ta slova ji zas\u00e1hla jako r\u00e1na.<\/p>\n\n\n\n<p>\u201eCo t\u00edm mysl\u00ed\u0161?\u201c vydechla.<\/p>\n\n\n\n<p>Noah se odvr\u00e1til a dlouho ml\u010del.<\/p>\n\n\n\n<p>Pak Liam pronesl v\u011btu, kter\u00e1 v\u0161echno zm\u011bnila.<\/p>\n\n\n\n<p>\u201eDnes jsme potkali na\u0161eho otce.\u201c<\/p>\n\n\n\n<p>V m\u00edstnosti zavl\u00e1dlo ticho.<\/p>\n\n\n\n<p>\u201eOn n\u00e1s na\u0161el,\u201c pokra\u010doval Liam. \u201eA \u0159ekl n\u00e1m pravdu.\u201c<\/p>\n\n\n\n<p>Matka zavrt\u011bla hlavou.<\/p>\n\n\n\n<p>\u201eJakou pravdu? V\u017edy\u0165 n\u00e1s opustil\u2026\u201c<\/p>\n\n\n\n<p>Noah kone\u010dn\u011b promluvil.<\/p>\n\n\n\n<p>\u201eOn je \u0159editelem toho programu, kam jsme byli p\u0159ijati.\u201c<\/p>\n\n\n\n<p>\u017den\u011b se sev\u0159el \u017ealudek.<\/p>\n\n\n\n<p>Uk\u00e1zalo se, \u017ee Evan narazil na jejich jm\u00e9na v seznamu student\u016f. Sta\u010dilo mu jedin\u00e9 p\u0159\u00edjmen\u00ed, aby pochopil, kdo jsou.<\/p>\n\n\n\n<p>A rozhodl se zas\u00e1hnout.<\/p>\n\n\n\n<p>\u201e\u0158ekl n\u00e1m, \u017ee n\u00e1m m\u016f\u017ee zajistit perfektn\u00ed budoucnost,\u201c dodal Liam.<\/p>\n\n\n\n<p>\u201eAle jen pod jednou podm\u00ednkou.\u201c<\/p>\n\n\n\n<p>Matka c\u00edtila, jak j\u00ed bu\u0161\u00ed srdce.<\/p>\n\n\n\n<p>\u201eJakou?\u201c<\/p>\n\n\n\n<p>Noah se nadechl, ale slova z n\u011bj vy\u0161la jen t\u011b\u017eko.<\/p>\n\n\n\n<p>\u201ePokud nep\u0159ijme\u0161 jeho podm\u00ednky\u2026 vyhod\u00ed n\u00e1s z programu.\u201c<\/p>\n\n\n\n<p>Kr\u00e1tk\u00e1 pauza byla nesnesiteln\u00e1.<\/p>\n\n\n\n<p>\u201eA postar\u00e1 se o to, aby n\u00e1s nikdy nep\u0159ijala \u017e\u00e1dn\u00e1 univerzita.\u201c<\/p>\n\n\n\n<p>Matka z\u016fstala st\u00e1t bez pohybu. Mu\u017e, kter\u00fd p\u0159ed \u0161estn\u00e1cti lety zmizel a nechal ji samotnou, se te\u010f vr\u00e1til \u2014 siln\u011bj\u0161\u00ed ne\u017e kdy d\u0159\u00edv.<\/p>\n\n\n\n<p>Jen\u017ee to nejhor\u0161\u00ed m\u011blo teprve p\u0159ij\u00edt.<\/p>\n\n\n\n<p>Liam se na ni pod\u00edval a ti\u0161e \u0159ekl:<\/p>\n\n\n\n<p>\u201eTvrd\u00ed, \u017ee ty p\u0159esn\u011b v\u00ed\u0161, co chce.\u201c<\/p>\n\n\n\n<p>V tu chv\u00edli si \u017eena uv\u011bdomila d\u011bsivou v\u011bc.<\/p>\n\n\n\n<p>Minulost, kterou se sna\u017eila \u0161estn\u00e1ct let poh\u0159b\u00edt, se pr\u00e1v\u011b vr\u00e1tila \u2014 a tentokr\u00e1t p\u0159i\u0161la vybrat sv\u016fj dluh.<\/p>\n","protected":false},"excerpt":{"rendered":"Tato v\u011bta zazn\u011bla z \u00fast \u0161estn\u00e1ctilet\u00e9ho chlapce tak chladn\u011b, \u017ee jeho vlastn\u00ed matce na okam\u017eik do\u0161el dech. V mal\u00e9m byt\u011b se b\u011bhem n\u011bkolika \n<a class=\"moretag\" href=\"https:\/\/mybook.am\/?p=26617\"> [...]<\/a>","protected":false},"author":1,"featured_media":26618,"comment_status":"open","ping_status":"open","sticky":false,"template":"","format":"standard","meta":{"footnotes":""},"categories":[1],"tags":[],"class_list":["post-26617","post","type-post","status-publish","format-standard","has-post-thumbnail","hentry","category-ceska"],"yoast_head":"<!-- This site is optimized with the Yoast SEO plugin v27.5 - https:\/\/yoast.com\/product\/yoast-seo-wordpress\/ -->\n<title>\u201eJestli nep\u0159istoup\u00ed\u0161 na jeho podm\u00ednky, p\u0159ijdeme o v\u0161echno.\u201c -<\/title>\n<meta name=\"robots\" content=\"index, follow, max-snippet:-1, max-image-preview:large, max-video-preview:-1\" \/>\n<link rel=\"canonical\" href=\"https:\/\/mybook.am\/?p=26617\" \/>\n<meta property=\"og:locale\" content=\"ru_RU\" \/>\n<meta property=\"og:type\" content=\"article\" \/>\n<meta property=\"og:title\" content=\"\u201eJestli nep\u0159istoup\u00ed\u0161 na jeho podm\u00ednky, p\u0159ijdeme o v\u0161echno.\u201c -\" \/>\n<meta property=\"og:description\" content=\"Tato v\u011bta zazn\u011bla z \u00fast \u0161estn\u00e1ctilet\u00e9ho chlapce tak chladn\u011b, \u017ee jeho vlastn\u00ed matce na okam\u017eik do\u0161el dech. V mal\u00e9m byt\u011b se b\u011bhem n\u011bkolika\" \/>\n<meta property=\"og:url\" content=\"https:\/\/mybook.am\/?p=26617\" \/>\n<meta property=\"article:published_time\" content=\"2026-03-15T07:38:06+00:00\" \/>\n<meta property=\"article:modified_time\" content=\"2026-03-15T07:38:07+00:00\" \/>\n<meta property=\"og:image\" content=\"https:\/\/mybook.am\/wp-content\/uploads\/2026\/03\/15487465.jpg\" \/>\n\t<meta property=\"og:image:width\" content=\"1050\" \/>\n\t<meta property=\"og:image:height\" content=\"700\" \/>\n\t<meta property=\"og:image:type\" content=\"image\/jpeg\" \/>\n<meta name=\"author\" content=\"admin\" \/>\n<meta name=\"twitter:card\" content=\"summary_large_image\" \/>\n<meta name=\"twitter:label1\" content=\"\u041d\u0430\u043f\u0438\u0441\u0430\u043d\u043e \u0430\u0432\u0442\u043e\u0440\u043e\u043c\" \/>\n\t<meta name=\"twitter:data1\" content=\"admin\" \/>\n\t<meta name=\"twitter:label2\" content=\"\u041f\u0440\u0438\u043c\u0435\u0440\u043d\u043e\u0435 \u0432\u0440\u0435\u043c\u044f \u0434\u043b\u044f \u0447\u0442\u0435\u043d\u0438\u044f\" \/>\n\t<meta name=\"twitter:data2\" content=\"4 \u043c\u0438\u043d\u0443\u0442\u044b\" \/>\n<script type=\"application\/ld+json\" class=\"yoast-schema-graph\">{\"@context\":\"https:\\\/\\\/schema.org\",\"@graph\":[{\"@type\":\"Article\",\"@id\":\"https:\\\/\\\/mybook.am\\\/?p=26617#article\",\"isPartOf\":{\"@id\":\"https:\\\/\\\/mybook.am\\\/?p=26617\"},\"author\":{\"name\":\"admin\",\"@id\":\"https:\\\/\\\/mybook.am\\\/#\\\/schema\\\/person\\\/e730847942cff3a199774e803916e97e\"},\"headline\":\"\u201eJestli nep\u0159istoup\u00ed\u0161 na jeho podm\u00ednky, p\u0159ijdeme o v\u0161echno.\u201c\",\"datePublished\":\"2026-03-15T07:38:06+00:00\",\"dateModified\":\"2026-03-15T07:38:07+00:00\",\"mainEntityOfPage\":{\"@id\":\"https:\\\/\\\/mybook.am\\\/?p=26617\"},\"wordCount\":740,\"commentCount\":0,\"image\":{\"@id\":\"https:\\\/\\\/mybook.am\\\/?p=26617#primaryimage\"},\"thumbnailUrl\":\"https:\\\/\\\/mybook.am\\\/wp-content\\\/uploads\\\/2026\\\/03\\\/15487465.jpg\",\"articleSection\":[\"\u010cesk\u00e1\"],\"inLanguage\":\"ru-RU\",\"potentialAction\":[{\"@type\":\"CommentAction\",\"name\":\"Comment\",\"target\":[\"https:\\\/\\\/mybook.am\\\/?p=26617#respond\"]}]},{\"@type\":\"WebPage\",\"@id\":\"https:\\\/\\\/mybook.am\\\/?p=26617\",\"url\":\"https:\\\/\\\/mybook.am\\\/?p=26617\",\"name\":\"\u201eJestli nep\u0159istoup\u00ed\u0161 na jeho podm\u00ednky, p\u0159ijdeme o v\u0161echno.\u201c -\",\"isPartOf\":{\"@id\":\"https:\\\/\\\/mybook.am\\\/#website\"},\"primaryImageOfPage\":{\"@id\":\"https:\\\/\\\/mybook.am\\\/?p=26617#primaryimage\"},\"image\":{\"@id\":\"https:\\\/\\\/mybook.am\\\/?p=26617#primaryimage\"},\"thumbnailUrl\":\"https:\\\/\\\/mybook.am\\\/wp-content\\\/uploads\\\/2026\\\/03\\\/15487465.jpg\",\"datePublished\":\"2026-03-15T07:38:06+00:00\",\"dateModified\":\"2026-03-15T07:38:07+00:00\",\"author\":{\"@id\":\"https:\\\/\\\/mybook.am\\\/#\\\/schema\\\/person\\\/e730847942cff3a199774e803916e97e\"},\"breadcrumb\":{\"@id\":\"https:\\\/\\\/mybook.am\\\/?p=26617#breadcrumb\"},\"inLanguage\":\"ru-RU\",\"potentialAction\":[{\"@type\":\"ReadAction\",\"target\":[\"https:\\\/\\\/mybook.am\\\/?p=26617\"]}]},{\"@type\":\"ImageObject\",\"inLanguage\":\"ru-RU\",\"@id\":\"https:\\\/\\\/mybook.am\\\/?p=26617#primaryimage\",\"url\":\"https:\\\/\\\/mybook.am\\\/wp-content\\\/uploads\\\/2026\\\/03\\\/15487465.jpg\",\"contentUrl\":\"https:\\\/\\\/mybook.am\\\/wp-content\\\/uploads\\\/2026\\\/03\\\/15487465.jpg\",\"width\":1050,\"height\":700},{\"@type\":\"BreadcrumbList\",\"@id\":\"https:\\\/\\\/mybook.am\\\/?p=26617#breadcrumb\",\"itemListElement\":[{\"@type\":\"ListItem\",\"position\":1,\"name\":\"\u0413\u043b\u0430\u0432\u043d\u0430\u044f \u0441\u0442\u0440\u0430\u043d\u0438\u0446\u0430\",\"item\":\"https:\\\/\\\/mybook.am\\\/\"},{\"@type\":\"ListItem\",\"position\":2,\"name\":\"\u201eJestli nep\u0159istoup\u00ed\u0161 na jeho podm\u00ednky, p\u0159ijdeme o v\u0161echno.\u201c\"}]},{\"@type\":\"WebSite\",\"@id\":\"https:\\\/\\\/mybook.am\\\/#website\",\"url\":\"https:\\\/\\\/mybook.am\\\/\",\"name\":\"\",\"description\":\"\",\"potentialAction\":[{\"@type\":\"SearchAction\",\"target\":{\"@type\":\"EntryPoint\",\"urlTemplate\":\"https:\\\/\\\/mybook.am\\\/?s={search_term_string}\"},\"query-input\":{\"@type\":\"PropertyValueSpecification\",\"valueRequired\":true,\"valueName\":\"search_term_string\"}}],\"inLanguage\":\"ru-RU\"},{\"@type\":\"Person\",\"@id\":\"https:\\\/\\\/mybook.am\\\/#\\\/schema\\\/person\\\/e730847942cff3a199774e803916e97e\",\"name\":\"admin\",\"image\":{\"@type\":\"ImageObject\",\"inLanguage\":\"ru-RU\",\"@id\":\"https:\\\/\\\/secure.gravatar.com\\\/avatar\\\/df64e550a0653b7be0f1bcf897f33faad9c2c8153472b2d9319beafb51370f6f?s=96&d=mm&r=g\",\"url\":\"https:\\\/\\\/secure.gravatar.com\\\/avatar\\\/df64e550a0653b7be0f1bcf897f33faad9c2c8153472b2d9319beafb51370f6f?s=96&d=mm&r=g\",\"contentUrl\":\"https:\\\/\\\/secure.gravatar.com\\\/avatar\\\/df64e550a0653b7be0f1bcf897f33faad9c2c8153472b2d9319beafb51370f6f?s=96&d=mm&r=g\",\"caption\":\"admin\"},\"sameAs\":[\"http:\\\/\\\/mybook.am\"],\"url\":\"https:\\\/\\\/mybook.am\\\/?author=1\"}]}<\/script>\n<!-- \/ Yoast SEO plugin. -->","yoast_head_json":{"title":"\u201eJestli nep\u0159istoup\u00ed\u0161 na jeho podm\u00ednky, p\u0159ijdeme o v\u0161echno.\u201c -","robots":{"index":"index","follow":"follow","max-snippet":"max-snippet:-1","max-image-preview":"max-image-preview:large","max-video-preview":"max-video-preview:-1"},"canonical":"https:\/\/mybook.am\/?p=26617","og_locale":"ru_RU","og_type":"article","og_title":"\u201eJestli nep\u0159istoup\u00ed\u0161 na jeho podm\u00ednky, p\u0159ijdeme o v\u0161echno.\u201c -","og_description":"Tato v\u011bta zazn\u011bla z \u00fast \u0161estn\u00e1ctilet\u00e9ho chlapce tak chladn\u011b, \u017ee jeho vlastn\u00ed matce na okam\u017eik do\u0161el dech. V mal\u00e9m byt\u011b se b\u011bhem n\u011bkolika","og_url":"https:\/\/mybook.am\/?p=26617","article_published_time":"2026-03-15T07:38:06+00:00","article_modified_time":"2026-03-15T07:38:07+00:00","og_image":[{"width":1050,"height":700,"url":"https:\/\/mybook.am\/wp-content\/uploads\/2026\/03\/15487465.jpg","type":"image\/jpeg"}],"author":"admin","twitter_card":"summary_large_image","twitter_misc":{"\u041d\u0430\u043f\u0438\u0441\u0430\u043d\u043e \u0430\u0432\u0442\u043e\u0440\u043e\u043c":"admin","\u041f\u0440\u0438\u043c\u0435\u0440\u043d\u043e\u0435 \u0432\u0440\u0435\u043c\u044f \u0434\u043b\u044f \u0447\u0442\u0435\u043d\u0438\u044f":"4 \u043c\u0438\u043d\u0443\u0442\u044b"},"schema":{"@context":"https:\/\/schema.org","@graph":[{"@type":"Article","@id":"https:\/\/mybook.am\/?p=26617#article","isPartOf":{"@id":"https:\/\/mybook.am\/?p=26617"},"author":{"name":"admin","@id":"https:\/\/mybook.am\/#\/schema\/person\/e730847942cff3a199774e803916e97e"},"headline":"\u201eJestli nep\u0159istoup\u00ed\u0161 na jeho podm\u00ednky, p\u0159ijdeme o v\u0161echno.\u201c","datePublished":"2026-03-15T07:38:06+00:00","dateModified":"2026-03-15T07:38:07+00:00","mainEntityOfPage":{"@id":"https:\/\/mybook.am\/?p=26617"},"wordCount":740,"commentCount":0,"image":{"@id":"https:\/\/mybook.am\/?p=26617#primaryimage"},"thumbnailUrl":"https:\/\/mybook.am\/wp-content\/uploads\/2026\/03\/15487465.jpg","articleSection":["\u010cesk\u00e1"],"inLanguage":"ru-RU","potentialAction":[{"@type":"CommentAction","name":"Comment","target":["https:\/\/mybook.am\/?p=26617#respond"]}]},{"@type":"WebPage","@id":"https:\/\/mybook.am\/?p=26617","url":"https:\/\/mybook.am\/?p=26617","name":"\u201eJestli nep\u0159istoup\u00ed\u0161 na jeho podm\u00ednky, p\u0159ijdeme o v\u0161echno.\u201c -","isPartOf":{"@id":"https:\/\/mybook.am\/#website"},"primaryImageOfPage":{"@id":"https:\/\/mybook.am\/?p=26617#primaryimage"},"image":{"@id":"https:\/\/mybook.am\/?p=26617#primaryimage"},"thumbnailUrl":"https:\/\/mybook.am\/wp-content\/uploads\/2026\/03\/15487465.jpg","datePublished":"2026-03-15T07:38:06+00:00","dateModified":"2026-03-15T07:38:07+00:00","author":{"@id":"https:\/\/mybook.am\/#\/schema\/person\/e730847942cff3a199774e803916e97e"},"breadcrumb":{"@id":"https:\/\/mybook.am\/?p=26617#breadcrumb"},"inLanguage":"ru-RU","potentialAction":[{"@type":"ReadAction","target":["https:\/\/mybook.am\/?p=26617"]}]},{"@type":"ImageObject","inLanguage":"ru-RU","@id":"https:\/\/mybook.am\/?p=26617#primaryimage","url":"https:\/\/mybook.am\/wp-content\/uploads\/2026\/03\/15487465.jpg","contentUrl":"https:\/\/mybook.am\/wp-content\/uploads\/2026\/03\/15487465.jpg","width":1050,"height":700},{"@type":"BreadcrumbList","@id":"https:\/\/mybook.am\/?p=26617#breadcrumb","itemListElement":[{"@type":"ListItem","position":1,"name":"\u0413\u043b\u0430\u0432\u043d\u0430\u044f \u0441\u0442\u0440\u0430\u043d\u0438\u0446\u0430","item":"https:\/\/mybook.am\/"},{"@type":"ListItem","position":2,"name":"\u201eJestli nep\u0159istoup\u00ed\u0161 na jeho podm\u00ednky, p\u0159ijdeme o v\u0161echno.\u201c"}]},{"@type":"WebSite","@id":"https:\/\/mybook.am\/#website","url":"https:\/\/mybook.am\/","name":"","description":"","potentialAction":[{"@type":"SearchAction","target":{"@type":"EntryPoint","urlTemplate":"https:\/\/mybook.am\/?s={search_term_string}"},"query-input":{"@type":"PropertyValueSpecification","valueRequired":true,"valueName":"search_term_string"}}],"inLanguage":"ru-RU"},{"@type":"Person","@id":"https:\/\/mybook.am\/#\/schema\/person\/e730847942cff3a199774e803916e97e","name":"admin","image":{"@type":"ImageObject","inLanguage":"ru-RU","@id":"https:\/\/secure.gravatar.com\/avatar\/df64e550a0653b7be0f1bcf897f33faad9c2c8153472b2d9319beafb51370f6f?s=96&d=mm&r=g","url":"https:\/\/secure.gravatar.com\/avatar\/df64e550a0653b7be0f1bcf897f33faad9c2c8153472b2d9319beafb51370f6f?s=96&d=mm&r=g","contentUrl":"https:\/\/secure.gravatar.com\/avatar\/df64e550a0653b7be0f1bcf897f33faad9c2c8153472b2d9319beafb51370f6f?s=96&d=mm&r=g","caption":"admin"},"sameAs":["http:\/\/mybook.am"],"url":"https:\/\/mybook.am\/?author=1"}]}},"views":403,"_links":{"self":[{"href":"https:\/\/mybook.am\/index.php?rest_route=\/wp\/v2\/posts\/26617","targetHints":{"allow":["GET"]}}],"collection":[{"href":"https:\/\/mybook.am\/index.php?rest_route=\/wp\/v2\/posts"}],"about":[{"href":"https:\/\/mybook.am\/index.php?rest_route=\/wp\/v2\/types\/post"}],"author":[{"embeddable":true,"href":"https:\/\/mybook.am\/index.php?rest_route=\/wp\/v2\/users\/1"}],"replies":[{"embeddable":true,"href":"https:\/\/mybook.am\/index.php?rest_route=%2Fwp%2Fv2%2Fcomments&post=26617"}],"version-history":[{"count":1,"href":"https:\/\/mybook.am\/index.php?rest_route=\/wp\/v2\/posts\/26617\/revisions"}],"predecessor-version":[{"id":26619,"href":"https:\/\/mybook.am\/index.php?rest_route=\/wp\/v2\/posts\/26617\/revisions\/26619"}],"wp:featuredmedia":[{"embeddable":true,"href":"https:\/\/mybook.am\/index.php?rest_route=\/wp\/v2\/media\/26618"}],"wp:attachment":[{"href":"https:\/\/mybook.am\/index.php?rest_route=%2Fwp%2Fv2%2Fmedia&parent=26617"}],"wp:term":[{"taxonomy":"category","embeddable":true,"href":"https:\/\/mybook.am\/index.php?rest_route=%2Fwp%2Fv2%2Fcategories&post=26617"},{"taxonomy":"post_tag","embeddable":true,"href":"https:\/\/mybook.am\/index.php?rest_route=%2Fwp%2Fv2%2Ftags&post=26617"}],"curies":[{"name":"wp","href":"https:\/\/api.w.org\/{rel}","templated":true}]}}