{"id":26637,"date":"2026-03-15T21:57:00","date_gmt":"2026-03-15T18:57:00","guid":{"rendered":"https:\/\/mybook.am\/?p=26637"},"modified":"2026-03-15T21:57:03","modified_gmt":"2026-03-15T18:57:03","slug":"do-dejin-vstoupil-muz-o-kterem-jeste-nedavno-mnozi-tvrdili-ze-se-nikdy-nemuze-stat-otcem","status":"publish","type":"post","link":"https:\/\/mybook.am\/?p=26637","title":{"rendered":"Do d\u011bjin vstoupil mu\u017e, o kter\u00e9m je\u0161t\u011b ned\u00e1vno mnoz\u00ed tvrdili, \u017ee se nikdy nem\u016f\u017ee st\u00e1t otcem."},"content":{"rendered":"\n<p>Osam\u011bl\u00fd gay z\u00edskal ofici\u00e1ln\u00ed povolen\u00ed k narozen\u00ed d\u00edt\u011bte prost\u0159ednictv\u00edm n\u00e1hradn\u00ed matky a kr\u00e1tce pot\u00e9 s obrovskou radost\u00ed p\u0159iv\u00edtal na sv\u011bt sv\u00e9ho syna. Ud\u00e1lost vyvolala siln\u00e9 reakce a okam\u017eit\u011b se za\u010dala \u0161\u00ed\u0159it po cel\u00e9m sv\u011bt\u011b jako p\u0159\u00edb\u011bh, kter\u00fd m\u011bn\u00ed pohled na rodi\u010dovstv\u00ed.<\/p>\n\n\n\n<figure class=\"wp-block-image size-large is-resized\"><img loading=\"lazy\" decoding=\"async\" width=\"1024\" height=\"683\" src=\"https:\/\/mybook.am\/wp-content\/uploads\/2026\/03\/4679897946-1024x683.jpg\" alt=\"\" class=\"wp-image-26640\" style=\"width:830px;height:auto\" srcset=\"https:\/\/mybook.am\/wp-content\/uploads\/2026\/03\/4679897946-1024x683.jpg 1024w, https:\/\/mybook.am\/wp-content\/uploads\/2026\/03\/4679897946-300x200.jpg 300w, https:\/\/mybook.am\/wp-content\/uploads\/2026\/03\/4679897946-768x512.jpg 768w, https:\/\/mybook.am\/wp-content\/uploads\/2026\/03\/4679897946.jpg 1152w\" sizes=\"auto, (max-width: 1024px) 100vw, 1024px\" \/><\/figure>\n\n\n\n<p>V\u0161e za\u010dalo jednoduch\u00fdm, ale pro mnoh\u00e9 t\u00e9m\u011b\u0159 nedosa\u017eiteln\u00fdm snem \u2014 st\u00e1t se otcem. Ne n\u011bkdy v budoucnu, ale skute\u010dn\u011b. Jen\u017ee syst\u00e9m byl proti n\u011bmu. V mnoha zem\u00edch maj\u00ed svobodn\u00ed mu\u017ei jen velmi malou \u0161anci proj\u00edt procesem n\u00e1hradn\u00edho mate\u0159stv\u00ed. Z\u00e1kony, byrokracie i spole\u010densk\u00e9 p\u0159edsudky vytv\u00e1\u0159ely ze snu t\u00e9m\u011b\u0159 nemo\u017enou cestu.<\/p>\n\n\n\n\n\n<p>P\u0159esto se nevzdal.<\/p>\n\n\n\n<p>Roky shroma\u017e\u010foval dokumenty, absolvoval zdravotn\u00ed vy\u0161et\u0159en\u00ed, jednal s pr\u00e1vn\u00edky a znovu a znovu pod\u00e1val \u017e\u00e1dosti. Ka\u017ed\u00e9 zam\u00edtnut\u00ed mohlo b\u00fdt kone\u010dn\u00fdm bodem. Pro n\u011bj se ale stalo sp\u00ed\u0161e dal\u0161\u00edm impulzem pokra\u010dovat d\u00e1l. Ka\u017ed\u00e9 \u201ene\u201c znamenalo dal\u0161\u00ed pokus, dal\u0161\u00ed odvol\u00e1n\u00ed a dal\u0161\u00ed krok v boji za sv\u00e9 pr\u00e1vo st\u00e1t se rodi\u010dem.<\/p>\n\n\n\n<p>Postupn\u011b si jeho p\u0159\u00edpad za\u010dal z\u00edsk\u00e1vat pozornost. Nejprve o n\u011bm mluvily organizace na ochranu lidsk\u00fdch pr\u00e1v. Pot\u00e9 se t\u00e9matu chopili novin\u00e1\u0159i. A nakonec se p\u0159\u00edb\u011bh dostal i do mezin\u00e1rodn\u00ed debaty. Lid\u00e9 za\u010dali kl\u00e1st nep\u0159\u00edjemnou ot\u00e1zku: pro\u010d by \u010dlov\u011bk, kter\u00fd je p\u0159ipraven milovat a vychov\u00e1vat d\u00edt\u011b, nem\u011bl m\u00edt mo\u017enost st\u00e1t se rodi\u010dem jen kv\u016fli sv\u00e9 orientaci nebo rodinn\u00e9mu stavu?<\/p>\n\n\n\n<p>Rozhodnut\u00ed, kter\u00e9 n\u00e1sledovalo, mnoz\u00ed ozna\u010dili za historick\u00e9.<\/p>\n\n\n\n<p>Po dlouh\u00e9m pr\u00e1vn\u00edm procesu \u00fa\u0159ady ud\u011blily ofici\u00e1ln\u00ed povolen\u00ed k programu n\u00e1hradn\u00edho mate\u0159stv\u00ed. \u0160lo o prvn\u00ed p\u0159\u00edpad sv\u00e9ho druhu. Precedens, kter\u00fd m\u016f\u017ee v budoucnu otev\u0159\u00edt dve\u0159e tis\u00edc\u016fm dal\u0161\u00edch lid\u00ed.<\/p>\n\n\n\n<p>Skute\u010dn\u00fd vrchol cel\u00e9 historie v\u0161ak p\u0159i\u0161el a\u017e v porodnici.<\/p>\n\n\n\n<p>Ve chv\u00edli, kdy se d\u00edt\u011b narodilo, nov\u00fd otec nedok\u00e1zal zadr\u017eet slzy. Podle sv\u011bdk\u016f dr\u017eel sv\u00e9ho syna dlouh\u00e9 minuty v n\u00e1ru\u010d\u00ed, jako by si cht\u011bl ten okam\u017eik nav\u017edy zapamatovat. V\u0161echno, za co tolik let bojoval, se najednou prom\u011bnilo v realitu.<\/p>\n\n\n\n<p>Video z porodnice se b\u011bhem n\u011bkolika hodin roz\u0161\u00ed\u0159ilo po soci\u00e1ln\u00edch s\u00edt\u00edch.<\/p>\n\n\n\n<p>Na z\u00e1b\u011brech je vid\u011bt, jak otec poprv\u00e9 hled\u00ed na sv\u00e9ho novorozen\u00e9ho syna. L\u00e9ka\u0159i se usm\u00edvaj\u00ed, sestry nat\u00e1\u010dej\u00ed moment na sv\u00e9 telefony a mu\u017e, kter\u00fd tolikr\u00e1t sly\u0161el \u201eto nejde\u201c, jen ti\u0161e opakuje jedin\u00e9 slovo: \u201eD\u011bkuji.\u201c<\/p>\n\n\n\n<p>P\u0159\u00edb\u011bh vyvolal obrovsk\u00e9 reakce.<\/p>\n\n\n\n<p>Pro jedny jde o symbol nov\u00e9 doby a d\u016fkaz, \u017ee pojem rodiny se postupn\u011b m\u011bn\u00ed. Jin\u00ed upozor\u0148uj\u00ed, \u017ee podobn\u00e1 rozhodnut\u00ed otev\u00edraj\u00ed slo\u017eit\u00e9 etick\u00e9 ot\u00e1zky. Jedno je v\u0161ak jist\u00e9 \u2014 emoce, kter\u00e9 tento p\u0159\u00edb\u011bh vyvol\u00e1v\u00e1, nenech\u00e1vaj\u00ed nikoho lhostejn\u00fdm.<\/p>\n\n\n\n<p>Mal\u00fd chlapec, kter\u00fd zat\u00edm netu\u0161\u00ed, \u017ee se stal sou\u010d\u00e1st\u00ed sv\u011btov\u00fdch zpr\u00e1v, je dnes symbolem zm\u011bny. A jeho otec se stal \u010dlov\u011bkem, kter\u00fd dok\u00e1zal to, co je\u0161t\u011b ned\u00e1vno vypadalo nemo\u017en\u011b.<\/p>\n\n\n\n<p>Cel\u00fd p\u0159\u00edb\u011bh i video z okam\u017eiku narozen\u00ed se d\u00e1l rychle \u0161\u00ed\u0159\u00ed internetem a miliony lid\u00ed po cel\u00e9m sv\u011bt\u011b sleduj\u00ed p\u0159\u00edb\u011bh, kter\u00fd inspiruje, p\u0159ekvapuje a vyvol\u00e1v\u00e1 siln\u00e9 emoce.<\/p>\n","protected":false},"excerpt":{"rendered":"Osam\u011bl\u00fd gay z\u00edskal ofici\u00e1ln\u00ed povolen\u00ed k narozen\u00ed d\u00edt\u011bte prost\u0159ednictv\u00edm n\u00e1hradn\u00ed matky a kr\u00e1tce pot\u00e9 s obrovskou radost\u00ed p\u0159iv\u00edtal na sv\u011bt sv\u00e9ho syna. Ud\u00e1lost \n<a class=\"moretag\" href=\"https:\/\/mybook.am\/?p=26637\"> [...]<\/a>","protected":false},"author":1,"featured_media":26640,"comment_status":"open","ping_status":"open","sticky":false,"template":"","format":"standard","meta":{"footnotes":""},"categories":[1],"tags":[],"class_list":["post-26637","post","type-post","status-publish","format-standard","has-post-thumbnail","hentry","category-ceska"],"yoast_head":"<!-- This site is optimized with the Yoast SEO plugin v27.5 - https:\/\/yoast.com\/product\/yoast-seo-wordpress\/ -->\n<title>Do d\u011bjin vstoupil mu\u017e, o kter\u00e9m je\u0161t\u011b ned\u00e1vno mnoz\u00ed tvrdili, \u017ee se nikdy nem\u016f\u017ee st\u00e1t otcem. -<\/title>\n<meta name=\"robots\" content=\"index, follow, max-snippet:-1, max-image-preview:large, max-video-preview:-1\" \/>\n<link rel=\"canonical\" href=\"https:\/\/mybook.am\/?p=26637\" \/>\n<meta property=\"og:locale\" content=\"ru_RU\" \/>\n<meta property=\"og:type\" content=\"article\" \/>\n<meta property=\"og:title\" content=\"Do d\u011bjin vstoupil mu\u017e, o kter\u00e9m je\u0161t\u011b ned\u00e1vno mnoz\u00ed tvrdili, \u017ee se nikdy nem\u016f\u017ee st\u00e1t otcem. -\" \/>\n<meta property=\"og:description\" content=\"Osam\u011bl\u00fd gay z\u00edskal ofici\u00e1ln\u00ed povolen\u00ed k narozen\u00ed d\u00edt\u011bte prost\u0159ednictv\u00edm n\u00e1hradn\u00ed matky a kr\u00e1tce pot\u00e9 s obrovskou radost\u00ed p\u0159iv\u00edtal na sv\u011bt sv\u00e9ho syna. Ud\u00e1lost\" \/>\n<meta property=\"og:url\" content=\"https:\/\/mybook.am\/?p=26637\" \/>\n<meta property=\"article:published_time\" content=\"2026-03-15T18:57:00+00:00\" \/>\n<meta property=\"article:modified_time\" content=\"2026-03-15T18:57:03+00:00\" \/>\n<meta property=\"og:image\" content=\"https:\/\/mybook.am\/wp-content\/uploads\/2026\/03\/4679897946.jpg\" \/>\n\t<meta property=\"og:image:width\" content=\"1152\" \/>\n\t<meta property=\"og:image:height\" content=\"768\" \/>\n\t<meta property=\"og:image:type\" content=\"image\/jpeg\" \/>\n<meta name=\"author\" content=\"admin\" \/>\n<meta name=\"twitter:card\" content=\"summary_large_image\" \/>\n<meta name=\"twitter:label1\" content=\"\u041d\u0430\u043f\u0438\u0441\u0430\u043d\u043e \u0430\u0432\u0442\u043e\u0440\u043e\u043c\" \/>\n\t<meta name=\"twitter:data1\" content=\"admin\" \/>\n\t<meta name=\"twitter:label2\" content=\"\u041f\u0440\u0438\u043c\u0435\u0440\u043d\u043e\u0435 \u0432\u0440\u0435\u043c\u044f \u0434\u043b\u044f \u0447\u0442\u0435\u043d\u0438\u044f\" \/>\n\t<meta name=\"twitter:data2\" content=\"3 \u043c\u0438\u043d\u0443\u0442\u044b\" \/>\n<script type=\"application\/ld+json\" class=\"yoast-schema-graph\">{\"@context\":\"https:\\\/\\\/schema.org\",\"@graph\":[{\"@type\":\"Article\",\"@id\":\"https:\\\/\\\/mybook.am\\\/?p=26637#article\",\"isPartOf\":{\"@id\":\"https:\\\/\\\/mybook.am\\\/?p=26637\"},\"author\":{\"name\":\"admin\",\"@id\":\"https:\\\/\\\/mybook.am\\\/#\\\/schema\\\/person\\\/e730847942cff3a199774e803916e97e\"},\"headline\":\"Do d\u011bjin vstoupil mu\u017e, o kter\u00e9m je\u0161t\u011b ned\u00e1vno mnoz\u00ed tvrdili, \u017ee se nikdy nem\u016f\u017ee st\u00e1t otcem.\",\"datePublished\":\"2026-03-15T18:57:00+00:00\",\"dateModified\":\"2026-03-15T18:57:03+00:00\",\"mainEntityOfPage\":{\"@id\":\"https:\\\/\\\/mybook.am\\\/?p=26637\"},\"wordCount\":629,\"commentCount\":0,\"image\":{\"@id\":\"https:\\\/\\\/mybook.am\\\/?p=26637#primaryimage\"},\"thumbnailUrl\":\"https:\\\/\\\/mybook.am\\\/wp-content\\\/uploads\\\/2026\\\/03\\\/4679897946.jpg\",\"articleSection\":[\"\u010cesk\u00e1\"],\"inLanguage\":\"ru-RU\",\"potentialAction\":[{\"@type\":\"CommentAction\",\"name\":\"Comment\",\"target\":[\"https:\\\/\\\/mybook.am\\\/?p=26637#respond\"]}]},{\"@type\":\"WebPage\",\"@id\":\"https:\\\/\\\/mybook.am\\\/?p=26637\",\"url\":\"https:\\\/\\\/mybook.am\\\/?p=26637\",\"name\":\"Do d\u011bjin vstoupil mu\u017e, o kter\u00e9m je\u0161t\u011b ned\u00e1vno mnoz\u00ed tvrdili, \u017ee se nikdy nem\u016f\u017ee st\u00e1t otcem. -\",\"isPartOf\":{\"@id\":\"https:\\\/\\\/mybook.am\\\/#website\"},\"primaryImageOfPage\":{\"@id\":\"https:\\\/\\\/mybook.am\\\/?p=26637#primaryimage\"},\"image\":{\"@id\":\"https:\\\/\\\/mybook.am\\\/?p=26637#primaryimage\"},\"thumbnailUrl\":\"https:\\\/\\\/mybook.am\\\/wp-content\\\/uploads\\\/2026\\\/03\\\/4679897946.jpg\",\"datePublished\":\"2026-03-15T18:57:00+00:00\",\"dateModified\":\"2026-03-15T18:57:03+00:00\",\"author\":{\"@id\":\"https:\\\/\\\/mybook.am\\\/#\\\/schema\\\/person\\\/e730847942cff3a199774e803916e97e\"},\"breadcrumb\":{\"@id\":\"https:\\\/\\\/mybook.am\\\/?p=26637#breadcrumb\"},\"inLanguage\":\"ru-RU\",\"potentialAction\":[{\"@type\":\"ReadAction\",\"target\":[\"https:\\\/\\\/mybook.am\\\/?p=26637\"]}]},{\"@type\":\"ImageObject\",\"inLanguage\":\"ru-RU\",\"@id\":\"https:\\\/\\\/mybook.am\\\/?p=26637#primaryimage\",\"url\":\"https:\\\/\\\/mybook.am\\\/wp-content\\\/uploads\\\/2026\\\/03\\\/4679897946.jpg\",\"contentUrl\":\"https:\\\/\\\/mybook.am\\\/wp-content\\\/uploads\\\/2026\\\/03\\\/4679897946.jpg\",\"width\":1152,\"height\":768},{\"@type\":\"BreadcrumbList\",\"@id\":\"https:\\\/\\\/mybook.am\\\/?p=26637#breadcrumb\",\"itemListElement\":[{\"@type\":\"ListItem\",\"position\":1,\"name\":\"\u0413\u043b\u0430\u0432\u043d\u0430\u044f \u0441\u0442\u0440\u0430\u043d\u0438\u0446\u0430\",\"item\":\"https:\\\/\\\/mybook.am\\\/\"},{\"@type\":\"ListItem\",\"position\":2,\"name\":\"Do d\u011bjin vstoupil mu\u017e, o kter\u00e9m je\u0161t\u011b ned\u00e1vno mnoz\u00ed tvrdili, \u017ee se nikdy nem\u016f\u017ee st\u00e1t otcem.\"}]},{\"@type\":\"WebSite\",\"@id\":\"https:\\\/\\\/mybook.am\\\/#website\",\"url\":\"https:\\\/\\\/mybook.am\\\/\",\"name\":\"\",\"description\":\"\",\"potentialAction\":[{\"@type\":\"SearchAction\",\"target\":{\"@type\":\"EntryPoint\",\"urlTemplate\":\"https:\\\/\\\/mybook.am\\\/?s={search_term_string}\"},\"query-input\":{\"@type\":\"PropertyValueSpecification\",\"valueRequired\":true,\"valueName\":\"search_term_string\"}}],\"inLanguage\":\"ru-RU\"},{\"@type\":\"Person\",\"@id\":\"https:\\\/\\\/mybook.am\\\/#\\\/schema\\\/person\\\/e730847942cff3a199774e803916e97e\",\"name\":\"admin\",\"image\":{\"@type\":\"ImageObject\",\"inLanguage\":\"ru-RU\",\"@id\":\"https:\\\/\\\/secure.gravatar.com\\\/avatar\\\/df64e550a0653b7be0f1bcf897f33faad9c2c8153472b2d9319beafb51370f6f?s=96&d=mm&r=g\",\"url\":\"https:\\\/\\\/secure.gravatar.com\\\/avatar\\\/df64e550a0653b7be0f1bcf897f33faad9c2c8153472b2d9319beafb51370f6f?s=96&d=mm&r=g\",\"contentUrl\":\"https:\\\/\\\/secure.gravatar.com\\\/avatar\\\/df64e550a0653b7be0f1bcf897f33faad9c2c8153472b2d9319beafb51370f6f?s=96&d=mm&r=g\",\"caption\":\"admin\"},\"sameAs\":[\"http:\\\/\\\/mybook.am\"],\"url\":\"https:\\\/\\\/mybook.am\\\/?author=1\"}]}<\/script>\n<!-- \/ Yoast SEO plugin. -->","yoast_head_json":{"title":"Do d\u011bjin vstoupil mu\u017e, o kter\u00e9m je\u0161t\u011b ned\u00e1vno mnoz\u00ed tvrdili, \u017ee se nikdy nem\u016f\u017ee st\u00e1t otcem. -","robots":{"index":"index","follow":"follow","max-snippet":"max-snippet:-1","max-image-preview":"max-image-preview:large","max-video-preview":"max-video-preview:-1"},"canonical":"https:\/\/mybook.am\/?p=26637","og_locale":"ru_RU","og_type":"article","og_title":"Do d\u011bjin vstoupil mu\u017e, o kter\u00e9m je\u0161t\u011b ned\u00e1vno mnoz\u00ed tvrdili, \u017ee se nikdy nem\u016f\u017ee st\u00e1t otcem. -","og_description":"Osam\u011bl\u00fd gay z\u00edskal ofici\u00e1ln\u00ed povolen\u00ed k narozen\u00ed d\u00edt\u011bte prost\u0159ednictv\u00edm n\u00e1hradn\u00ed matky a kr\u00e1tce pot\u00e9 s obrovskou radost\u00ed p\u0159iv\u00edtal na sv\u011bt sv\u00e9ho syna. Ud\u00e1lost","og_url":"https:\/\/mybook.am\/?p=26637","article_published_time":"2026-03-15T18:57:00+00:00","article_modified_time":"2026-03-15T18:57:03+00:00","og_image":[{"width":1152,"height":768,"url":"https:\/\/mybook.am\/wp-content\/uploads\/2026\/03\/4679897946.jpg","type":"image\/jpeg"}],"author":"admin","twitter_card":"summary_large_image","twitter_misc":{"\u041d\u0430\u043f\u0438\u0441\u0430\u043d\u043e \u0430\u0432\u0442\u043e\u0440\u043e\u043c":"admin","\u041f\u0440\u0438\u043c\u0435\u0440\u043d\u043e\u0435 \u0432\u0440\u0435\u043c\u044f \u0434\u043b\u044f \u0447\u0442\u0435\u043d\u0438\u044f":"3 \u043c\u0438\u043d\u0443\u0442\u044b"},"schema":{"@context":"https:\/\/schema.org","@graph":[{"@type":"Article","@id":"https:\/\/mybook.am\/?p=26637#article","isPartOf":{"@id":"https:\/\/mybook.am\/?p=26637"},"author":{"name":"admin","@id":"https:\/\/mybook.am\/#\/schema\/person\/e730847942cff3a199774e803916e97e"},"headline":"Do d\u011bjin vstoupil mu\u017e, o kter\u00e9m je\u0161t\u011b ned\u00e1vno mnoz\u00ed tvrdili, \u017ee se nikdy nem\u016f\u017ee st\u00e1t otcem.","datePublished":"2026-03-15T18:57:00+00:00","dateModified":"2026-03-15T18:57:03+00:00","mainEntityOfPage":{"@id":"https:\/\/mybook.am\/?p=26637"},"wordCount":629,"commentCount":0,"image":{"@id":"https:\/\/mybook.am\/?p=26637#primaryimage"},"thumbnailUrl":"https:\/\/mybook.am\/wp-content\/uploads\/2026\/03\/4679897946.jpg","articleSection":["\u010cesk\u00e1"],"inLanguage":"ru-RU","potentialAction":[{"@type":"CommentAction","name":"Comment","target":["https:\/\/mybook.am\/?p=26637#respond"]}]},{"@type":"WebPage","@id":"https:\/\/mybook.am\/?p=26637","url":"https:\/\/mybook.am\/?p=26637","name":"Do d\u011bjin vstoupil mu\u017e, o kter\u00e9m je\u0161t\u011b ned\u00e1vno mnoz\u00ed tvrdili, \u017ee se nikdy nem\u016f\u017ee st\u00e1t otcem. -","isPartOf":{"@id":"https:\/\/mybook.am\/#website"},"primaryImageOfPage":{"@id":"https:\/\/mybook.am\/?p=26637#primaryimage"},"image":{"@id":"https:\/\/mybook.am\/?p=26637#primaryimage"},"thumbnailUrl":"https:\/\/mybook.am\/wp-content\/uploads\/2026\/03\/4679897946.jpg","datePublished":"2026-03-15T18:57:00+00:00","dateModified":"2026-03-15T18:57:03+00:00","author":{"@id":"https:\/\/mybook.am\/#\/schema\/person\/e730847942cff3a199774e803916e97e"},"breadcrumb":{"@id":"https:\/\/mybook.am\/?p=26637#breadcrumb"},"inLanguage":"ru-RU","potentialAction":[{"@type":"ReadAction","target":["https:\/\/mybook.am\/?p=26637"]}]},{"@type":"ImageObject","inLanguage":"ru-RU","@id":"https:\/\/mybook.am\/?p=26637#primaryimage","url":"https:\/\/mybook.am\/wp-content\/uploads\/2026\/03\/4679897946.jpg","contentUrl":"https:\/\/mybook.am\/wp-content\/uploads\/2026\/03\/4679897946.jpg","width":1152,"height":768},{"@type":"BreadcrumbList","@id":"https:\/\/mybook.am\/?p=26637#breadcrumb","itemListElement":[{"@type":"ListItem","position":1,"name":"\u0413\u043b\u0430\u0432\u043d\u0430\u044f \u0441\u0442\u0440\u0430\u043d\u0438\u0446\u0430","item":"https:\/\/mybook.am\/"},{"@type":"ListItem","position":2,"name":"Do d\u011bjin vstoupil mu\u017e, o kter\u00e9m je\u0161t\u011b ned\u00e1vno mnoz\u00ed tvrdili, \u017ee se nikdy nem\u016f\u017ee st\u00e1t otcem."}]},{"@type":"WebSite","@id":"https:\/\/mybook.am\/#website","url":"https:\/\/mybook.am\/","name":"","description":"","potentialAction":[{"@type":"SearchAction","target":{"@type":"EntryPoint","urlTemplate":"https:\/\/mybook.am\/?s={search_term_string}"},"query-input":{"@type":"PropertyValueSpecification","valueRequired":true,"valueName":"search_term_string"}}],"inLanguage":"ru-RU"},{"@type":"Person","@id":"https:\/\/mybook.am\/#\/schema\/person\/e730847942cff3a199774e803916e97e","name":"admin","image":{"@type":"ImageObject","inLanguage":"ru-RU","@id":"https:\/\/secure.gravatar.com\/avatar\/df64e550a0653b7be0f1bcf897f33faad9c2c8153472b2d9319beafb51370f6f?s=96&d=mm&r=g","url":"https:\/\/secure.gravatar.com\/avatar\/df64e550a0653b7be0f1bcf897f33faad9c2c8153472b2d9319beafb51370f6f?s=96&d=mm&r=g","contentUrl":"https:\/\/secure.gravatar.com\/avatar\/df64e550a0653b7be0f1bcf897f33faad9c2c8153472b2d9319beafb51370f6f?s=96&d=mm&r=g","caption":"admin"},"sameAs":["http:\/\/mybook.am"],"url":"https:\/\/mybook.am\/?author=1"}]}},"views":43,"_links":{"self":[{"href":"https:\/\/mybook.am\/index.php?rest_route=\/wp\/v2\/posts\/26637","targetHints":{"allow":["GET"]}}],"collection":[{"href":"https:\/\/mybook.am\/index.php?rest_route=\/wp\/v2\/posts"}],"about":[{"href":"https:\/\/mybook.am\/index.php?rest_route=\/wp\/v2\/types\/post"}],"author":[{"embeddable":true,"href":"https:\/\/mybook.am\/index.php?rest_route=\/wp\/v2\/users\/1"}],"replies":[{"embeddable":true,"href":"https:\/\/mybook.am\/index.php?rest_route=%2Fwp%2Fv2%2Fcomments&post=26637"}],"version-history":[{"count":1,"href":"https:\/\/mybook.am\/index.php?rest_route=\/wp\/v2\/posts\/26637\/revisions"}],"predecessor-version":[{"id":26641,"href":"https:\/\/mybook.am\/index.php?rest_route=\/wp\/v2\/posts\/26637\/revisions\/26641"}],"wp:featuredmedia":[{"embeddable":true,"href":"https:\/\/mybook.am\/index.php?rest_route=\/wp\/v2\/media\/26640"}],"wp:attachment":[{"href":"https:\/\/mybook.am\/index.php?rest_route=%2Fwp%2Fv2%2Fmedia&parent=26637"}],"wp:term":[{"taxonomy":"category","embeddable":true,"href":"https:\/\/mybook.am\/index.php?rest_route=%2Fwp%2Fv2%2Fcategories&post=26637"},{"taxonomy":"post_tag","embeddable":true,"href":"https:\/\/mybook.am\/index.php?rest_route=%2Fwp%2Fv2%2Ftags&post=26637"}],"curies":[{"name":"wp","href":"https:\/\/api.w.org\/{rel}","templated":true}]}}