{"id":26648,"date":"2026-03-16T00:16:40","date_gmt":"2026-03-15T21:16:40","guid":{"rendered":"https:\/\/mybook.am\/?p=26648"},"modified":"2026-03-16T00:16:41","modified_gmt":"2026-03-15T21:16:41","slug":"zena-ktera-kdysi-nechala-novorozene-u-cizich-dveri-se-po-petadvaceti-letech-znovu-objevila-a-rovnou-pozadala-o-polovinu-uspesneho-podnikani-sve-vlastni-dcery","status":"publish","type":"post","link":"https:\/\/mybook.am\/?p=26648","title":{"rendered":"\u017dena, kter\u00e1 kdysi nechala novorozen\u011b u ciz\u00edch dve\u0159\u00ed, se po p\u011btadvaceti letech znovu objevila \u2014 a rovnou po\u017e\u00e1dala o polovinu \u00fasp\u011b\u0161n\u00e9ho podnik\u00e1n\u00ed sv\u00e9 vlastn\u00ed dcery."},"content":{"rendered":"\n<p>P\u0159\u00edb\u011bh, kter\u00fd za\u010dal opu\u0161t\u011bn\u00fdm d\u00edt\u011btem na prahu domu, skon\u010dil \u0161okuj\u00edc\u00edm po\u017eadavkem, jen\u017e ot\u0159\u00e1sl celou rodinou.P\u0159ed p\u011btadvaceti lety se \u017eivot m\u00e9 adoptivn\u00ed matky zm\u011bnil b\u011bhem jedin\u00e9 vte\u0159iny. T\u011b\u017ek\u00e1 autonehoda ji p\u0159ipravila o mo\u017enost chodit.<\/p>\n\n\n\n<figure class=\"wp-block-image size-large\"><img loading=\"lazy\" decoding=\"async\" width=\"1024\" height=\"683\" src=\"https:\/\/mybook.am\/wp-content\/uploads\/2026\/03\/65486465-1024x683.jpg\" alt=\"\" class=\"wp-image-26649\" srcset=\"https:\/\/mybook.am\/wp-content\/uploads\/2026\/03\/65486465-1024x683.jpg 1024w, https:\/\/mybook.am\/wp-content\/uploads\/2026\/03\/65486465-300x200.jpg 300w, https:\/\/mybook.am\/wp-content\/uploads\/2026\/03\/65486465-768x512.jpg 768w, https:\/\/mybook.am\/wp-content\/uploads\/2026\/03\/65486465.jpg 1050w\" sizes=\"auto, (max-width: 1024px) 100vw, 1024px\" \/><\/figure>\n\n\n\n<p>L\u00e9ka\u0159i j\u00ed bez velk\u00fdch nad\u011bj\u00ed ozn\u00e1mili, \u017ee z\u016fstane ochrnut\u00e1 od pasu dol\u016f a \u017ee pravd\u011bpodobn\u011b nikdy nebude m\u00edt vlastn\u00ed d\u011bti.<\/p>\n\n\n\n<p>Pro mnoho lid\u00ed by to znamenalo konec v\u0161ech sn\u016f o rodin\u011b. Jen\u017ee osud p\u0159ipravil n\u011bco, co nikdo nemohl \u010dekat.<\/p>\n\n\n\n<p>Jednoho ve\u010dera usly\u0161ela u dve\u0159\u00ed domu slab\u00fd, nal\u00e9hav\u00fd pl\u00e1\u010d. Kdy\u017e otev\u0159ela, na\u0161la na prahu d\u011btskou p\u0159enosnou post\u00fdlku. Uvnit\u0159 le\u017eelo mal\u00e9 miminko \u2014 a vedle n\u011bj kr\u00e1tk\u00fd vzkaz. P\u00e1r v\u011bt vysv\u011btlovalo, \u017ee matka d\u00edt\u011bte nem\u00e1 jinou mo\u017enost ne\u017e ho opustit.<\/p>\n\n\n\n<p>T\u00edm d\u00edt\u011btem jsem byla j\u00e1.<\/p>\n\n\n\n<p>Mnoz\u00ed lid\u00e9 by okam\u017eit\u011b zavolali soci\u00e1ln\u00ed slu\u017eby nebo policii. Ale \u017eena na invalidn\u00edm voz\u00edku se rozhodla jinak. Bez dlouh\u00e9ho p\u0159em\u00fd\u0161len\u00ed m\u011b vzala dom\u016f.<\/p>\n\n\n\n<p>Jej\u00ed rozhodnut\u00ed vyvolalo mezi lidmi pochybnosti. Soused\u00e9 i p\u0159\u00edbuzn\u00ed kroutili hlavou. Tvrdili, \u017ee osam\u011bl\u00e1 \u017eena na voz\u00edku nem\u016f\u017ee vychovat d\u00edt\u011b. N\u011bkte\u0159\u00ed j\u00ed dokonce radili, aby si to rozmyslela a d\u00edt\u011b p\u0159edala jinam.<\/p>\n\n\n\n<p>Ona v\u0161ak nikoho neposlouchala.<\/p>\n\n\n\n<p>Po v\u0161ech \u00fa\u0159edn\u00edch formalit\u00e1ch m\u011b ofici\u00e1ln\u011b adoptovala. Od t\u00e9 chv\u00edle jsem u\u017e nebyla opu\u0161t\u011bn\u00e9 d\u00edt\u011b bez budoucnosti. Byla jsem jej\u00ed dcera.<\/p>\n\n\n\n<p>Roky ub\u00edhaly a na\u0161e \u017eivoty byly pevn\u011b propojen\u00e9. Moje matka byla u v\u0161ech d\u016fle\u017eit\u00fdch okam\u017eik\u016f m\u00e9ho \u017eivota.<\/p>\n\n\n\n<p>Sed\u011bla v prvn\u00ed \u0159ad\u011b na \u0161koln\u00edch vystoupen\u00edch a tleskala nejhlasit\u011bji ze v\u0161ech. Vozila m\u011b na tane\u010dn\u00ed lekce, i kdy\u017e ji ka\u017ed\u00fd pohyb st\u00e1l velk\u00e9 \u00fasil\u00ed. A kdy\u017e jsem dokon\u010dila univerzitu, plakala \u0161t\u011bst\u00edm.<\/p>\n\n\n\n<p>B\u011bhem studia jsem se s kamar\u00e1dkou pustila do mal\u00e9ho projektu \u2014 za\u010daly jsme vyr\u00e1b\u011bt a prod\u00e1vat origin\u00e1ln\u00ed tri\u010dka. Nejd\u0159\u00edv to byl jen studentsk\u00fd n\u00e1pad. N\u011bkolik n\u00e1vrh\u016f, jednoduch\u00fd internetov\u00fd obchod, p\u00e1r objedn\u00e1vek.<\/p>\n\n\n\n<p>Pak se ale stalo n\u011bco ne\u010dekan\u00e9ho.<\/p>\n\n\n\n<p>Zna\u010dka za\u010dala rychle r\u016fst. Objedn\u00e1vky p\u0159ich\u00e1zely z r\u016fzn\u00fdch m\u011bst, pozd\u011bji i ze zahrani\u010d\u00ed. N\u00e1\u0161 projekt se postupn\u011b prom\u011bnil ve skute\u010dn\u00fd byznys.<\/p>\n\n\n\n<p>Po ukon\u010den\u00ed studia jsem u\u017e m\u011bla stabiln\u00ed firmu.<\/p>\n\n\n\n<p>Jedna z prvn\u00edch v\u011bc\u00ed, kter\u00e9 jsem ud\u011blala, bylo koupit auto. Kdy\u017e jsem ho p\u0159ivezla dom\u016f a podala matce kl\u00ed\u010de, rozplakala se. Bylo to pro ni v\u00edc ne\u017e jen auto \u2014 byl to d\u016fkaz, \u017ee v\u0161echny ty roky n\u00e1mahy m\u011bly smysl.<\/p>\n\n\n\n<p>Zd\u00e1lo se, \u017ee n\u00e1\u0161 \u017eivot kone\u010dn\u011b na\u0161el klid.<\/p>\n\n\n\n<p>Pak se ale objevila ona.<\/p>\n\n\n\n<p>St\u00e1la u na\u0161eho domu brzy r\u00e1no. Elegantn\u00ed kab\u00e1t, sebejist\u00fd pohled, zvl\u00e1\u0161tn\u00ed \u00fasm\u011bv. Mohlo j\u00ed b\u00fdt kolem pades\u00e1ti.<\/p>\n\n\n\n<p>Pod\u00edvala se na m\u011b a \u0159ekla klidn\u00fdm hlasem:<\/p>\n\n\n\n<p>\u201eAhoj, drah\u00e1. V\u00edm, \u017ee si m\u011b nepamatuje\u0161\u2026 ale j\u00e1 jsem tvoje biologick\u00e1 matka.\u201c<\/p>\n\n\n\n<p>Ta slova m\u011b doslova ochromila.<\/p>\n\n\n\n<p>D\u0159\u00edv ne\u017e jsem sta\u010dila n\u011bco \u0159\u00edct, pokra\u010dovala:<\/p>\n\n\n\n<p>\u201eV\u00ed\u0161, m\u011bla bys mi vlastn\u011b pod\u011bkovat. Kdybych t\u011b tehdy nenechala pr\u00e1v\u011b u t\u011bchto dve\u0159\u00ed, mo\u017en\u00e1 bys dnes nebyla t\u00edm, k\u00fdm jsi. D\u00edky tomu jsi vyrostla v dobr\u00e9 rodin\u011b, z\u00edskala vzd\u011bl\u00e1n\u00ed a vybudovala \u00fasp\u011b\u0161nou firmu.\u201c<\/p>\n\n\n\n<p>Na okam\u017eik se odml\u010dela a pak dodala v\u011btu, kter\u00e1 m\u011b \u0161okovala nejv\u00edc.<\/p>\n\n\n\n<p>\u201eMysl\u00edm, \u017ee by bylo spravedliv\u00e9, kdybys mi dala polovinu sv\u00e9ho podnik\u00e1n\u00ed.\u201c<\/p>\n\n\n\n<p>Polovinu firmy.<\/p>\n\n\n\n<p>\u0158ekla to tak klidn\u011b, jako by \u0161lo o b\u011b\u017enou obchodn\u00ed dohodu.<\/p>\n\n\n\n<p>Uvnit\u0159 m\u011b za\u010dal v\u0159\u00edt hn\u011bv. P\u0159ed o\u010dima se mi vybavily v\u0161echny ty roky \u2014 moje matka, kter\u00e1 m\u011b vychovala navzdory bolesti, kter\u00e1 se nikdy nevzdala a kter\u00e1 mi dala v\u0161echno.<\/p>\n\n\n\n<p>A te\u010f p\u0159ede mnou st\u00e1la \u017eena, kter\u00e1 m\u011b kdysi opustila, a cht\u011bla si n\u00e1rokovat pod\u00edl na m\u00e9m \u017eivot\u011b.<\/p>\n\n\n\n<p>Pod\u00edvala jsem se na ni.<\/p>\n\n\n\n<p>A v tu chv\u00edli m\u011b napadla my\u0161lenka.<\/p>\n\n\n\n<p>Usm\u00e1la jsem se.<\/p>\n\n\n\n<p>\u201eDob\u0159e,\u201c odpov\u011bd\u011bla jsem pomalu. \u201eMo\u017en\u00e1 m\u00e1\u0161 pravdu.\u201c<\/p>\n\n\n\n<p>Jej\u00ed o\u010di se rozz\u00e1\u0159ily.<\/p>\n\n\n\n<p>Pak jsem dodala:<\/p>\n\n\n\n<p>\u201eAle jen za jedn\u00e9 podm\u00ednky.\u201c<\/p>\n","protected":false},"excerpt":{"rendered":"P\u0159\u00edb\u011bh, kter\u00fd za\u010dal opu\u0161t\u011bn\u00fdm d\u00edt\u011btem na prahu domu, skon\u010dil \u0161okuj\u00edc\u00edm po\u017eadavkem, jen\u017e ot\u0159\u00e1sl celou rodinou.P\u0159ed p\u011btadvaceti lety se \u017eivot m\u00e9 adoptivn\u00ed matky zm\u011bnil \n<a class=\"moretag\" href=\"https:\/\/mybook.am\/?p=26648\"> [...]<\/a>","protected":false},"author":1,"featured_media":26649,"comment_status":"open","ping_status":"open","sticky":false,"template":"","format":"standard","meta":{"footnotes":""},"categories":[1],"tags":[],"class_list":["post-26648","post","type-post","status-publish","format-standard","has-post-thumbnail","hentry","category-ceska"],"yoast_head":"<!-- This site is optimized with the Yoast SEO plugin v27.5 - https:\/\/yoast.com\/product\/yoast-seo-wordpress\/ -->\n<title>\u017dena, kter\u00e1 kdysi nechala novorozen\u011b u ciz\u00edch dve\u0159\u00ed, se po p\u011btadvaceti letech znovu objevila \u2014 a rovnou po\u017e\u00e1dala o polovinu \u00fasp\u011b\u0161n\u00e9ho podnik\u00e1n\u00ed sv\u00e9 vlastn\u00ed dcery. -<\/title>\n<meta name=\"robots\" content=\"index, follow, max-snippet:-1, max-image-preview:large, max-video-preview:-1\" \/>\n<link rel=\"canonical\" href=\"https:\/\/mybook.am\/?p=26648\" \/>\n<meta property=\"og:locale\" content=\"ru_RU\" \/>\n<meta property=\"og:type\" content=\"article\" \/>\n<meta property=\"og:title\" content=\"\u017dena, kter\u00e1 kdysi nechala novorozen\u011b u ciz\u00edch dve\u0159\u00ed, se po p\u011btadvaceti letech znovu objevila \u2014 a rovnou po\u017e\u00e1dala o polovinu \u00fasp\u011b\u0161n\u00e9ho podnik\u00e1n\u00ed sv\u00e9 vlastn\u00ed dcery. -\" \/>\n<meta property=\"og:description\" content=\"P\u0159\u00edb\u011bh, kter\u00fd za\u010dal opu\u0161t\u011bn\u00fdm d\u00edt\u011btem na prahu domu, skon\u010dil \u0161okuj\u00edc\u00edm po\u017eadavkem, jen\u017e ot\u0159\u00e1sl celou rodinou.P\u0159ed p\u011btadvaceti lety se \u017eivot m\u00e9 adoptivn\u00ed matky zm\u011bnil\" \/>\n<meta property=\"og:url\" content=\"https:\/\/mybook.am\/?p=26648\" \/>\n<meta property=\"article:published_time\" content=\"2026-03-15T21:16:40+00:00\" \/>\n<meta property=\"article:modified_time\" content=\"2026-03-15T21:16:41+00:00\" \/>\n<meta property=\"og:image\" content=\"https:\/\/mybook.am\/wp-content\/uploads\/2026\/03\/65486465.jpg\" \/>\n\t<meta property=\"og:image:width\" content=\"1050\" \/>\n\t<meta property=\"og:image:height\" content=\"700\" \/>\n\t<meta property=\"og:image:type\" content=\"image\/jpeg\" \/>\n<meta name=\"author\" content=\"admin\" \/>\n<meta name=\"twitter:card\" content=\"summary_large_image\" \/>\n<meta name=\"twitter:label1\" content=\"\u041d\u0430\u043f\u0438\u0441\u0430\u043d\u043e \u0430\u0432\u0442\u043e\u0440\u043e\u043c\" \/>\n\t<meta name=\"twitter:data1\" content=\"admin\" \/>\n\t<meta name=\"twitter:label2\" content=\"\u041f\u0440\u0438\u043c\u0435\u0440\u043d\u043e\u0435 \u0432\u0440\u0435\u043c\u044f \u0434\u043b\u044f \u0447\u0442\u0435\u043d\u0438\u044f\" \/>\n\t<meta name=\"twitter:data2\" content=\"4 \u043c\u0438\u043d\u0443\u0442\u044b\" \/>\n<script type=\"application\/ld+json\" class=\"yoast-schema-graph\">{\"@context\":\"https:\\\/\\\/schema.org\",\"@graph\":[{\"@type\":\"Article\",\"@id\":\"https:\\\/\\\/mybook.am\\\/?p=26648#article\",\"isPartOf\":{\"@id\":\"https:\\\/\\\/mybook.am\\\/?p=26648\"},\"author\":{\"name\":\"admin\",\"@id\":\"https:\\\/\\\/mybook.am\\\/#\\\/schema\\\/person\\\/e730847942cff3a199774e803916e97e\"},\"headline\":\"\u017dena, kter\u00e1 kdysi nechala novorozen\u011b u ciz\u00edch dve\u0159\u00ed, se po p\u011btadvaceti letech znovu objevila \u2014 a rovnou po\u017e\u00e1dala o polovinu \u00fasp\u011b\u0161n\u00e9ho podnik\u00e1n\u00ed sv\u00e9 vlastn\u00ed dcery.\",\"datePublished\":\"2026-03-15T21:16:40+00:00\",\"dateModified\":\"2026-03-15T21:16:41+00:00\",\"mainEntityOfPage\":{\"@id\":\"https:\\\/\\\/mybook.am\\\/?p=26648\"},\"wordCount\":795,\"commentCount\":0,\"image\":{\"@id\":\"https:\\\/\\\/mybook.am\\\/?p=26648#primaryimage\"},\"thumbnailUrl\":\"https:\\\/\\\/mybook.am\\\/wp-content\\\/uploads\\\/2026\\\/03\\\/65486465.jpg\",\"articleSection\":[\"\u010cesk\u00e1\"],\"inLanguage\":\"ru-RU\",\"potentialAction\":[{\"@type\":\"CommentAction\",\"name\":\"Comment\",\"target\":[\"https:\\\/\\\/mybook.am\\\/?p=26648#respond\"]}]},{\"@type\":\"WebPage\",\"@id\":\"https:\\\/\\\/mybook.am\\\/?p=26648\",\"url\":\"https:\\\/\\\/mybook.am\\\/?p=26648\",\"name\":\"\u017dena, kter\u00e1 kdysi nechala novorozen\u011b u ciz\u00edch dve\u0159\u00ed, se po p\u011btadvaceti letech znovu objevila \u2014 a rovnou po\u017e\u00e1dala o polovinu \u00fasp\u011b\u0161n\u00e9ho podnik\u00e1n\u00ed sv\u00e9 vlastn\u00ed dcery. -\",\"isPartOf\":{\"@id\":\"https:\\\/\\\/mybook.am\\\/#website\"},\"primaryImageOfPage\":{\"@id\":\"https:\\\/\\\/mybook.am\\\/?p=26648#primaryimage\"},\"image\":{\"@id\":\"https:\\\/\\\/mybook.am\\\/?p=26648#primaryimage\"},\"thumbnailUrl\":\"https:\\\/\\\/mybook.am\\\/wp-content\\\/uploads\\\/2026\\\/03\\\/65486465.jpg\",\"datePublished\":\"2026-03-15T21:16:40+00:00\",\"dateModified\":\"2026-03-15T21:16:41+00:00\",\"author\":{\"@id\":\"https:\\\/\\\/mybook.am\\\/#\\\/schema\\\/person\\\/e730847942cff3a199774e803916e97e\"},\"breadcrumb\":{\"@id\":\"https:\\\/\\\/mybook.am\\\/?p=26648#breadcrumb\"},\"inLanguage\":\"ru-RU\",\"potentialAction\":[{\"@type\":\"ReadAction\",\"target\":[\"https:\\\/\\\/mybook.am\\\/?p=26648\"]}]},{\"@type\":\"ImageObject\",\"inLanguage\":\"ru-RU\",\"@id\":\"https:\\\/\\\/mybook.am\\\/?p=26648#primaryimage\",\"url\":\"https:\\\/\\\/mybook.am\\\/wp-content\\\/uploads\\\/2026\\\/03\\\/65486465.jpg\",\"contentUrl\":\"https:\\\/\\\/mybook.am\\\/wp-content\\\/uploads\\\/2026\\\/03\\\/65486465.jpg\",\"width\":1050,\"height\":700},{\"@type\":\"BreadcrumbList\",\"@id\":\"https:\\\/\\\/mybook.am\\\/?p=26648#breadcrumb\",\"itemListElement\":[{\"@type\":\"ListItem\",\"position\":1,\"name\":\"\u0413\u043b\u0430\u0432\u043d\u0430\u044f \u0441\u0442\u0440\u0430\u043d\u0438\u0446\u0430\",\"item\":\"https:\\\/\\\/mybook.am\\\/\"},{\"@type\":\"ListItem\",\"position\":2,\"name\":\"\u017dena, kter\u00e1 kdysi nechala novorozen\u011b u ciz\u00edch dve\u0159\u00ed, se po p\u011btadvaceti letech znovu objevila \u2014 a rovnou po\u017e\u00e1dala o polovinu \u00fasp\u011b\u0161n\u00e9ho podnik\u00e1n\u00ed sv\u00e9 vlastn\u00ed dcery.\"}]},{\"@type\":\"WebSite\",\"@id\":\"https:\\\/\\\/mybook.am\\\/#website\",\"url\":\"https:\\\/\\\/mybook.am\\\/\",\"name\":\"\",\"description\":\"\",\"potentialAction\":[{\"@type\":\"SearchAction\",\"target\":{\"@type\":\"EntryPoint\",\"urlTemplate\":\"https:\\\/\\\/mybook.am\\\/?s={search_term_string}\"},\"query-input\":{\"@type\":\"PropertyValueSpecification\",\"valueRequired\":true,\"valueName\":\"search_term_string\"}}],\"inLanguage\":\"ru-RU\"},{\"@type\":\"Person\",\"@id\":\"https:\\\/\\\/mybook.am\\\/#\\\/schema\\\/person\\\/e730847942cff3a199774e803916e97e\",\"name\":\"admin\",\"image\":{\"@type\":\"ImageObject\",\"inLanguage\":\"ru-RU\",\"@id\":\"https:\\\/\\\/secure.gravatar.com\\\/avatar\\\/df64e550a0653b7be0f1bcf897f33faad9c2c8153472b2d9319beafb51370f6f?s=96&d=mm&r=g\",\"url\":\"https:\\\/\\\/secure.gravatar.com\\\/avatar\\\/df64e550a0653b7be0f1bcf897f33faad9c2c8153472b2d9319beafb51370f6f?s=96&d=mm&r=g\",\"contentUrl\":\"https:\\\/\\\/secure.gravatar.com\\\/avatar\\\/df64e550a0653b7be0f1bcf897f33faad9c2c8153472b2d9319beafb51370f6f?s=96&d=mm&r=g\",\"caption\":\"admin\"},\"sameAs\":[\"http:\\\/\\\/mybook.am\"],\"url\":\"https:\\\/\\\/mybook.am\\\/?author=1\"}]}<\/script>\n<!-- \/ Yoast SEO plugin. -->","yoast_head_json":{"title":"\u017dena, kter\u00e1 kdysi nechala novorozen\u011b u ciz\u00edch dve\u0159\u00ed, se po p\u011btadvaceti letech znovu objevila \u2014 a rovnou po\u017e\u00e1dala o polovinu \u00fasp\u011b\u0161n\u00e9ho podnik\u00e1n\u00ed sv\u00e9 vlastn\u00ed dcery. -","robots":{"index":"index","follow":"follow","max-snippet":"max-snippet:-1","max-image-preview":"max-image-preview:large","max-video-preview":"max-video-preview:-1"},"canonical":"https:\/\/mybook.am\/?p=26648","og_locale":"ru_RU","og_type":"article","og_title":"\u017dena, kter\u00e1 kdysi nechala novorozen\u011b u ciz\u00edch dve\u0159\u00ed, se po p\u011btadvaceti letech znovu objevila \u2014 a rovnou po\u017e\u00e1dala o polovinu \u00fasp\u011b\u0161n\u00e9ho podnik\u00e1n\u00ed sv\u00e9 vlastn\u00ed dcery. -","og_description":"P\u0159\u00edb\u011bh, kter\u00fd za\u010dal opu\u0161t\u011bn\u00fdm d\u00edt\u011btem na prahu domu, skon\u010dil \u0161okuj\u00edc\u00edm po\u017eadavkem, jen\u017e ot\u0159\u00e1sl celou rodinou.P\u0159ed p\u011btadvaceti lety se \u017eivot m\u00e9 adoptivn\u00ed matky zm\u011bnil","og_url":"https:\/\/mybook.am\/?p=26648","article_published_time":"2026-03-15T21:16:40+00:00","article_modified_time":"2026-03-15T21:16:41+00:00","og_image":[{"width":1050,"height":700,"url":"https:\/\/mybook.am\/wp-content\/uploads\/2026\/03\/65486465.jpg","type":"image\/jpeg"}],"author":"admin","twitter_card":"summary_large_image","twitter_misc":{"\u041d\u0430\u043f\u0438\u0441\u0430\u043d\u043e \u0430\u0432\u0442\u043e\u0440\u043e\u043c":"admin","\u041f\u0440\u0438\u043c\u0435\u0440\u043d\u043e\u0435 \u0432\u0440\u0435\u043c\u044f \u0434\u043b\u044f \u0447\u0442\u0435\u043d\u0438\u044f":"4 \u043c\u0438\u043d\u0443\u0442\u044b"},"schema":{"@context":"https:\/\/schema.org","@graph":[{"@type":"Article","@id":"https:\/\/mybook.am\/?p=26648#article","isPartOf":{"@id":"https:\/\/mybook.am\/?p=26648"},"author":{"name":"admin","@id":"https:\/\/mybook.am\/#\/schema\/person\/e730847942cff3a199774e803916e97e"},"headline":"\u017dena, kter\u00e1 kdysi nechala novorozen\u011b u ciz\u00edch dve\u0159\u00ed, se po p\u011btadvaceti letech znovu objevila \u2014 a rovnou po\u017e\u00e1dala o polovinu \u00fasp\u011b\u0161n\u00e9ho podnik\u00e1n\u00ed sv\u00e9 vlastn\u00ed dcery.","datePublished":"2026-03-15T21:16:40+00:00","dateModified":"2026-03-15T21:16:41+00:00","mainEntityOfPage":{"@id":"https:\/\/mybook.am\/?p=26648"},"wordCount":795,"commentCount":0,"image":{"@id":"https:\/\/mybook.am\/?p=26648#primaryimage"},"thumbnailUrl":"https:\/\/mybook.am\/wp-content\/uploads\/2026\/03\/65486465.jpg","articleSection":["\u010cesk\u00e1"],"inLanguage":"ru-RU","potentialAction":[{"@type":"CommentAction","name":"Comment","target":["https:\/\/mybook.am\/?p=26648#respond"]}]},{"@type":"WebPage","@id":"https:\/\/mybook.am\/?p=26648","url":"https:\/\/mybook.am\/?p=26648","name":"\u017dena, kter\u00e1 kdysi nechala novorozen\u011b u ciz\u00edch dve\u0159\u00ed, se po p\u011btadvaceti letech znovu objevila \u2014 a rovnou po\u017e\u00e1dala o polovinu \u00fasp\u011b\u0161n\u00e9ho podnik\u00e1n\u00ed sv\u00e9 vlastn\u00ed dcery. -","isPartOf":{"@id":"https:\/\/mybook.am\/#website"},"primaryImageOfPage":{"@id":"https:\/\/mybook.am\/?p=26648#primaryimage"},"image":{"@id":"https:\/\/mybook.am\/?p=26648#primaryimage"},"thumbnailUrl":"https:\/\/mybook.am\/wp-content\/uploads\/2026\/03\/65486465.jpg","datePublished":"2026-03-15T21:16:40+00:00","dateModified":"2026-03-15T21:16:41+00:00","author":{"@id":"https:\/\/mybook.am\/#\/schema\/person\/e730847942cff3a199774e803916e97e"},"breadcrumb":{"@id":"https:\/\/mybook.am\/?p=26648#breadcrumb"},"inLanguage":"ru-RU","potentialAction":[{"@type":"ReadAction","target":["https:\/\/mybook.am\/?p=26648"]}]},{"@type":"ImageObject","inLanguage":"ru-RU","@id":"https:\/\/mybook.am\/?p=26648#primaryimage","url":"https:\/\/mybook.am\/wp-content\/uploads\/2026\/03\/65486465.jpg","contentUrl":"https:\/\/mybook.am\/wp-content\/uploads\/2026\/03\/65486465.jpg","width":1050,"height":700},{"@type":"BreadcrumbList","@id":"https:\/\/mybook.am\/?p=26648#breadcrumb","itemListElement":[{"@type":"ListItem","position":1,"name":"\u0413\u043b\u0430\u0432\u043d\u0430\u044f \u0441\u0442\u0440\u0430\u043d\u0438\u0446\u0430","item":"https:\/\/mybook.am\/"},{"@type":"ListItem","position":2,"name":"\u017dena, kter\u00e1 kdysi nechala novorozen\u011b u ciz\u00edch dve\u0159\u00ed, se po p\u011btadvaceti letech znovu objevila \u2014 a rovnou po\u017e\u00e1dala o polovinu \u00fasp\u011b\u0161n\u00e9ho podnik\u00e1n\u00ed sv\u00e9 vlastn\u00ed dcery."}]},{"@type":"WebSite","@id":"https:\/\/mybook.am\/#website","url":"https:\/\/mybook.am\/","name":"","description":"","potentialAction":[{"@type":"SearchAction","target":{"@type":"EntryPoint","urlTemplate":"https:\/\/mybook.am\/?s={search_term_string}"},"query-input":{"@type":"PropertyValueSpecification","valueRequired":true,"valueName":"search_term_string"}}],"inLanguage":"ru-RU"},{"@type":"Person","@id":"https:\/\/mybook.am\/#\/schema\/person\/e730847942cff3a199774e803916e97e","name":"admin","image":{"@type":"ImageObject","inLanguage":"ru-RU","@id":"https:\/\/secure.gravatar.com\/avatar\/df64e550a0653b7be0f1bcf897f33faad9c2c8153472b2d9319beafb51370f6f?s=96&d=mm&r=g","url":"https:\/\/secure.gravatar.com\/avatar\/df64e550a0653b7be0f1bcf897f33faad9c2c8153472b2d9319beafb51370f6f?s=96&d=mm&r=g","contentUrl":"https:\/\/secure.gravatar.com\/avatar\/df64e550a0653b7be0f1bcf897f33faad9c2c8153472b2d9319beafb51370f6f?s=96&d=mm&r=g","caption":"admin"},"sameAs":["http:\/\/mybook.am"],"url":"https:\/\/mybook.am\/?author=1"}]}},"views":220,"_links":{"self":[{"href":"https:\/\/mybook.am\/index.php?rest_route=\/wp\/v2\/posts\/26648","targetHints":{"allow":["GET"]}}],"collection":[{"href":"https:\/\/mybook.am\/index.php?rest_route=\/wp\/v2\/posts"}],"about":[{"href":"https:\/\/mybook.am\/index.php?rest_route=\/wp\/v2\/types\/post"}],"author":[{"embeddable":true,"href":"https:\/\/mybook.am\/index.php?rest_route=\/wp\/v2\/users\/1"}],"replies":[{"embeddable":true,"href":"https:\/\/mybook.am\/index.php?rest_route=%2Fwp%2Fv2%2Fcomments&post=26648"}],"version-history":[{"count":1,"href":"https:\/\/mybook.am\/index.php?rest_route=\/wp\/v2\/posts\/26648\/revisions"}],"predecessor-version":[{"id":26650,"href":"https:\/\/mybook.am\/index.php?rest_route=\/wp\/v2\/posts\/26648\/revisions\/26650"}],"wp:featuredmedia":[{"embeddable":true,"href":"https:\/\/mybook.am\/index.php?rest_route=\/wp\/v2\/media\/26649"}],"wp:attachment":[{"href":"https:\/\/mybook.am\/index.php?rest_route=%2Fwp%2Fv2%2Fmedia&parent=26648"}],"wp:term":[{"taxonomy":"category","embeddable":true,"href":"https:\/\/mybook.am\/index.php?rest_route=%2Fwp%2Fv2%2Fcategories&post=26648"},{"taxonomy":"post_tag","embeddable":true,"href":"https:\/\/mybook.am\/index.php?rest_route=%2Fwp%2Fv2%2Ftags&post=26648"}],"curies":[{"name":"wp","href":"https:\/\/api.w.org\/{rel}","templated":true}]}}