{"id":26654,"date":"2026-03-16T07:53:44","date_gmt":"2026-03-16T04:53:44","guid":{"rendered":"https:\/\/mybook.am\/?p=26654"},"modified":"2026-03-16T07:53:45","modified_gmt":"2026-03-16T04:53:45","slug":"cervena-nit-trcela-z-popelnice-prave-tak-sestnactileta-divka-zjistila-ze-darek-ktery-s-laskou-vytvorila-pro-sveho-maleho-bratra-skoncil-mezi-odpadky","status":"publish","type":"post","link":"https:\/\/mybook.am\/?p=26654","title":{"rendered":"\u010cerven\u00e1 nit tr\u010dela z popelnice \u2014 pr\u00e1v\u011b tak \u0161estn\u00e1ctilet\u00e1 d\u00edvka zjistila, \u017ee d\u00e1rek, kter\u00fd s l\u00e1skou vytvo\u0159ila pro sv\u00e9ho mal\u00e9ho bratra, skon\u010dil mezi odpadky."},"content":{"rendered":"\n<p>Stalo se to pouh\u00fd den po rodinn\u00e9 oslav\u011b. \u0160okuj\u00edc\u00ed na tom bylo, \u017ee deku upletenou ze star\u00fdch svetr\u016f jejich zesnul\u00e9 matky vyhodila nov\u00e1 man\u017eelka jej\u00edho otce \u2014 \u017eena, kter\u00e1 se rozhodla, \u017ee vzpom\u00ednky na mrtvou u\u017e v tomto dom\u011b nemaj\u00ed m\u00edsto.<\/p>\n\n\n\n<figure class=\"wp-block-image size-full is-resized\"><img loading=\"lazy\" decoding=\"async\" width=\"639\" height=\"768\" src=\"https:\/\/mybook.am\/wp-content\/uploads\/2026\/03\/4568465.jpg\" alt=\"\" class=\"wp-image-26655\" style=\"width:697px;height:auto\" srcset=\"https:\/\/mybook.am\/wp-content\/uploads\/2026\/03\/4568465.jpg 639w, https:\/\/mybook.am\/wp-content\/uploads\/2026\/03\/4568465-250x300.jpg 250w\" sizes=\"auto, (max-width: 639px) 100vw, 639px\" \/><\/figure>\n\n\n\n<p>Cel\u00fd p\u0159\u00edb\u011bh za\u010dal p\u0159ed rokem trag\u00e9di\u00ed, kter\u00e1 rodinu zcela rozdrtila. Matka zem\u0159ela p\u0159i porodu a zanechala po sob\u011b novorozen\u00e9ho syna a \u0161estn\u00e1ctiletou dceru. D\u016fm, ve kter\u00e9m d\u0159\u00edve vl\u00e1dlo teplo a sm\u00edch, se najednou prom\u011bnil v tich\u00e9 a t\u011b\u017ek\u00e9 m\u00edsto.<\/p>\n\n\n\n<p>Prvn\u00ed m\u011bs\u00edce z\u016fstali doma jen otec Andrew a dv\u011b d\u011bti. V\u0161ichni se sna\u017eili n\u011bjak p\u0159e\u017e\u00edt bolest a ztr\u00e1tu.<\/p>\n\n\n\n<p>Jen\u017ee po t\u0159ech m\u011bs\u00edc\u00edch se v jejich \u017eivot\u011b objevila Melissa \u2014 star\u00e1 zn\u00e1m\u00e1 jejich zesnul\u00e9 matky.<\/p>\n\n\n\n<p>Nejprve to vypadalo jako pomoc. Potom jako podpora. A za p\u016fl roku u\u017e byla novou man\u017eelkou jejich otce a novou pan\u00ed domu.<\/p>\n\n\n\n<p>Pro \u0161estn\u00e1ctiletou d\u00edvku se v\u0161echno odehr\u00e1lo p\u0159\u00edli\u0161 rychle. M\u011bla pocit, \u017ee vzpom\u00ednky na jej\u00ed matku se z domu pomalu vytr\u00e1cej\u00ed, jako by n\u011bkdo potichu mazal minulost.<\/p>\n\n\n\n<p>Jedin\u00fdm \u010dlov\u011bkem, kter\u00fd opravdu ch\u00e1pal jej\u00ed bolest, byla babi\u010dka z otcovy strany. Pr\u00e1v\u011b ona se stala jej\u00ed oporou.<\/p>\n\n\n\n<p>Babi\u010dka ji nau\u010dila pl\u00e9st. Zpo\u010d\u00e1tku to byla jen \u010dinnost, kter\u00e1 m\u011bla zam\u011bstnat ruce a uklidnit mysl. Postupn\u011b se ale ka\u017ed\u00e9 o\u010dko p\u0159\u00edze zm\u011bnilo v n\u011bco v\u00edc \u2014 v zp\u016fsob, jak uchovat vzpom\u00ednky.<\/p>\n\n\n\n<p>Kdy\u017e se bl\u00ed\u017eily prvn\u00ed narozeniny mal\u00e9ho Andrewa, rozhodla se mu d\u00e1t n\u011bco v\u00fdjime\u010dn\u00e9ho.<\/p>\n\n\n\n<p>Chlapec svou matku nikdy nepozn\u00e1. Bude o n\u00ed sly\u0161et jen z vypr\u00e1v\u011bn\u00ed.<\/p>\n\n\n\n<p>Proto d\u00edvka vzala star\u00e9 svetry sv\u00e9 maminky, opatrn\u011b z nich vyp\u00e1rala p\u0159\u00edzi a za\u010dala z n\u00ed pl\u00e9st m\u011bkkou deku.<\/p>\n\n\n\n<p>Trvalo to t\u00fddny. Dlouh\u00e9 ve\u010dery po \u0161kole. Noci, kdy ji bolely prsty, ale p\u0159esto pokra\u010dovala.<\/p>\n\n\n\n<p>Nebyla to oby\u010dejn\u00e1 deka.<\/p>\n\n\n\n<p>Byla to vzpom\u00ednka.<\/p>\n\n\n\n<p>Bylo to teplo jejich maminky, kter\u00e9 m\u011blo z\u016fstat s jej\u00edm synem.<\/p>\n\n\n\n<p>Na rodinn\u00e9 oslav\u011b p\u0159edala d\u00e1rek p\u0159ed v\u0161emi.<\/p>\n\n\n\n<p>Kdy\u017e deku rozvinula, babi\u010dka nad\u0161en\u011b vydechla. \u0158ekla, \u017ee je n\u00e1dhern\u00e1, a byla na svou vnu\u010dku nesm\u00edrn\u011b hrd\u00e1.<\/p>\n\n\n\n<p>Na chv\u00edli se zd\u00e1lo, \u017ee v\u0161echno je zase v po\u0159\u00e1dku.<\/p>\n\n\n\n<p>Jen\u017ee klid trval pouh\u00fd den.<\/p>\n\n\n\n<p>Kdy\u017e se d\u00edvka druh\u00fd den vr\u00e1tila ze \u0161koly, v\u0161imla si \u010derven\u00e9 nitky tr\u010d\u00edc\u00ed z popelnice p\u0159ed domem.<\/p>\n\n\n\n<p>Srdce j\u00ed prudce bu\u0161ilo.<\/p>\n\n\n\n<p>Otev\u0159ela v\u00edko.<\/p>\n\n\n\n<p>Deka le\u017eela uvnit\u0159, zmuchlan\u00e1 mezi odpadky.<\/p>\n\n\n\n<p>Ruce se j\u00ed rozklepaly. Vyt\u00e1hla ji ven a pevn\u011b ji p\u0159itiskla k sob\u011b. Slzy j\u00ed st\u00e9kaly po tv\u00e1\u0159i.<\/p>\n\n\n\n<p>Ve\u0161la do kuchyn\u011b, kde st\u00e1la Melissa.<\/p>\n\n\n\n<p>\u201ePro\u010d byla ta deka v ko\u0161i?\u201c zeptala se rozechv\u011bl\u00fdm hlasem.<\/p>\n\n\n\n<p>Melissa na ni ani nepohl\u00e9dla.<\/p>\n\n\n\n<p>\u201eAndrew je m\u016fj syn,\u201c odpov\u011bd\u011bla chladn\u011b. \u201eNepot\u0159ebuje vyr\u016fstat se vzpom\u00ednkami na n\u011bjakou mrtvou \u017eenu.\u201c<\/p>\n\n\n\n<p>Ta slova bolela jako r\u00e1na.<\/p>\n\n\n\n<p>V ob\u00fdv\u00e1ku sed\u011bl otec. Sly\u0161el ka\u017ed\u00fd detail rozhovoru.<\/p>\n\n\n\n<p>A p\u0159esto ml\u010del.<\/p>\n\n\n\n<p>To ticho bylo snad je\u0161t\u011b hor\u0161\u00ed ne\u017e samotn\u00e1 slova.<\/p>\n\n\n\n<p>O p\u00e1r minut pozd\u011bji d\u00edvka vyb\u011bhla z domu a zam\u00ed\u0159ila k babi\u010dce.<\/p>\n\n\n\n<p>Kdy\u017e j\u00ed v\u0161echno vypr\u00e1v\u011bla, babi\u010d\u010din obli\u010dej se zm\u011bnil.<\/p>\n\n\n\n<p>Ta klidn\u00e1 a laskav\u00e1 \u017eena, kter\u00e1 v\u017edy p\u016fsobila jemn\u011b, najednou vypadala \u00fapln\u011b jinak.<\/p>\n\n\n\n<p>Jej\u00ed o\u010di ztvrdly.<\/p>\n\n\n\n<p>Pomalu vstala ze \u017eidle a vzala telefon.<\/p>\n\n\n\n<p>O hodinu pozd\u011bji u\u017e st\u00e1la v dom\u011b sv\u00e9ho syna.<\/p>\n\n\n\n<p>Rozhovor, kter\u00fd n\u00e1sledoval, byl kr\u00e1tk\u00fd, ale tak siln\u00fd, \u017ee o n\u011bm pozd\u011bji mluvili i soused\u00e9.<\/p>\n\n\n\n<p>Babi\u010dka nek\u0159i\u010dela. Mluvila klidn\u011b, ale ka\u017ed\u00e9 slovo bylo ostr\u00e9.<\/p>\n\n\n\n<p>P\u0159ipomn\u011bla synovi jednu jednoduchou v\u011bc: domov se ned\u00e1 postavit na zapomn\u011bn\u00ed.<\/p>\n\n\n\n<p>Pokud n\u011bkdo vyhod\u00ed vzpom\u00ednku na matku d\u00edt\u011bte, vyhazuje t\u00edm i kus samotn\u00e9ho d\u00edt\u011bte.<\/p>\n\n\n\n<p>A pak se stalo n\u011bco, co nikdo ne\u010dekal.<\/p>\n\n\n\n<p>Deka se znovu objevila v post\u00fdlce mal\u00e9ho Andrewa.<\/p>\n\n\n\n<p>A tentokr\u00e1t u\u017e se j\u00ed nikdo nedotkl.<\/p>\n\n\n\n<p>Od t\u00e9 chv\u00edle se v dom\u011b mnoh\u00e9 zm\u011bnilo.<\/p>\n\n\n\n<p>Ale jedna v\u011bc z\u016fstala stejn\u00e1.<\/p>\n\n\n\n<p>Mal\u00fd chlapec dnes sp\u00ed pod dekou upletenou ze svetr\u016f sv\u00e9 maminky \u2014 a jednou mo\u017en\u00e1 pochop\u00ed, kolik l\u00e1sky, bolesti a odvahy je vetk\u00e1no do ka\u017ed\u00e9ho jej\u00edho vl\u00e1kna.<\/p>\n","protected":false},"excerpt":{"rendered":"Stalo se to pouh\u00fd den po rodinn\u00e9 oslav\u011b. \u0160okuj\u00edc\u00ed na tom bylo, \u017ee deku upletenou ze star\u00fdch svetr\u016f jejich zesnul\u00e9 matky vyhodila nov\u00e1 \n<a class=\"moretag\" href=\"https:\/\/mybook.am\/?p=26654\"> [...]<\/a>","protected":false},"author":1,"featured_media":26655,"comment_status":"open","ping_status":"open","sticky":false,"template":"","format":"standard","meta":{"footnotes":""},"categories":[1],"tags":[],"class_list":["post-26654","post","type-post","status-publish","format-standard","has-post-thumbnail","hentry","category-ceska"],"yoast_head":"<!-- This site is optimized with the Yoast SEO plugin v27.5 - https:\/\/yoast.com\/product\/yoast-seo-wordpress\/ -->\n<title>\u010cerven\u00e1 nit tr\u010dela z popelnice \u2014 pr\u00e1v\u011b tak \u0161estn\u00e1ctilet\u00e1 d\u00edvka zjistila, \u017ee d\u00e1rek, kter\u00fd s l\u00e1skou vytvo\u0159ila pro sv\u00e9ho mal\u00e9ho bratra, skon\u010dil mezi odpadky. -<\/title>\n<meta name=\"robots\" content=\"index, follow, max-snippet:-1, max-image-preview:large, max-video-preview:-1\" \/>\n<link rel=\"canonical\" href=\"https:\/\/mybook.am\/?p=26654\" \/>\n<meta property=\"og:locale\" content=\"ru_RU\" \/>\n<meta property=\"og:type\" content=\"article\" \/>\n<meta property=\"og:title\" content=\"\u010cerven\u00e1 nit tr\u010dela z popelnice \u2014 pr\u00e1v\u011b tak \u0161estn\u00e1ctilet\u00e1 d\u00edvka zjistila, \u017ee d\u00e1rek, kter\u00fd s l\u00e1skou vytvo\u0159ila pro sv\u00e9ho mal\u00e9ho bratra, skon\u010dil mezi odpadky. -\" \/>\n<meta property=\"og:description\" content=\"Stalo se to pouh\u00fd den po rodinn\u00e9 oslav\u011b. \u0160okuj\u00edc\u00ed na tom bylo, \u017ee deku upletenou ze star\u00fdch svetr\u016f jejich zesnul\u00e9 matky vyhodila nov\u00e1\" \/>\n<meta property=\"og:url\" content=\"https:\/\/mybook.am\/?p=26654\" \/>\n<meta property=\"article:published_time\" content=\"2026-03-16T04:53:44+00:00\" \/>\n<meta property=\"article:modified_time\" content=\"2026-03-16T04:53:45+00:00\" \/>\n<meta property=\"og:image\" content=\"https:\/\/mybook.am\/wp-content\/uploads\/2026\/03\/4568465.jpg\" \/>\n\t<meta property=\"og:image:width\" content=\"639\" \/>\n\t<meta property=\"og:image:height\" content=\"768\" \/>\n\t<meta property=\"og:image:type\" content=\"image\/jpeg\" \/>\n<meta name=\"author\" content=\"admin\" \/>\n<meta name=\"twitter:card\" content=\"summary_large_image\" \/>\n<meta name=\"twitter:label1\" content=\"\u041d\u0430\u043f\u0438\u0441\u0430\u043d\u043e \u0430\u0432\u0442\u043e\u0440\u043e\u043c\" \/>\n\t<meta name=\"twitter:data1\" content=\"admin\" \/>\n\t<meta name=\"twitter:label2\" content=\"\u041f\u0440\u0438\u043c\u0435\u0440\u043d\u043e\u0435 \u0432\u0440\u0435\u043c\u044f \u0434\u043b\u044f \u0447\u0442\u0435\u043d\u0438\u044f\" \/>\n\t<meta name=\"twitter:data2\" content=\"4 \u043c\u0438\u043d\u0443\u0442\u044b\" \/>\n<script type=\"application\/ld+json\" class=\"yoast-schema-graph\">{\"@context\":\"https:\\\/\\\/schema.org\",\"@graph\":[{\"@type\":\"Article\",\"@id\":\"https:\\\/\\\/mybook.am\\\/?p=26654#article\",\"isPartOf\":{\"@id\":\"https:\\\/\\\/mybook.am\\\/?p=26654\"},\"author\":{\"name\":\"admin\",\"@id\":\"https:\\\/\\\/mybook.am\\\/#\\\/schema\\\/person\\\/e730847942cff3a199774e803916e97e\"},\"headline\":\"\u010cerven\u00e1 nit tr\u010dela z popelnice \u2014 pr\u00e1v\u011b tak \u0161estn\u00e1ctilet\u00e1 d\u00edvka zjistila, \u017ee d\u00e1rek, kter\u00fd s l\u00e1skou vytvo\u0159ila pro sv\u00e9ho mal\u00e9ho bratra, skon\u010dil mezi odpadky.\",\"datePublished\":\"2026-03-16T04:53:44+00:00\",\"dateModified\":\"2026-03-16T04:53:45+00:00\",\"mainEntityOfPage\":{\"@id\":\"https:\\\/\\\/mybook.am\\\/?p=26654\"},\"wordCount\":824,\"commentCount\":0,\"image\":{\"@id\":\"https:\\\/\\\/mybook.am\\\/?p=26654#primaryimage\"},\"thumbnailUrl\":\"https:\\\/\\\/mybook.am\\\/wp-content\\\/uploads\\\/2026\\\/03\\\/4568465.jpg\",\"articleSection\":[\"\u010cesk\u00e1\"],\"inLanguage\":\"ru-RU\",\"potentialAction\":[{\"@type\":\"CommentAction\",\"name\":\"Comment\",\"target\":[\"https:\\\/\\\/mybook.am\\\/?p=26654#respond\"]}]},{\"@type\":\"WebPage\",\"@id\":\"https:\\\/\\\/mybook.am\\\/?p=26654\",\"url\":\"https:\\\/\\\/mybook.am\\\/?p=26654\",\"name\":\"\u010cerven\u00e1 nit tr\u010dela z popelnice \u2014 pr\u00e1v\u011b tak \u0161estn\u00e1ctilet\u00e1 d\u00edvka zjistila, \u017ee d\u00e1rek, kter\u00fd s l\u00e1skou vytvo\u0159ila pro sv\u00e9ho mal\u00e9ho bratra, skon\u010dil mezi odpadky. -\",\"isPartOf\":{\"@id\":\"https:\\\/\\\/mybook.am\\\/#website\"},\"primaryImageOfPage\":{\"@id\":\"https:\\\/\\\/mybook.am\\\/?p=26654#primaryimage\"},\"image\":{\"@id\":\"https:\\\/\\\/mybook.am\\\/?p=26654#primaryimage\"},\"thumbnailUrl\":\"https:\\\/\\\/mybook.am\\\/wp-content\\\/uploads\\\/2026\\\/03\\\/4568465.jpg\",\"datePublished\":\"2026-03-16T04:53:44+00:00\",\"dateModified\":\"2026-03-16T04:53:45+00:00\",\"author\":{\"@id\":\"https:\\\/\\\/mybook.am\\\/#\\\/schema\\\/person\\\/e730847942cff3a199774e803916e97e\"},\"breadcrumb\":{\"@id\":\"https:\\\/\\\/mybook.am\\\/?p=26654#breadcrumb\"},\"inLanguage\":\"ru-RU\",\"potentialAction\":[{\"@type\":\"ReadAction\",\"target\":[\"https:\\\/\\\/mybook.am\\\/?p=26654\"]}]},{\"@type\":\"ImageObject\",\"inLanguage\":\"ru-RU\",\"@id\":\"https:\\\/\\\/mybook.am\\\/?p=26654#primaryimage\",\"url\":\"https:\\\/\\\/mybook.am\\\/wp-content\\\/uploads\\\/2026\\\/03\\\/4568465.jpg\",\"contentUrl\":\"https:\\\/\\\/mybook.am\\\/wp-content\\\/uploads\\\/2026\\\/03\\\/4568465.jpg\",\"width\":639,\"height\":768},{\"@type\":\"BreadcrumbList\",\"@id\":\"https:\\\/\\\/mybook.am\\\/?p=26654#breadcrumb\",\"itemListElement\":[{\"@type\":\"ListItem\",\"position\":1,\"name\":\"\u0413\u043b\u0430\u0432\u043d\u0430\u044f \u0441\u0442\u0440\u0430\u043d\u0438\u0446\u0430\",\"item\":\"https:\\\/\\\/mybook.am\\\/\"},{\"@type\":\"ListItem\",\"position\":2,\"name\":\"\u010cerven\u00e1 nit tr\u010dela z popelnice \u2014 pr\u00e1v\u011b tak \u0161estn\u00e1ctilet\u00e1 d\u00edvka zjistila, \u017ee d\u00e1rek, kter\u00fd s l\u00e1skou vytvo\u0159ila pro sv\u00e9ho mal\u00e9ho bratra, skon\u010dil mezi odpadky.\"}]},{\"@type\":\"WebSite\",\"@id\":\"https:\\\/\\\/mybook.am\\\/#website\",\"url\":\"https:\\\/\\\/mybook.am\\\/\",\"name\":\"\",\"description\":\"\",\"potentialAction\":[{\"@type\":\"SearchAction\",\"target\":{\"@type\":\"EntryPoint\",\"urlTemplate\":\"https:\\\/\\\/mybook.am\\\/?s={search_term_string}\"},\"query-input\":{\"@type\":\"PropertyValueSpecification\",\"valueRequired\":true,\"valueName\":\"search_term_string\"}}],\"inLanguage\":\"ru-RU\"},{\"@type\":\"Person\",\"@id\":\"https:\\\/\\\/mybook.am\\\/#\\\/schema\\\/person\\\/e730847942cff3a199774e803916e97e\",\"name\":\"admin\",\"image\":{\"@type\":\"ImageObject\",\"inLanguage\":\"ru-RU\",\"@id\":\"https:\\\/\\\/secure.gravatar.com\\\/avatar\\\/df64e550a0653b7be0f1bcf897f33faad9c2c8153472b2d9319beafb51370f6f?s=96&d=mm&r=g\",\"url\":\"https:\\\/\\\/secure.gravatar.com\\\/avatar\\\/df64e550a0653b7be0f1bcf897f33faad9c2c8153472b2d9319beafb51370f6f?s=96&d=mm&r=g\",\"contentUrl\":\"https:\\\/\\\/secure.gravatar.com\\\/avatar\\\/df64e550a0653b7be0f1bcf897f33faad9c2c8153472b2d9319beafb51370f6f?s=96&d=mm&r=g\",\"caption\":\"admin\"},\"sameAs\":[\"http:\\\/\\\/mybook.am\"],\"url\":\"https:\\\/\\\/mybook.am\\\/?author=1\"}]}<\/script>\n<!-- \/ Yoast SEO plugin. -->","yoast_head_json":{"title":"\u010cerven\u00e1 nit tr\u010dela z popelnice \u2014 pr\u00e1v\u011b tak \u0161estn\u00e1ctilet\u00e1 d\u00edvka zjistila, \u017ee d\u00e1rek, kter\u00fd s l\u00e1skou vytvo\u0159ila pro sv\u00e9ho mal\u00e9ho bratra, skon\u010dil mezi odpadky. -","robots":{"index":"index","follow":"follow","max-snippet":"max-snippet:-1","max-image-preview":"max-image-preview:large","max-video-preview":"max-video-preview:-1"},"canonical":"https:\/\/mybook.am\/?p=26654","og_locale":"ru_RU","og_type":"article","og_title":"\u010cerven\u00e1 nit tr\u010dela z popelnice \u2014 pr\u00e1v\u011b tak \u0161estn\u00e1ctilet\u00e1 d\u00edvka zjistila, \u017ee d\u00e1rek, kter\u00fd s l\u00e1skou vytvo\u0159ila pro sv\u00e9ho mal\u00e9ho bratra, skon\u010dil mezi odpadky. -","og_description":"Stalo se to pouh\u00fd den po rodinn\u00e9 oslav\u011b. \u0160okuj\u00edc\u00ed na tom bylo, \u017ee deku upletenou ze star\u00fdch svetr\u016f jejich zesnul\u00e9 matky vyhodila nov\u00e1","og_url":"https:\/\/mybook.am\/?p=26654","article_published_time":"2026-03-16T04:53:44+00:00","article_modified_time":"2026-03-16T04:53:45+00:00","og_image":[{"width":639,"height":768,"url":"https:\/\/mybook.am\/wp-content\/uploads\/2026\/03\/4568465.jpg","type":"image\/jpeg"}],"author":"admin","twitter_card":"summary_large_image","twitter_misc":{"\u041d\u0430\u043f\u0438\u0441\u0430\u043d\u043e \u0430\u0432\u0442\u043e\u0440\u043e\u043c":"admin","\u041f\u0440\u0438\u043c\u0435\u0440\u043d\u043e\u0435 \u0432\u0440\u0435\u043c\u044f \u0434\u043b\u044f \u0447\u0442\u0435\u043d\u0438\u044f":"4 \u043c\u0438\u043d\u0443\u0442\u044b"},"schema":{"@context":"https:\/\/schema.org","@graph":[{"@type":"Article","@id":"https:\/\/mybook.am\/?p=26654#article","isPartOf":{"@id":"https:\/\/mybook.am\/?p=26654"},"author":{"name":"admin","@id":"https:\/\/mybook.am\/#\/schema\/person\/e730847942cff3a199774e803916e97e"},"headline":"\u010cerven\u00e1 nit tr\u010dela z popelnice \u2014 pr\u00e1v\u011b tak \u0161estn\u00e1ctilet\u00e1 d\u00edvka zjistila, \u017ee d\u00e1rek, kter\u00fd s l\u00e1skou vytvo\u0159ila pro sv\u00e9ho mal\u00e9ho bratra, skon\u010dil mezi odpadky.","datePublished":"2026-03-16T04:53:44+00:00","dateModified":"2026-03-16T04:53:45+00:00","mainEntityOfPage":{"@id":"https:\/\/mybook.am\/?p=26654"},"wordCount":824,"commentCount":0,"image":{"@id":"https:\/\/mybook.am\/?p=26654#primaryimage"},"thumbnailUrl":"https:\/\/mybook.am\/wp-content\/uploads\/2026\/03\/4568465.jpg","articleSection":["\u010cesk\u00e1"],"inLanguage":"ru-RU","potentialAction":[{"@type":"CommentAction","name":"Comment","target":["https:\/\/mybook.am\/?p=26654#respond"]}]},{"@type":"WebPage","@id":"https:\/\/mybook.am\/?p=26654","url":"https:\/\/mybook.am\/?p=26654","name":"\u010cerven\u00e1 nit tr\u010dela z popelnice \u2014 pr\u00e1v\u011b tak \u0161estn\u00e1ctilet\u00e1 d\u00edvka zjistila, \u017ee d\u00e1rek, kter\u00fd s l\u00e1skou vytvo\u0159ila pro sv\u00e9ho mal\u00e9ho bratra, skon\u010dil mezi odpadky. -","isPartOf":{"@id":"https:\/\/mybook.am\/#website"},"primaryImageOfPage":{"@id":"https:\/\/mybook.am\/?p=26654#primaryimage"},"image":{"@id":"https:\/\/mybook.am\/?p=26654#primaryimage"},"thumbnailUrl":"https:\/\/mybook.am\/wp-content\/uploads\/2026\/03\/4568465.jpg","datePublished":"2026-03-16T04:53:44+00:00","dateModified":"2026-03-16T04:53:45+00:00","author":{"@id":"https:\/\/mybook.am\/#\/schema\/person\/e730847942cff3a199774e803916e97e"},"breadcrumb":{"@id":"https:\/\/mybook.am\/?p=26654#breadcrumb"},"inLanguage":"ru-RU","potentialAction":[{"@type":"ReadAction","target":["https:\/\/mybook.am\/?p=26654"]}]},{"@type":"ImageObject","inLanguage":"ru-RU","@id":"https:\/\/mybook.am\/?p=26654#primaryimage","url":"https:\/\/mybook.am\/wp-content\/uploads\/2026\/03\/4568465.jpg","contentUrl":"https:\/\/mybook.am\/wp-content\/uploads\/2026\/03\/4568465.jpg","width":639,"height":768},{"@type":"BreadcrumbList","@id":"https:\/\/mybook.am\/?p=26654#breadcrumb","itemListElement":[{"@type":"ListItem","position":1,"name":"\u0413\u043b\u0430\u0432\u043d\u0430\u044f \u0441\u0442\u0440\u0430\u043d\u0438\u0446\u0430","item":"https:\/\/mybook.am\/"},{"@type":"ListItem","position":2,"name":"\u010cerven\u00e1 nit tr\u010dela z popelnice \u2014 pr\u00e1v\u011b tak \u0161estn\u00e1ctilet\u00e1 d\u00edvka zjistila, \u017ee d\u00e1rek, kter\u00fd s l\u00e1skou vytvo\u0159ila pro sv\u00e9ho mal\u00e9ho bratra, skon\u010dil mezi odpadky."}]},{"@type":"WebSite","@id":"https:\/\/mybook.am\/#website","url":"https:\/\/mybook.am\/","name":"","description":"","potentialAction":[{"@type":"SearchAction","target":{"@type":"EntryPoint","urlTemplate":"https:\/\/mybook.am\/?s={search_term_string}"},"query-input":{"@type":"PropertyValueSpecification","valueRequired":true,"valueName":"search_term_string"}}],"inLanguage":"ru-RU"},{"@type":"Person","@id":"https:\/\/mybook.am\/#\/schema\/person\/e730847942cff3a199774e803916e97e","name":"admin","image":{"@type":"ImageObject","inLanguage":"ru-RU","@id":"https:\/\/secure.gravatar.com\/avatar\/df64e550a0653b7be0f1bcf897f33faad9c2c8153472b2d9319beafb51370f6f?s=96&d=mm&r=g","url":"https:\/\/secure.gravatar.com\/avatar\/df64e550a0653b7be0f1bcf897f33faad9c2c8153472b2d9319beafb51370f6f?s=96&d=mm&r=g","contentUrl":"https:\/\/secure.gravatar.com\/avatar\/df64e550a0653b7be0f1bcf897f33faad9c2c8153472b2d9319beafb51370f6f?s=96&d=mm&r=g","caption":"admin"},"sameAs":["http:\/\/mybook.am"],"url":"https:\/\/mybook.am\/?author=1"}]}},"views":181,"_links":{"self":[{"href":"https:\/\/mybook.am\/index.php?rest_route=\/wp\/v2\/posts\/26654","targetHints":{"allow":["GET"]}}],"collection":[{"href":"https:\/\/mybook.am\/index.php?rest_route=\/wp\/v2\/posts"}],"about":[{"href":"https:\/\/mybook.am\/index.php?rest_route=\/wp\/v2\/types\/post"}],"author":[{"embeddable":true,"href":"https:\/\/mybook.am\/index.php?rest_route=\/wp\/v2\/users\/1"}],"replies":[{"embeddable":true,"href":"https:\/\/mybook.am\/index.php?rest_route=%2Fwp%2Fv2%2Fcomments&post=26654"}],"version-history":[{"count":1,"href":"https:\/\/mybook.am\/index.php?rest_route=\/wp\/v2\/posts\/26654\/revisions"}],"predecessor-version":[{"id":26656,"href":"https:\/\/mybook.am\/index.php?rest_route=\/wp\/v2\/posts\/26654\/revisions\/26656"}],"wp:featuredmedia":[{"embeddable":true,"href":"https:\/\/mybook.am\/index.php?rest_route=\/wp\/v2\/media\/26655"}],"wp:attachment":[{"href":"https:\/\/mybook.am\/index.php?rest_route=%2Fwp%2Fv2%2Fmedia&parent=26654"}],"wp:term":[{"taxonomy":"category","embeddable":true,"href":"https:\/\/mybook.am\/index.php?rest_route=%2Fwp%2Fv2%2Fcategories&post=26654"},{"taxonomy":"post_tag","embeddable":true,"href":"https:\/\/mybook.am\/index.php?rest_route=%2Fwp%2Fv2%2Ftags&post=26654"}],"curies":[{"name":"wp","href":"https:\/\/api.w.org\/{rel}","templated":true}]}}