{"id":26694,"date":"2026-03-17T13:15:17","date_gmt":"2026-03-17T10:15:17","guid":{"rendered":"https:\/\/mybook.am\/?p=26694"},"modified":"2026-03-17T13:15:18","modified_gmt":"2026-03-17T10:15:18","slug":"dite-zacalo-kricet-tak-jako-by-jeho-male-telo-nevydrzelo-vlastni-bolest-a-behem-vteriny-uz-zena-bezela-s-vnukem-do-nemocnice-aniz-by-za-sebou-zavrela-dvere","status":"publish","type":"post","link":"https:\/\/mybook.am\/?p=26694","title":{"rendered":"D\u00edt\u011b za\u010dalo k\u0159i\u010det tak, jako by jeho mal\u00e9 t\u011blo nevydr\u017eelo vlastn\u00ed bolest \u2014 a b\u011bhem vte\u0159iny u\u017e \u017eena b\u011b\u017eela s vnukem do nemocnice, ani\u017e by za sebou zav\u0159ela dve\u0159e."},"content":{"rendered":"\n<p>Stalo se to ve chv\u00edli, kdy z\u016fstala sama s dvoum\u011bs\u00ed\u010dn\u00edm chlapcem, a to, co objevila pod jeho oble\u010den\u00edm, j\u00ed \u00fapln\u011b vymazalo sv\u011bt z hlavy.<\/p>\n\n\n\n<figure class=\"wp-block-image size-full is-resized\"><img loading=\"lazy\" decoding=\"async\" width=\"526\" height=\"526\" src=\"https:\/\/mybook.am\/wp-content\/uploads\/2026\/03\/79846548765.jpg\" alt=\"\" class=\"wp-image-26695\" style=\"width:583px;height:auto\" srcset=\"https:\/\/mybook.am\/wp-content\/uploads\/2026\/03\/79846548765.jpg 526w, https:\/\/mybook.am\/wp-content\/uploads\/2026\/03\/79846548765-300x300.jpg 300w, https:\/\/mybook.am\/wp-content\/uploads\/2026\/03\/79846548765-150x150.jpg 150w\" sizes=\"auto, (max-width: 526px) 100vw, 526px\" \/><\/figure>\n\n\n\n<p>Je\u0161t\u011b p\u0159ed p\u00e1r minutami v\u0161echno p\u016fsobilo klidn\u011b. Mlad\u00ed rodi\u010de, Daniel a Megan, j\u00ed sv\u011b\u0159ili d\u00edt\u011b a po\u017e\u00e1dali ji, aby na n\u011bj chv\u00edli dohl\u00e9dla, zat\u00edmco si odsko\u010d\u00ed do n\u00e1kupn\u00edho centra. Vypadali vy\u010derpan\u011b \u2014 p\u0159esn\u011b tak, jak vypadaj\u00ed lid\u00e9 v prvn\u00edch m\u011bs\u00edc\u00edch rodi\u010dovstv\u00ed, kdy sp\u00e1nek p\u0159est\u00e1v\u00e1 existovat.<\/p>\n\n\n\n<p>Souhlasila bez v\u00e1h\u00e1n\u00ed.<\/p>\n\n\n\n<p>Jakmile se za nimi zav\u0159ely dve\u0159e, ticho v byt\u011b bylo a\u017e nep\u0159irozen\u00e9.<\/p>\n\n\n\n<p>A pak p\u0159i\u0161el ten k\u0159ik.<\/p>\n\n\n\n<p>Nebyl to oby\u010dejn\u00fd pl\u00e1\u010d. Ne hlad, ne nepohodl\u00ed. Byl to zvuk, kter\u00fd \u010dlov\u011bku sev\u0159e hru\u010f. D\u00edt\u011b k\u0159i\u010delo pronikav\u011b, zoufale, jako by se sna\u017eilo \u0159\u00edct n\u011bco, co slovy \u0159\u00edct nejde.<\/p>\n\n\n\n<p>Okam\u017eit\u011b k n\u011bmu p\u0159ib\u011bhla.<\/p>\n\n\n\n<p>Tv\u00e1\u0159 mal\u00e9ho z\u010dervenala, dech se trhal, drobn\u00e9 prsty sev\u0159en\u00e9 tak siln\u011b, a\u017e zb\u011blely klouby. Proh\u00fdbal se, jako by se cht\u011bl vysmeknout vlastn\u00ed bolesti.<\/p>\n\n\n\n<p>Polo\u017eila ho na p\u0159ebalovac\u00ed pult, sna\u017eila se mluvit klidn\u011b, ale hlas ji zrazoval.<\/p>\n\n\n\n<p>Rozepnula over\u00e1lek.<\/p>\n\n\n\n<p>Zvedla l\u00e1tku.<\/p>\n\n\n\n<p>A v ten moment se v\u0161echno zastavilo.<\/p>\n\n\n\n<p>Na jeho b\u0159\u00ed\u0161ku \u2014 t\u011bsn\u011b nad okrajem plenky \u2014 se r\u00fdsoval tmav\u011b fialov\u00fd otisk. Nebyla to jen mod\u0159ina. Byly to jasn\u00e9, z\u0159eteln\u00e9 otisky prst\u016f. P\u0159\u00edli\u0161 p\u0159esn\u00e9 na n\u00e1hodu. P\u0159\u00edli\u0161 hlubok\u00e9 na to, aby se daly vysv\u011btlit jinak.<\/p>\n\n\n\n<p>N\u011bkdo to d\u00edt\u011b sev\u0159el tak siln\u011b, \u017ee jeho k\u016f\u017ee zachytila tvar ciz\u00ed ruky.<\/p>\n\n\n\n<p>Nevyk\u0159ikla.<\/p>\n\n\n\n<p>Nezavolala synovi.<\/p>\n\n\n\n<p>Ne\u0159e\u0161ila to.<\/p>\n\n\n\n<p>Popadla d\u00edt\u011b, zabalila ho do prvn\u00ed deky, kterou na\u0161la, a vyb\u011bhla z bytu.<\/p>\n\n\n\n<p>Na schodech m\u00e1lem upadla, ale nezastavila se.<\/p>\n\n\n\n<p>Ruce se j\u00ed t\u0159\u00e1sly tak, \u017ee sotva dok\u00e1zala oto\u010dit kl\u00ed\u010dem v zapalov\u00e1n\u00ed. D\u00edt\u011b u\u017e nek\u0159i\u010delo tak hlasit\u011b \u2014 a pr\u00e1v\u011b to bylo je\u0161t\u011b d\u011bsiv\u011bj\u0161\u00ed.<\/p>\n\n\n\n<p>Cesta do nemocnice se zd\u00e1la nekone\u010dn\u00e1.<\/p>\n\n\n\n<p>Ka\u017ed\u00e1 vte\u0159ina bolela.<\/p>\n\n\n\n<p>Ka\u017ed\u00e1 my\u0161lenka byla hor\u0161\u00ed ne\u017e ta p\u0159edchoz\u00ed.<\/p>\n\n\n\n<p>\u201eTo nen\u00ed mo\u017en\u00e9\u2026 ur\u010dit\u011b se m\u00fdl\u00edm\u2026 to nemohli ud\u011blat oni\u2026\u201c<\/p>\n\n\n\n<p>Jen\u017ee uvnit\u0159 u\u017e rostlo n\u011bco jin\u00e9ho. T\u011b\u017ek\u00e9, chladn\u00e9 podez\u0159en\u00ed.<\/p>\n\n\n\n<p>Na urgentu si d\u00edt\u011b p\u0159evzali okam\u017eit\u011b.<\/p>\n\n\n\n<p>Bez \u010dek\u00e1n\u00ed.<\/p>\n\n\n\n<p>Bez vysv\u011btlov\u00e1n\u00ed.<\/p>\n\n\n\n<p>Sta\u010dil jedin\u00fd pohled.<\/p>\n\n\n\n<p>Sestra se na ni pod\u00edvala zp\u016fsobem, kter\u00fd ne\u0161lo p\u0159ehl\u00e9dnout.<\/p>\n\n\n\n<p>\u2014 Kdo byl s d\u00edt\u011btem? \u2014 zazn\u011bla ot\u00e1zka.<\/p>\n\n\n\n<p>A tehdy se v\u0161echno zlomilo.<\/p>\n\n\n\n<p>Proto\u017ee poprv\u00e9 musela p\u0159estat myslet jen na bolest d\u00edt\u011bte\u2026 a za\u010d\u00edt p\u0159em\u00fd\u0161let, kdo ji zp\u016fsobil.<\/p>\n\n\n\n<p>Telefon v jej\u00ed dlani se rozvibroval.<\/p>\n\n\n\n<p>Na displeji sv\u00edtilo jm\u00e9no jej\u00edho syna.<\/p>\n\n\n\n<p>D\u00edvala se na n\u011bj, ale hovor nep\u0159ijala.<\/p>\n\n\n\n<p>Proto\u017ee te\u010f u\u017e ne\u0161lo o to, co se stalo.<\/p>\n\n\n\n<p>Ale o to, co ud\u011bl\u00e1 ve chv\u00edli, kdy se podez\u0159en\u00ed zm\u011bn\u00ed v jistotu.<\/p>\n","protected":false},"excerpt":{"rendered":"Stalo se to ve chv\u00edli, kdy z\u016fstala sama s dvoum\u011bs\u00ed\u010dn\u00edm chlapcem, a to, co objevila pod jeho oble\u010den\u00edm, j\u00ed \u00fapln\u011b vymazalo sv\u011bt z \n<a class=\"moretag\" href=\"https:\/\/mybook.am\/?p=26694\"> [...]<\/a>","protected":false},"author":1,"featured_media":26695,"comment_status":"open","ping_status":"open","sticky":false,"template":"","format":"standard","meta":{"footnotes":""},"categories":[1],"tags":[],"class_list":["post-26694","post","type-post","status-publish","format-standard","has-post-thumbnail","hentry","category-ceska"],"yoast_head":"<!-- This site is optimized with the Yoast SEO plugin v27.5 - https:\/\/yoast.com\/product\/yoast-seo-wordpress\/ -->\n<title>D\u00edt\u011b za\u010dalo k\u0159i\u010det tak, jako by jeho mal\u00e9 t\u011blo nevydr\u017eelo vlastn\u00ed bolest \u2014 a b\u011bhem vte\u0159iny u\u017e \u017eena b\u011b\u017eela s vnukem do nemocnice, ani\u017e by za sebou zav\u0159ela dve\u0159e. -<\/title>\n<meta name=\"robots\" content=\"index, follow, max-snippet:-1, max-image-preview:large, max-video-preview:-1\" \/>\n<link rel=\"canonical\" href=\"https:\/\/mybook.am\/?p=26694\" \/>\n<meta property=\"og:locale\" content=\"ru_RU\" \/>\n<meta property=\"og:type\" content=\"article\" \/>\n<meta property=\"og:title\" content=\"D\u00edt\u011b za\u010dalo k\u0159i\u010det tak, jako by jeho mal\u00e9 t\u011blo nevydr\u017eelo vlastn\u00ed bolest \u2014 a b\u011bhem vte\u0159iny u\u017e \u017eena b\u011b\u017eela s vnukem do nemocnice, ani\u017e by za sebou zav\u0159ela dve\u0159e. -\" \/>\n<meta property=\"og:description\" content=\"Stalo se to ve chv\u00edli, kdy z\u016fstala sama s dvoum\u011bs\u00ed\u010dn\u00edm chlapcem, a to, co objevila pod jeho oble\u010den\u00edm, j\u00ed \u00fapln\u011b vymazalo sv\u011bt z\" \/>\n<meta property=\"og:url\" content=\"https:\/\/mybook.am\/?p=26694\" \/>\n<meta property=\"article:published_time\" content=\"2026-03-17T10:15:17+00:00\" \/>\n<meta property=\"article:modified_time\" content=\"2026-03-17T10:15:18+00:00\" \/>\n<meta property=\"og:image\" content=\"https:\/\/mybook.am\/wp-content\/uploads\/2026\/03\/79846548765.jpg\" \/>\n\t<meta property=\"og:image:width\" content=\"526\" \/>\n\t<meta property=\"og:image:height\" content=\"526\" \/>\n\t<meta property=\"og:image:type\" content=\"image\/jpeg\" \/>\n<meta name=\"author\" content=\"admin\" \/>\n<meta name=\"twitter:card\" content=\"summary_large_image\" \/>\n<meta name=\"twitter:label1\" content=\"\u041d\u0430\u043f\u0438\u0441\u0430\u043d\u043e \u0430\u0432\u0442\u043e\u0440\u043e\u043c\" \/>\n\t<meta name=\"twitter:data1\" content=\"admin\" \/>\n\t<meta name=\"twitter:label2\" content=\"\u041f\u0440\u0438\u043c\u0435\u0440\u043d\u043e\u0435 \u0432\u0440\u0435\u043c\u044f \u0434\u043b\u044f \u0447\u0442\u0435\u043d\u0438\u044f\" \/>\n\t<meta name=\"twitter:data2\" content=\"3 \u043c\u0438\u043d\u0443\u0442\u044b\" \/>\n<script type=\"application\/ld+json\" class=\"yoast-schema-graph\">{\"@context\":\"https:\\\/\\\/schema.org\",\"@graph\":[{\"@type\":\"Article\",\"@id\":\"https:\\\/\\\/mybook.am\\\/?p=26694#article\",\"isPartOf\":{\"@id\":\"https:\\\/\\\/mybook.am\\\/?p=26694\"},\"author\":{\"name\":\"admin\",\"@id\":\"https:\\\/\\\/mybook.am\\\/#\\\/schema\\\/person\\\/e730847942cff3a199774e803916e97e\"},\"headline\":\"D\u00edt\u011b za\u010dalo k\u0159i\u010det tak, jako by jeho mal\u00e9 t\u011blo nevydr\u017eelo vlastn\u00ed bolest \u2014 a b\u011bhem vte\u0159iny u\u017e \u017eena b\u011b\u017eela s vnukem do nemocnice, ani\u017e by za sebou zav\u0159ela dve\u0159e.\",\"datePublished\":\"2026-03-17T10:15:17+00:00\",\"dateModified\":\"2026-03-17T10:15:18+00:00\",\"mainEntityOfPage\":{\"@id\":\"https:\\\/\\\/mybook.am\\\/?p=26694\"},\"wordCount\":579,\"commentCount\":0,\"image\":{\"@id\":\"https:\\\/\\\/mybook.am\\\/?p=26694#primaryimage\"},\"thumbnailUrl\":\"https:\\\/\\\/mybook.am\\\/wp-content\\\/uploads\\\/2026\\\/03\\\/79846548765.jpg\",\"articleSection\":[\"\u010cesk\u00e1\"],\"inLanguage\":\"ru-RU\",\"potentialAction\":[{\"@type\":\"CommentAction\",\"name\":\"Comment\",\"target\":[\"https:\\\/\\\/mybook.am\\\/?p=26694#respond\"]}]},{\"@type\":\"WebPage\",\"@id\":\"https:\\\/\\\/mybook.am\\\/?p=26694\",\"url\":\"https:\\\/\\\/mybook.am\\\/?p=26694\",\"name\":\"D\u00edt\u011b za\u010dalo k\u0159i\u010det tak, jako by jeho mal\u00e9 t\u011blo nevydr\u017eelo vlastn\u00ed bolest \u2014 a b\u011bhem vte\u0159iny u\u017e \u017eena b\u011b\u017eela s vnukem do nemocnice, ani\u017e by za sebou zav\u0159ela dve\u0159e. -\",\"isPartOf\":{\"@id\":\"https:\\\/\\\/mybook.am\\\/#website\"},\"primaryImageOfPage\":{\"@id\":\"https:\\\/\\\/mybook.am\\\/?p=26694#primaryimage\"},\"image\":{\"@id\":\"https:\\\/\\\/mybook.am\\\/?p=26694#primaryimage\"},\"thumbnailUrl\":\"https:\\\/\\\/mybook.am\\\/wp-content\\\/uploads\\\/2026\\\/03\\\/79846548765.jpg\",\"datePublished\":\"2026-03-17T10:15:17+00:00\",\"dateModified\":\"2026-03-17T10:15:18+00:00\",\"author\":{\"@id\":\"https:\\\/\\\/mybook.am\\\/#\\\/schema\\\/person\\\/e730847942cff3a199774e803916e97e\"},\"breadcrumb\":{\"@id\":\"https:\\\/\\\/mybook.am\\\/?p=26694#breadcrumb\"},\"inLanguage\":\"ru-RU\",\"potentialAction\":[{\"@type\":\"ReadAction\",\"target\":[\"https:\\\/\\\/mybook.am\\\/?p=26694\"]}]},{\"@type\":\"ImageObject\",\"inLanguage\":\"ru-RU\",\"@id\":\"https:\\\/\\\/mybook.am\\\/?p=26694#primaryimage\",\"url\":\"https:\\\/\\\/mybook.am\\\/wp-content\\\/uploads\\\/2026\\\/03\\\/79846548765.jpg\",\"contentUrl\":\"https:\\\/\\\/mybook.am\\\/wp-content\\\/uploads\\\/2026\\\/03\\\/79846548765.jpg\",\"width\":526,\"height\":526},{\"@type\":\"BreadcrumbList\",\"@id\":\"https:\\\/\\\/mybook.am\\\/?p=26694#breadcrumb\",\"itemListElement\":[{\"@type\":\"ListItem\",\"position\":1,\"name\":\"\u0413\u043b\u0430\u0432\u043d\u0430\u044f \u0441\u0442\u0440\u0430\u043d\u0438\u0446\u0430\",\"item\":\"https:\\\/\\\/mybook.am\\\/\"},{\"@type\":\"ListItem\",\"position\":2,\"name\":\"D\u00edt\u011b za\u010dalo k\u0159i\u010det tak, jako by jeho mal\u00e9 t\u011blo nevydr\u017eelo vlastn\u00ed bolest \u2014 a b\u011bhem vte\u0159iny u\u017e \u017eena b\u011b\u017eela s vnukem do nemocnice, ani\u017e by za sebou zav\u0159ela dve\u0159e.\"}]},{\"@type\":\"WebSite\",\"@id\":\"https:\\\/\\\/mybook.am\\\/#website\",\"url\":\"https:\\\/\\\/mybook.am\\\/\",\"name\":\"\",\"description\":\"\",\"potentialAction\":[{\"@type\":\"SearchAction\",\"target\":{\"@type\":\"EntryPoint\",\"urlTemplate\":\"https:\\\/\\\/mybook.am\\\/?s={search_term_string}\"},\"query-input\":{\"@type\":\"PropertyValueSpecification\",\"valueRequired\":true,\"valueName\":\"search_term_string\"}}],\"inLanguage\":\"ru-RU\"},{\"@type\":\"Person\",\"@id\":\"https:\\\/\\\/mybook.am\\\/#\\\/schema\\\/person\\\/e730847942cff3a199774e803916e97e\",\"name\":\"admin\",\"image\":{\"@type\":\"ImageObject\",\"inLanguage\":\"ru-RU\",\"@id\":\"https:\\\/\\\/secure.gravatar.com\\\/avatar\\\/df64e550a0653b7be0f1bcf897f33faad9c2c8153472b2d9319beafb51370f6f?s=96&d=mm&r=g\",\"url\":\"https:\\\/\\\/secure.gravatar.com\\\/avatar\\\/df64e550a0653b7be0f1bcf897f33faad9c2c8153472b2d9319beafb51370f6f?s=96&d=mm&r=g\",\"contentUrl\":\"https:\\\/\\\/secure.gravatar.com\\\/avatar\\\/df64e550a0653b7be0f1bcf897f33faad9c2c8153472b2d9319beafb51370f6f?s=96&d=mm&r=g\",\"caption\":\"admin\"},\"sameAs\":[\"http:\\\/\\\/mybook.am\"],\"url\":\"https:\\\/\\\/mybook.am\\\/?author=1\"}]}<\/script>\n<!-- \/ Yoast SEO plugin. -->","yoast_head_json":{"title":"D\u00edt\u011b za\u010dalo k\u0159i\u010det tak, jako by jeho mal\u00e9 t\u011blo nevydr\u017eelo vlastn\u00ed bolest \u2014 a b\u011bhem vte\u0159iny u\u017e \u017eena b\u011b\u017eela s vnukem do nemocnice, ani\u017e by za sebou zav\u0159ela dve\u0159e. -","robots":{"index":"index","follow":"follow","max-snippet":"max-snippet:-1","max-image-preview":"max-image-preview:large","max-video-preview":"max-video-preview:-1"},"canonical":"https:\/\/mybook.am\/?p=26694","og_locale":"ru_RU","og_type":"article","og_title":"D\u00edt\u011b za\u010dalo k\u0159i\u010det tak, jako by jeho mal\u00e9 t\u011blo nevydr\u017eelo vlastn\u00ed bolest \u2014 a b\u011bhem vte\u0159iny u\u017e \u017eena b\u011b\u017eela s vnukem do nemocnice, ani\u017e by za sebou zav\u0159ela dve\u0159e. -","og_description":"Stalo se to ve chv\u00edli, kdy z\u016fstala sama s dvoum\u011bs\u00ed\u010dn\u00edm chlapcem, a to, co objevila pod jeho oble\u010den\u00edm, j\u00ed \u00fapln\u011b vymazalo sv\u011bt z","og_url":"https:\/\/mybook.am\/?p=26694","article_published_time":"2026-03-17T10:15:17+00:00","article_modified_time":"2026-03-17T10:15:18+00:00","og_image":[{"width":526,"height":526,"url":"https:\/\/mybook.am\/wp-content\/uploads\/2026\/03\/79846548765.jpg","type":"image\/jpeg"}],"author":"admin","twitter_card":"summary_large_image","twitter_misc":{"\u041d\u0430\u043f\u0438\u0441\u0430\u043d\u043e \u0430\u0432\u0442\u043e\u0440\u043e\u043c":"admin","\u041f\u0440\u0438\u043c\u0435\u0440\u043d\u043e\u0435 \u0432\u0440\u0435\u043c\u044f \u0434\u043b\u044f \u0447\u0442\u0435\u043d\u0438\u044f":"3 \u043c\u0438\u043d\u0443\u0442\u044b"},"schema":{"@context":"https:\/\/schema.org","@graph":[{"@type":"Article","@id":"https:\/\/mybook.am\/?p=26694#article","isPartOf":{"@id":"https:\/\/mybook.am\/?p=26694"},"author":{"name":"admin","@id":"https:\/\/mybook.am\/#\/schema\/person\/e730847942cff3a199774e803916e97e"},"headline":"D\u00edt\u011b za\u010dalo k\u0159i\u010det tak, jako by jeho mal\u00e9 t\u011blo nevydr\u017eelo vlastn\u00ed bolest \u2014 a b\u011bhem vte\u0159iny u\u017e \u017eena b\u011b\u017eela s vnukem do nemocnice, ani\u017e by za sebou zav\u0159ela dve\u0159e.","datePublished":"2026-03-17T10:15:17+00:00","dateModified":"2026-03-17T10:15:18+00:00","mainEntityOfPage":{"@id":"https:\/\/mybook.am\/?p=26694"},"wordCount":579,"commentCount":0,"image":{"@id":"https:\/\/mybook.am\/?p=26694#primaryimage"},"thumbnailUrl":"https:\/\/mybook.am\/wp-content\/uploads\/2026\/03\/79846548765.jpg","articleSection":["\u010cesk\u00e1"],"inLanguage":"ru-RU","potentialAction":[{"@type":"CommentAction","name":"Comment","target":["https:\/\/mybook.am\/?p=26694#respond"]}]},{"@type":"WebPage","@id":"https:\/\/mybook.am\/?p=26694","url":"https:\/\/mybook.am\/?p=26694","name":"D\u00edt\u011b za\u010dalo k\u0159i\u010det tak, jako by jeho mal\u00e9 t\u011blo nevydr\u017eelo vlastn\u00ed bolest \u2014 a b\u011bhem vte\u0159iny u\u017e \u017eena b\u011b\u017eela s vnukem do nemocnice, ani\u017e by za sebou zav\u0159ela dve\u0159e. -","isPartOf":{"@id":"https:\/\/mybook.am\/#website"},"primaryImageOfPage":{"@id":"https:\/\/mybook.am\/?p=26694#primaryimage"},"image":{"@id":"https:\/\/mybook.am\/?p=26694#primaryimage"},"thumbnailUrl":"https:\/\/mybook.am\/wp-content\/uploads\/2026\/03\/79846548765.jpg","datePublished":"2026-03-17T10:15:17+00:00","dateModified":"2026-03-17T10:15:18+00:00","author":{"@id":"https:\/\/mybook.am\/#\/schema\/person\/e730847942cff3a199774e803916e97e"},"breadcrumb":{"@id":"https:\/\/mybook.am\/?p=26694#breadcrumb"},"inLanguage":"ru-RU","potentialAction":[{"@type":"ReadAction","target":["https:\/\/mybook.am\/?p=26694"]}]},{"@type":"ImageObject","inLanguage":"ru-RU","@id":"https:\/\/mybook.am\/?p=26694#primaryimage","url":"https:\/\/mybook.am\/wp-content\/uploads\/2026\/03\/79846548765.jpg","contentUrl":"https:\/\/mybook.am\/wp-content\/uploads\/2026\/03\/79846548765.jpg","width":526,"height":526},{"@type":"BreadcrumbList","@id":"https:\/\/mybook.am\/?p=26694#breadcrumb","itemListElement":[{"@type":"ListItem","position":1,"name":"\u0413\u043b\u0430\u0432\u043d\u0430\u044f \u0441\u0442\u0440\u0430\u043d\u0438\u0446\u0430","item":"https:\/\/mybook.am\/"},{"@type":"ListItem","position":2,"name":"D\u00edt\u011b za\u010dalo k\u0159i\u010det tak, jako by jeho mal\u00e9 t\u011blo nevydr\u017eelo vlastn\u00ed bolest \u2014 a b\u011bhem vte\u0159iny u\u017e \u017eena b\u011b\u017eela s vnukem do nemocnice, ani\u017e by za sebou zav\u0159ela dve\u0159e."}]},{"@type":"WebSite","@id":"https:\/\/mybook.am\/#website","url":"https:\/\/mybook.am\/","name":"","description":"","potentialAction":[{"@type":"SearchAction","target":{"@type":"EntryPoint","urlTemplate":"https:\/\/mybook.am\/?s={search_term_string}"},"query-input":{"@type":"PropertyValueSpecification","valueRequired":true,"valueName":"search_term_string"}}],"inLanguage":"ru-RU"},{"@type":"Person","@id":"https:\/\/mybook.am\/#\/schema\/person\/e730847942cff3a199774e803916e97e","name":"admin","image":{"@type":"ImageObject","inLanguage":"ru-RU","@id":"https:\/\/secure.gravatar.com\/avatar\/df64e550a0653b7be0f1bcf897f33faad9c2c8153472b2d9319beafb51370f6f?s=96&d=mm&r=g","url":"https:\/\/secure.gravatar.com\/avatar\/df64e550a0653b7be0f1bcf897f33faad9c2c8153472b2d9319beafb51370f6f?s=96&d=mm&r=g","contentUrl":"https:\/\/secure.gravatar.com\/avatar\/df64e550a0653b7be0f1bcf897f33faad9c2c8153472b2d9319beafb51370f6f?s=96&d=mm&r=g","caption":"admin"},"sameAs":["http:\/\/mybook.am"],"url":"https:\/\/mybook.am\/?author=1"}]}},"views":1736,"_links":{"self":[{"href":"https:\/\/mybook.am\/index.php?rest_route=\/wp\/v2\/posts\/26694","targetHints":{"allow":["GET"]}}],"collection":[{"href":"https:\/\/mybook.am\/index.php?rest_route=\/wp\/v2\/posts"}],"about":[{"href":"https:\/\/mybook.am\/index.php?rest_route=\/wp\/v2\/types\/post"}],"author":[{"embeddable":true,"href":"https:\/\/mybook.am\/index.php?rest_route=\/wp\/v2\/users\/1"}],"replies":[{"embeddable":true,"href":"https:\/\/mybook.am\/index.php?rest_route=%2Fwp%2Fv2%2Fcomments&post=26694"}],"version-history":[{"count":1,"href":"https:\/\/mybook.am\/index.php?rest_route=\/wp\/v2\/posts\/26694\/revisions"}],"predecessor-version":[{"id":26696,"href":"https:\/\/mybook.am\/index.php?rest_route=\/wp\/v2\/posts\/26694\/revisions\/26696"}],"wp:featuredmedia":[{"embeddable":true,"href":"https:\/\/mybook.am\/index.php?rest_route=\/wp\/v2\/media\/26695"}],"wp:attachment":[{"href":"https:\/\/mybook.am\/index.php?rest_route=%2Fwp%2Fv2%2Fmedia&parent=26694"}],"wp:term":[{"taxonomy":"category","embeddable":true,"href":"https:\/\/mybook.am\/index.php?rest_route=%2Fwp%2Fv2%2Fcategories&post=26694"},{"taxonomy":"post_tag","embeddable":true,"href":"https:\/\/mybook.am\/index.php?rest_route=%2Fwp%2Fv2%2Ftags&post=26694"}],"curies":[{"name":"wp","href":"https:\/\/api.w.org\/{rel}","templated":true}]}}