{"id":26760,"date":"2026-03-19T07:11:14","date_gmt":"2026-03-19T04:11:14","guid":{"rendered":"https:\/\/mybook.am\/?p=26760"},"modified":"2026-03-19T07:11:15","modified_gmt":"2026-03-19T04:11:15","slug":"nesahejte-na-to-to-je-tatuv-privesek-vykrik-prorizl-hluk-ulice-tak-ostre-ze-se-lide-otocili","status":"publish","type":"post","link":"https:\/\/mybook.am\/?p=26760","title":{"rendered":"\u201eNesahejte na to, to je t\u00e1t\u016fv p\u0159\u00edv\u011bsek!\u201c \u2014 v\u00fdk\u0159ik pro\u0159\u00edzl hluk ulice tak ost\u0159e, \u017ee se lid\u00e9 oto\u010dili."},"content":{"rendered":"\n<p class=\"has-medium-font-size\">V centru Kyjeva, pod prudk\u00fdm de\u0161t\u011bm, mal\u00e1 d\u00edvka sv\u00edrala t\u011b\u017ek\u00e9 zlato a naproti n\u00ed st\u00e1l mu\u017e, kter\u00fd n\u00e1hle p\u0159estal d\u00fdchat. Na p\u0159\u00edv\u011bsku byla jeho inici\u00e1la.<\/p>\n\n\n\n<figure class=\"wp-block-image size-full\"><img loading=\"lazy\" decoding=\"async\" width=\"600\" height=\"600\" src=\"https:\/\/mybook.am\/wp-content\/uploads\/2026\/03\/46548946.jpg\" alt=\"\" class=\"wp-image-26761\" srcset=\"https:\/\/mybook.am\/wp-content\/uploads\/2026\/03\/46548946.jpg 600w, https:\/\/mybook.am\/wp-content\/uploads\/2026\/03\/46548946-300x300.jpg 300w, https:\/\/mybook.am\/wp-content\/uploads\/2026\/03\/46548946-150x150.jpg 150w\" sizes=\"auto, (max-width: 600px) 100vw, 600px\" \/><\/figure>\n\n\n\n<p class=\"has-medium-font-size\">Je\u0161t\u011b p\u0159ed chv\u00edl\u00ed bylo v\u0161echno jinak.<\/p>\n\n\n\n<p class=\"has-medium-font-size\">Kyril Voronov, milion\u00e1\u0159 a majitel velk\u00e9 IT spole\u010dnosti, sed\u011bl ve sv\u00e9m luxusn\u00edm SUV, uv\u011bzn\u011bn\u00fd v dopravn\u00ed z\u00e1cp\u011b. V hlav\u011b m\u011bl jen jednu v\u011bc: snoubenku, kter\u00e1 mu pr\u00e1v\u011b ozn\u00e1mila t\u011bhotenstv\u00ed a tla\u010dila na rychlou svatbu.<\/p>\n\n\n\n<p class=\"has-medium-font-size\">Pak ale v\u0161echno zm\u011bnil jeden pohled.<\/p>\n\n\n\n<p class=\"has-medium-font-size\">Skrz zaml\u017een\u00e9 sklo si v\u0161iml mal\u00e9 postavy. D\u00edvka. Sama. V de\u0161ti. P\u0159\u00edli\u0161 lehce oble\u010den\u00e1, p\u0159\u00edli\u0161 rychle kr\u00e1\u010dela, t\u00e9m\u011b\u0159 ut\u00edkala.<\/p>\n\n\n\n<p class=\"has-medium-font-size\">A pak ten z\u00e1blesk.<\/p>\n\n\n\n<p class=\"has-medium-font-size\">Na jej\u00edm krku se leskl p\u0159\u00edv\u011bsek.<\/p>\n\n\n\n<p class=\"has-medium-font-size\">T\u011b\u017ek\u00e9 zlato. Rodov\u00fd znak. Monogram \u201eK.V.\u201c.<\/p>\n\n\n\n<p class=\"has-medium-font-size\">Voronov zbledl.<\/p>\n\n\n\n<p class=\"has-medium-font-size\">Ten p\u0159\u00edv\u011bsek zmizel p\u0159ed sedmi lety. Tu noc. V hotelu. Po \u017een\u011b, jej\u00ed\u017e jm\u00e9no si ani nepamatoval.<\/p>\n\n\n\n<p class=\"has-medium-font-size\">Auto je\u0161t\u011b nezastavilo, kdy\u017e vysko\u010dil ven.<\/p>\n\n\n\n<p class=\"has-medium-font-size\">\u0158idi\u010di troubili. Lid\u00e9 k\u0159i\u010deli. On ale nesly\u0161el nic.<\/p>\n\n\n\n<p class=\"has-medium-font-size\">Chytil d\u00edvku za rameno.<\/p>\n\n\n\n<p class=\"has-medium-font-size\">\u201eOdkud to m\u00e1\u0161?!\u201c vyhrkl.<\/p>\n\n\n\n<p class=\"has-medium-font-size\">D\u00edvka ucukla a pevn\u011b sev\u0159ela p\u0159\u00edv\u011bsek v dlan\u00edch.<\/p>\n\n\n\n<p class=\"has-medium-font-size\">\u201eNesahejte! To je po m\u00e9m t\u00e1tovi!\u201c vyk\u0159ikla se slzami v o\u010d\u00edch.<\/p>\n\n\n\n<p class=\"has-medium-font-size\">Ta slova ho zas\u00e1hla tvrd\u011bji ne\u017e r\u00e1na.<\/p>\n\n\n\n<p class=\"has-medium-font-size\">Po m\u00e9m t\u00e1tovi.<\/p>\n\n\n\n<p class=\"has-medium-font-size\">Kyril ztuhl.<\/p>\n\n\n\n<p class=\"has-medium-font-size\">Uvnit\u0159 se mu v\u0161echno sev\u0159elo.<\/p>\n\n\n\n<p class=\"has-medium-font-size\">\u201eKde je tv\u016fj otec?\u201c zeptal se ti\u0161e.<\/p>\n\n\n\n<p class=\"has-medium-font-size\">D\u00edvka sklopila o\u010di.<\/p>\n\n\n\n<p class=\"has-medium-font-size\">\u201eU\u017e nen\u00ed\u2026\u201c odpov\u011bd\u011bla tak prost\u011b, a\u017e to bolelo.<\/p>\n\n\n\n<p class=\"has-medium-font-size\">Na okam\u017eik se sv\u011bt zastavil.<\/p>\n\n\n\n<p class=\"has-medium-font-size\">Voronov si v\u0161iml jej\u00edch t\u0159esouc\u00edch se rukou. Promokl\u00e9 bundy. Bot o \u010d\u00edslo v\u011bt\u0161\u00edch.<\/p>\n\n\n\n<p class=\"has-medium-font-size\">Nevypadala jako d\u00edt\u011b bohat\u00e9ho mu\u017ee.<\/p>\n\n\n\n<p class=\"has-medium-font-size\">Sp\u00ed\u0161 naopak.<\/p>\n\n\n\n<p class=\"has-medium-font-size\">\u201eKdo ti dal ten p\u0159\u00edv\u011bsek?\u201c zeptal se znovu, klidn\u011bji.<\/p>\n\n\n\n<p class=\"has-medium-font-size\">D\u00edvka zavrt\u011bla hlavou.<\/p>\n\n\n\n<p class=\"has-medium-font-size\">\u201eM\u00e1ma \u0159\u00edkala\u2026 \u017ee je to jedin\u00e9, co po n\u011bm z\u016fstalo.\u201c<\/p>\n\n\n\n<p class=\"has-medium-font-size\">V tu chv\u00edli v n\u011bm n\u011bco prasklo.<\/p>\n\n\n\n<p class=\"has-medium-font-size\">Sedm let zp\u00e1tky. Noc. Pen\u00edze odhozen\u00e9 na no\u010dn\u00ed stolek. \u017dena, kterou ani necht\u011bl poznat.<\/p>\n\n\n\n<p class=\"has-medium-font-size\">Myslel si, \u017ee to t\u00edm skon\u010dilo.<\/p>\n\n\n\n<p class=\"has-medium-font-size\">Ale neskon\u010dilo.<\/p>\n\n\n\n<p class=\"has-medium-font-size\">\u201eKde je tvoje m\u00e1ma?\u201c jeho hlas zhrubl.<\/p>\n\n\n\n<p class=\"has-medium-font-size\">\u201eV nemocnici\u2026\u201c za\u0161eptala. \u201eJe j\u00ed \u0161patn\u011b.\u201c<\/p>\n\n\n\n<p class=\"has-medium-font-size\">Kyril se narovnal.<\/p>\n\n\n\n<p class=\"has-medium-font-size\">Realita ho zas\u00e1hla jako studen\u00e1 vlna.<\/p>\n\n\n\n<p class=\"has-medium-font-size\">Tohle nebylo n\u00e1hodn\u00e9 setk\u00e1n\u00ed.<\/p>\n\n\n\n<p class=\"has-medium-font-size\">Tohle byla minulost, kterou se pokusil zaplatit a zapomenout.<\/p>\n\n\n\n<p class=\"has-medium-font-size\">\u201eV\u00ed\u0161, jak se jmenoval tv\u016fj t\u00e1ta?\u201c zeptal se, t\u00e9m\u011b\u0159 se b\u00e1l odpov\u011bdi.<\/p>\n\n\n\n<p class=\"has-medium-font-size\">D\u00edvka se zamyslela.<\/p>\n\n\n\n<p class=\"has-medium-font-size\">\u201eM\u00e1ma \u0159\u00edkala\u2026 Kyril\u2026\u201c zarazila se. \u201eAle nev\u00edm jist\u011b.\u201c<\/p>\n\n\n\n<p class=\"has-medium-font-size\">V tu chv\u00edli v\u0161echno utichlo.<\/p>\n\n\n\n<p class=\"has-medium-font-size\">D\u00e9\u0161\u0165, hluk, ulice \u2014 nic neexistovalo.<\/p>\n\n\n\n<p class=\"has-medium-font-size\">Jen jedno jm\u00e9no, kter\u00e9 mu dun\u011blo v hlav\u011b.<\/p>\n\n\n\n<p class=\"has-medium-font-size\">Kyril.<\/p>\n\n\n\n<p class=\"has-medium-font-size\">Ustoupil o krok.<\/p>\n\n\n\n<p class=\"has-medium-font-size\">Poprv\u00e9 po letech nev\u011bd\u011bl, co d\u011blat.<\/p>\n\n\n\n<p class=\"has-medium-font-size\">Nev\u011bd\u011bl, jak to napravit.<\/p>\n\n\n\n<p class=\"has-medium-font-size\">A jestli to v\u016fbec jde.<\/p>\n\n\n\n<p class=\"has-medium-font-size\">D\u00edvka ud\u011blala krok zp\u011bt, jako by c\u00edtila nebezpe\u010d\u00ed.<\/p>\n\n\n\n<p class=\"has-medium-font-size\">\u201eJ\u00e1 p\u016fjdu\u2026\u201c za\u0161eptala a pevn\u011b sev\u0159ela p\u0159\u00edv\u011bsek.<\/p>\n\n\n\n<p class=\"has-medium-font-size\">A pr\u00e1v\u011b tehdy si uv\u011bdomil to nejd\u016fle\u017eit\u011bj\u0161\u00ed.<\/p>\n\n\n\n<p class=\"has-medium-font-size\">Pokud ji te\u010f nech\u00e1 odej\u00edt, nep\u0159ijde jen o odpov\u011b\u010f.<\/p>\n\n\n\n<p class=\"has-medium-font-size\">P\u0159ijde o \u010d\u00e1st sv\u00e9ho \u017eivota, o kter\u00e9 dosud nem\u011bl tu\u0161en\u00ed.<\/p>\n\n\n\n<p class=\"has-medium-font-size\">\u201ePo\u010dkej\u2026\u201c jeho hlas poprv\u00e9 nezn\u011bl jako rozkaz.<\/p>\n\n\n\n<p class=\"has-medium-font-size\">Zn\u011bl jako prosba.<\/p>\n\n\n\n<p class=\"has-medium-font-size\">A to byl okam\u017eik, kdy se v\u0161echno zm\u011bnilo.<\/p>\n\n\n\n<p class=\"has-medium-font-size\">Proto\u017ee n\u011bkdy sta\u010d\u00ed jedno setk\u00e1n\u00ed, aby se zhroutil cel\u00fd sv\u011bt, kter\u00fd jsi pova\u017eoval za jist\u00fd.<\/p>\n\n\n\n<p class=\"has-medium-font-size\">A donutilo t\u011b \u010delit pravd\u011b, p\u0159ed kterou u\u017e nen\u00ed \u00faniku.<\/p>\n","protected":false},"excerpt":{"rendered":"V centru Kyjeva, pod prudk\u00fdm de\u0161t\u011bm, mal\u00e1 d\u00edvka sv\u00edrala t\u011b\u017ek\u00e9 zlato a naproti n\u00ed st\u00e1l mu\u017e, kter\u00fd n\u00e1hle p\u0159estal d\u00fdchat. Na p\u0159\u00edv\u011bsku byla \n<a class=\"moretag\" href=\"https:\/\/mybook.am\/?p=26760\"> [...]<\/a>","protected":false},"author":1,"featured_media":26761,"comment_status":"open","ping_status":"open","sticky":false,"template":"","format":"standard","meta":{"footnotes":""},"categories":[1],"tags":[],"class_list":["post-26760","post","type-post","status-publish","format-standard","has-post-thumbnail","hentry","category-ceska"],"yoast_head":"<!-- This site is optimized with the Yoast SEO plugin v27.5 - https:\/\/yoast.com\/product\/yoast-seo-wordpress\/ -->\n<title>\u201eNesahejte na to, to je t\u00e1t\u016fv p\u0159\u00edv\u011bsek!\u201c \u2014 v\u00fdk\u0159ik pro\u0159\u00edzl hluk ulice tak ost\u0159e, \u017ee se lid\u00e9 oto\u010dili. -<\/title>\n<meta name=\"robots\" content=\"index, follow, max-snippet:-1, max-image-preview:large, max-video-preview:-1\" \/>\n<link rel=\"canonical\" href=\"https:\/\/mybook.am\/?p=26760\" \/>\n<meta property=\"og:locale\" content=\"ru_RU\" \/>\n<meta property=\"og:type\" content=\"article\" \/>\n<meta property=\"og:title\" content=\"\u201eNesahejte na to, to je t\u00e1t\u016fv p\u0159\u00edv\u011bsek!\u201c \u2014 v\u00fdk\u0159ik pro\u0159\u00edzl hluk ulice tak ost\u0159e, \u017ee se lid\u00e9 oto\u010dili. -\" \/>\n<meta property=\"og:description\" content=\"V centru Kyjeva, pod prudk\u00fdm de\u0161t\u011bm, mal\u00e1 d\u00edvka sv\u00edrala t\u011b\u017ek\u00e9 zlato a naproti n\u00ed st\u00e1l mu\u017e, kter\u00fd n\u00e1hle p\u0159estal d\u00fdchat. Na p\u0159\u00edv\u011bsku byla\" \/>\n<meta property=\"og:url\" content=\"https:\/\/mybook.am\/?p=26760\" \/>\n<meta property=\"article:published_time\" content=\"2026-03-19T04:11:14+00:00\" \/>\n<meta property=\"article:modified_time\" content=\"2026-03-19T04:11:15+00:00\" \/>\n<meta property=\"og:image\" content=\"https:\/\/mybook.am\/wp-content\/uploads\/2026\/03\/46548946.jpg\" \/>\n\t<meta property=\"og:image:width\" content=\"600\" \/>\n\t<meta property=\"og:image:height\" content=\"600\" \/>\n\t<meta property=\"og:image:type\" content=\"image\/jpeg\" \/>\n<meta name=\"author\" content=\"admin\" \/>\n<meta name=\"twitter:card\" content=\"summary_large_image\" \/>\n<meta name=\"twitter:label1\" content=\"\u041d\u0430\u043f\u0438\u0441\u0430\u043d\u043e \u0430\u0432\u0442\u043e\u0440\u043e\u043c\" \/>\n\t<meta name=\"twitter:data1\" content=\"admin\" \/>\n\t<meta name=\"twitter:label2\" content=\"\u041f\u0440\u0438\u043c\u0435\u0440\u043d\u043e\u0435 \u0432\u0440\u0435\u043c\u044f \u0434\u043b\u044f \u0447\u0442\u0435\u043d\u0438\u044f\" \/>\n\t<meta name=\"twitter:data2\" content=\"3 \u043c\u0438\u043d\u0443\u0442\u044b\" \/>\n<script type=\"application\/ld+json\" class=\"yoast-schema-graph\">{\"@context\":\"https:\\\/\\\/schema.org\",\"@graph\":[{\"@type\":\"Article\",\"@id\":\"https:\\\/\\\/mybook.am\\\/?p=26760#article\",\"isPartOf\":{\"@id\":\"https:\\\/\\\/mybook.am\\\/?p=26760\"},\"author\":{\"name\":\"admin\",\"@id\":\"https:\\\/\\\/mybook.am\\\/#\\\/schema\\\/person\\\/e730847942cff3a199774e803916e97e\"},\"headline\":\"\u201eNesahejte na to, to je t\u00e1t\u016fv p\u0159\u00edv\u011bsek!\u201c \u2014 v\u00fdk\u0159ik pro\u0159\u00edzl hluk ulice tak ost\u0159e, \u017ee se lid\u00e9 oto\u010dili.\",\"datePublished\":\"2026-03-19T04:11:14+00:00\",\"dateModified\":\"2026-03-19T04:11:15+00:00\",\"mainEntityOfPage\":{\"@id\":\"https:\\\/\\\/mybook.am\\\/?p=26760\"},\"wordCount\":647,\"commentCount\":0,\"image\":{\"@id\":\"https:\\\/\\\/mybook.am\\\/?p=26760#primaryimage\"},\"thumbnailUrl\":\"https:\\\/\\\/mybook.am\\\/wp-content\\\/uploads\\\/2026\\\/03\\\/46548946.jpg\",\"articleSection\":[\"\u010cesk\u00e1\"],\"inLanguage\":\"ru-RU\",\"potentialAction\":[{\"@type\":\"CommentAction\",\"name\":\"Comment\",\"target\":[\"https:\\\/\\\/mybook.am\\\/?p=26760#respond\"]}]},{\"@type\":\"WebPage\",\"@id\":\"https:\\\/\\\/mybook.am\\\/?p=26760\",\"url\":\"https:\\\/\\\/mybook.am\\\/?p=26760\",\"name\":\"\u201eNesahejte na to, to je t\u00e1t\u016fv p\u0159\u00edv\u011bsek!\u201c \u2014 v\u00fdk\u0159ik pro\u0159\u00edzl hluk ulice tak ost\u0159e, \u017ee se lid\u00e9 oto\u010dili. -\",\"isPartOf\":{\"@id\":\"https:\\\/\\\/mybook.am\\\/#website\"},\"primaryImageOfPage\":{\"@id\":\"https:\\\/\\\/mybook.am\\\/?p=26760#primaryimage\"},\"image\":{\"@id\":\"https:\\\/\\\/mybook.am\\\/?p=26760#primaryimage\"},\"thumbnailUrl\":\"https:\\\/\\\/mybook.am\\\/wp-content\\\/uploads\\\/2026\\\/03\\\/46548946.jpg\",\"datePublished\":\"2026-03-19T04:11:14+00:00\",\"dateModified\":\"2026-03-19T04:11:15+00:00\",\"author\":{\"@id\":\"https:\\\/\\\/mybook.am\\\/#\\\/schema\\\/person\\\/e730847942cff3a199774e803916e97e\"},\"breadcrumb\":{\"@id\":\"https:\\\/\\\/mybook.am\\\/?p=26760#breadcrumb\"},\"inLanguage\":\"ru-RU\",\"potentialAction\":[{\"@type\":\"ReadAction\",\"target\":[\"https:\\\/\\\/mybook.am\\\/?p=26760\"]}]},{\"@type\":\"ImageObject\",\"inLanguage\":\"ru-RU\",\"@id\":\"https:\\\/\\\/mybook.am\\\/?p=26760#primaryimage\",\"url\":\"https:\\\/\\\/mybook.am\\\/wp-content\\\/uploads\\\/2026\\\/03\\\/46548946.jpg\",\"contentUrl\":\"https:\\\/\\\/mybook.am\\\/wp-content\\\/uploads\\\/2026\\\/03\\\/46548946.jpg\",\"width\":600,\"height\":600},{\"@type\":\"BreadcrumbList\",\"@id\":\"https:\\\/\\\/mybook.am\\\/?p=26760#breadcrumb\",\"itemListElement\":[{\"@type\":\"ListItem\",\"position\":1,\"name\":\"\u0413\u043b\u0430\u0432\u043d\u0430\u044f \u0441\u0442\u0440\u0430\u043d\u0438\u0446\u0430\",\"item\":\"https:\\\/\\\/mybook.am\\\/\"},{\"@type\":\"ListItem\",\"position\":2,\"name\":\"\u201eNesahejte na to, to je t\u00e1t\u016fv p\u0159\u00edv\u011bsek!\u201c \u2014 v\u00fdk\u0159ik pro\u0159\u00edzl hluk ulice tak ost\u0159e, \u017ee se lid\u00e9 oto\u010dili.\"}]},{\"@type\":\"WebSite\",\"@id\":\"https:\\\/\\\/mybook.am\\\/#website\",\"url\":\"https:\\\/\\\/mybook.am\\\/\",\"name\":\"\",\"description\":\"\",\"potentialAction\":[{\"@type\":\"SearchAction\",\"target\":{\"@type\":\"EntryPoint\",\"urlTemplate\":\"https:\\\/\\\/mybook.am\\\/?s={search_term_string}\"},\"query-input\":{\"@type\":\"PropertyValueSpecification\",\"valueRequired\":true,\"valueName\":\"search_term_string\"}}],\"inLanguage\":\"ru-RU\"},{\"@type\":\"Person\",\"@id\":\"https:\\\/\\\/mybook.am\\\/#\\\/schema\\\/person\\\/e730847942cff3a199774e803916e97e\",\"name\":\"admin\",\"image\":{\"@type\":\"ImageObject\",\"inLanguage\":\"ru-RU\",\"@id\":\"https:\\\/\\\/secure.gravatar.com\\\/avatar\\\/df64e550a0653b7be0f1bcf897f33faad9c2c8153472b2d9319beafb51370f6f?s=96&d=mm&r=g\",\"url\":\"https:\\\/\\\/secure.gravatar.com\\\/avatar\\\/df64e550a0653b7be0f1bcf897f33faad9c2c8153472b2d9319beafb51370f6f?s=96&d=mm&r=g\",\"contentUrl\":\"https:\\\/\\\/secure.gravatar.com\\\/avatar\\\/df64e550a0653b7be0f1bcf897f33faad9c2c8153472b2d9319beafb51370f6f?s=96&d=mm&r=g\",\"caption\":\"admin\"},\"sameAs\":[\"http:\\\/\\\/mybook.am\"],\"url\":\"https:\\\/\\\/mybook.am\\\/?author=1\"}]}<\/script>\n<!-- \/ Yoast SEO plugin. -->","yoast_head_json":{"title":"\u201eNesahejte na to, to je t\u00e1t\u016fv p\u0159\u00edv\u011bsek!\u201c \u2014 v\u00fdk\u0159ik pro\u0159\u00edzl hluk ulice tak ost\u0159e, \u017ee se lid\u00e9 oto\u010dili. -","robots":{"index":"index","follow":"follow","max-snippet":"max-snippet:-1","max-image-preview":"max-image-preview:large","max-video-preview":"max-video-preview:-1"},"canonical":"https:\/\/mybook.am\/?p=26760","og_locale":"ru_RU","og_type":"article","og_title":"\u201eNesahejte na to, to je t\u00e1t\u016fv p\u0159\u00edv\u011bsek!\u201c \u2014 v\u00fdk\u0159ik pro\u0159\u00edzl hluk ulice tak ost\u0159e, \u017ee se lid\u00e9 oto\u010dili. -","og_description":"V centru Kyjeva, pod prudk\u00fdm de\u0161t\u011bm, mal\u00e1 d\u00edvka sv\u00edrala t\u011b\u017ek\u00e9 zlato a naproti n\u00ed st\u00e1l mu\u017e, kter\u00fd n\u00e1hle p\u0159estal d\u00fdchat. Na p\u0159\u00edv\u011bsku byla","og_url":"https:\/\/mybook.am\/?p=26760","article_published_time":"2026-03-19T04:11:14+00:00","article_modified_time":"2026-03-19T04:11:15+00:00","og_image":[{"width":600,"height":600,"url":"https:\/\/mybook.am\/wp-content\/uploads\/2026\/03\/46548946.jpg","type":"image\/jpeg"}],"author":"admin","twitter_card":"summary_large_image","twitter_misc":{"\u041d\u0430\u043f\u0438\u0441\u0430\u043d\u043e \u0430\u0432\u0442\u043e\u0440\u043e\u043c":"admin","\u041f\u0440\u0438\u043c\u0435\u0440\u043d\u043e\u0435 \u0432\u0440\u0435\u043c\u044f \u0434\u043b\u044f \u0447\u0442\u0435\u043d\u0438\u044f":"3 \u043c\u0438\u043d\u0443\u0442\u044b"},"schema":{"@context":"https:\/\/schema.org","@graph":[{"@type":"Article","@id":"https:\/\/mybook.am\/?p=26760#article","isPartOf":{"@id":"https:\/\/mybook.am\/?p=26760"},"author":{"name":"admin","@id":"https:\/\/mybook.am\/#\/schema\/person\/e730847942cff3a199774e803916e97e"},"headline":"\u201eNesahejte na to, to je t\u00e1t\u016fv p\u0159\u00edv\u011bsek!\u201c \u2014 v\u00fdk\u0159ik pro\u0159\u00edzl hluk ulice tak ost\u0159e, \u017ee se lid\u00e9 oto\u010dili.","datePublished":"2026-03-19T04:11:14+00:00","dateModified":"2026-03-19T04:11:15+00:00","mainEntityOfPage":{"@id":"https:\/\/mybook.am\/?p=26760"},"wordCount":647,"commentCount":0,"image":{"@id":"https:\/\/mybook.am\/?p=26760#primaryimage"},"thumbnailUrl":"https:\/\/mybook.am\/wp-content\/uploads\/2026\/03\/46548946.jpg","articleSection":["\u010cesk\u00e1"],"inLanguage":"ru-RU","potentialAction":[{"@type":"CommentAction","name":"Comment","target":["https:\/\/mybook.am\/?p=26760#respond"]}]},{"@type":"WebPage","@id":"https:\/\/mybook.am\/?p=26760","url":"https:\/\/mybook.am\/?p=26760","name":"\u201eNesahejte na to, to je t\u00e1t\u016fv p\u0159\u00edv\u011bsek!\u201c \u2014 v\u00fdk\u0159ik pro\u0159\u00edzl hluk ulice tak ost\u0159e, \u017ee se lid\u00e9 oto\u010dili. -","isPartOf":{"@id":"https:\/\/mybook.am\/#website"},"primaryImageOfPage":{"@id":"https:\/\/mybook.am\/?p=26760#primaryimage"},"image":{"@id":"https:\/\/mybook.am\/?p=26760#primaryimage"},"thumbnailUrl":"https:\/\/mybook.am\/wp-content\/uploads\/2026\/03\/46548946.jpg","datePublished":"2026-03-19T04:11:14+00:00","dateModified":"2026-03-19T04:11:15+00:00","author":{"@id":"https:\/\/mybook.am\/#\/schema\/person\/e730847942cff3a199774e803916e97e"},"breadcrumb":{"@id":"https:\/\/mybook.am\/?p=26760#breadcrumb"},"inLanguage":"ru-RU","potentialAction":[{"@type":"ReadAction","target":["https:\/\/mybook.am\/?p=26760"]}]},{"@type":"ImageObject","inLanguage":"ru-RU","@id":"https:\/\/mybook.am\/?p=26760#primaryimage","url":"https:\/\/mybook.am\/wp-content\/uploads\/2026\/03\/46548946.jpg","contentUrl":"https:\/\/mybook.am\/wp-content\/uploads\/2026\/03\/46548946.jpg","width":600,"height":600},{"@type":"BreadcrumbList","@id":"https:\/\/mybook.am\/?p=26760#breadcrumb","itemListElement":[{"@type":"ListItem","position":1,"name":"\u0413\u043b\u0430\u0432\u043d\u0430\u044f \u0441\u0442\u0440\u0430\u043d\u0438\u0446\u0430","item":"https:\/\/mybook.am\/"},{"@type":"ListItem","position":2,"name":"\u201eNesahejte na to, to je t\u00e1t\u016fv p\u0159\u00edv\u011bsek!\u201c \u2014 v\u00fdk\u0159ik pro\u0159\u00edzl hluk ulice tak ost\u0159e, \u017ee se lid\u00e9 oto\u010dili."}]},{"@type":"WebSite","@id":"https:\/\/mybook.am\/#website","url":"https:\/\/mybook.am\/","name":"","description":"","potentialAction":[{"@type":"SearchAction","target":{"@type":"EntryPoint","urlTemplate":"https:\/\/mybook.am\/?s={search_term_string}"},"query-input":{"@type":"PropertyValueSpecification","valueRequired":true,"valueName":"search_term_string"}}],"inLanguage":"ru-RU"},{"@type":"Person","@id":"https:\/\/mybook.am\/#\/schema\/person\/e730847942cff3a199774e803916e97e","name":"admin","image":{"@type":"ImageObject","inLanguage":"ru-RU","@id":"https:\/\/secure.gravatar.com\/avatar\/df64e550a0653b7be0f1bcf897f33faad9c2c8153472b2d9319beafb51370f6f?s=96&d=mm&r=g","url":"https:\/\/secure.gravatar.com\/avatar\/df64e550a0653b7be0f1bcf897f33faad9c2c8153472b2d9319beafb51370f6f?s=96&d=mm&r=g","contentUrl":"https:\/\/secure.gravatar.com\/avatar\/df64e550a0653b7be0f1bcf897f33faad9c2c8153472b2d9319beafb51370f6f?s=96&d=mm&r=g","caption":"admin"},"sameAs":["http:\/\/mybook.am"],"url":"https:\/\/mybook.am\/?author=1"}]}},"views":49,"_links":{"self":[{"href":"https:\/\/mybook.am\/index.php?rest_route=\/wp\/v2\/posts\/26760","targetHints":{"allow":["GET"]}}],"collection":[{"href":"https:\/\/mybook.am\/index.php?rest_route=\/wp\/v2\/posts"}],"about":[{"href":"https:\/\/mybook.am\/index.php?rest_route=\/wp\/v2\/types\/post"}],"author":[{"embeddable":true,"href":"https:\/\/mybook.am\/index.php?rest_route=\/wp\/v2\/users\/1"}],"replies":[{"embeddable":true,"href":"https:\/\/mybook.am\/index.php?rest_route=%2Fwp%2Fv2%2Fcomments&post=26760"}],"version-history":[{"count":1,"href":"https:\/\/mybook.am\/index.php?rest_route=\/wp\/v2\/posts\/26760\/revisions"}],"predecessor-version":[{"id":26763,"href":"https:\/\/mybook.am\/index.php?rest_route=\/wp\/v2\/posts\/26760\/revisions\/26763"}],"wp:featuredmedia":[{"embeddable":true,"href":"https:\/\/mybook.am\/index.php?rest_route=\/wp\/v2\/media\/26761"}],"wp:attachment":[{"href":"https:\/\/mybook.am\/index.php?rest_route=%2Fwp%2Fv2%2Fmedia&parent=26760"}],"wp:term":[{"taxonomy":"category","embeddable":true,"href":"https:\/\/mybook.am\/index.php?rest_route=%2Fwp%2Fv2%2Fcategories&post=26760"},{"taxonomy":"post_tag","embeddable":true,"href":"https:\/\/mybook.am\/index.php?rest_route=%2Fwp%2Fv2%2Ftags&post=26760"}],"curies":[{"name":"wp","href":"https:\/\/api.w.org\/{rel}","templated":true}]}}