{"id":26772,"date":"2026-03-19T11:30:21","date_gmt":"2026-03-19T08:30:21","guid":{"rendered":"https:\/\/mybook.am\/?p=26772"},"modified":"2026-03-19T11:30:22","modified_gmt":"2026-03-19T08:30:22","slug":"neni-pro-nej-dost-dobra-tahle-veta-se-behem-par-hodin-rozsirila-po-socialnich-sitich-kdyz-se-objevily-nove-fotografie-manzelky-jednoho-z-nejznamejsich-hercu-hollywoodu","status":"publish","type":"post","link":"https:\/\/mybook.am\/?p=26772","title":{"rendered":"\u201eNen\u00ed pro n\u011bj dost dobr\u00e1!\u201c \u2014 tahle v\u011bta se b\u011bhem p\u00e1r hodin roz\u0161\u00ed\u0159ila po soci\u00e1ln\u00edch s\u00edt\u00edch, kdy\u017e se objevily nov\u00e9 fotografie man\u017eelky jednoho z nejzn\u00e1m\u011bj\u0161\u00edch herc\u016f Hollywoodu."},"content":{"rendered":"\n<p class=\"has-medium-font-size\">Jde o \u017eenu hv\u011bzdy \u201eBonda\u201c, kter\u00e1 byla je\u0161t\u011b ned\u00e1vno ter\u010dem ve\u0159ejn\u00e9ho poni\u017eov\u00e1n\u00ed kv\u016fli sv\u00e9mu vzhledu. A pr\u00e1v\u011b to d\u011bl\u00e1 cel\u00fd p\u0159\u00edb\u011bh tak znepokojiv\u00fdm: tis\u00edce lid\u00ed si dovolovaly komentovat jej\u00ed t\u011blo, jej\u00ed v\u00e1hu, a dokonce radily herci, aby ji opustil.<\/p>\n\n\n\n<figure class=\"wp-block-image size-full is-resized\"><img loading=\"lazy\" decoding=\"async\" width=\"544\" height=\"768\" src=\"https:\/\/mybook.am\/wp-content\/uploads\/2026\/03\/87984654.jpg\" alt=\"\" class=\"wp-image-26773\" style=\"width:605px;height:auto\" srcset=\"https:\/\/mybook.am\/wp-content\/uploads\/2026\/03\/87984654.jpg 544w, https:\/\/mybook.am\/wp-content\/uploads\/2026\/03\/87984654-213x300.jpg 213w\" sizes=\"auto, (max-width: 544px) 100vw, 544px\" \/><\/figure>\n\n\n\n<p class=\"has-medium-font-size\">Koment\u00e1\u0159e byly krut\u00e9.<\/p>\n\n\n\n<p class=\"has-medium-font-size\">\u201eJak s n\u00ed m\u016f\u017ee b\u00fdt?\u201c<br>\u201eMohl by m\u00edt lep\u0161\u00ed!\u201c<br>\u201eKaz\u00ed mu image!\u201c<\/p>\n\n\n\n<p class=\"has-medium-font-size\">Slova dopadala jako r\u00e1ny \u2014 ve\u0159ejn\u011b, bez z\u00e1bran, bez studu.<\/p>\n\n\n\n<p class=\"has-medium-font-size\">Zat\u00edmco on d\u00e1l dob\u00fdval filmov\u00fd sv\u011bt a z\u016fst\u00e1val mil\u00e1\u010dkem publika, jeho \u017eena se stala ter\u010dem. Ne kv\u016fli skand\u00e1lu. Ne kv\u016fli chov\u00e1n\u00ed. Jen kv\u016fli vzhledu.<\/p>\n\n\n\n<p class=\"has-medium-font-size\">Ten kontrast byl pro lidi a\u017e p\u0159\u00edli\u0161 l\u00e1kav\u00fd: on \u2014 symbol elegance a charisma, ona \u2014 \u201enepasuje\u201c. A pr\u00e1v\u011b tahle jednoduch\u00e1 logika spustila vlnu \u00fatok\u016f.<\/p>\n\n\n\n<p class=\"has-medium-font-size\">Pak ale p\u0159i\u0161lo n\u011bco, co nikdo ne\u010dekal.<\/p>\n\n\n\n<p class=\"has-medium-font-size\">Neza\u010dala se obhajovat.<br>Nevystoupila s prohl\u00e1\u0161en\u00edm.<br>Nevyvolala \u017e\u00e1dn\u00fd skand\u00e1l.<\/p>\n\n\n\n<p class=\"has-medium-font-size\">Prost\u011b zmizela z o\u010d\u00ed ve\u0159ejnosti.<\/p>\n\n\n\n<p class=\"has-medium-font-size\">M\u011bs\u00edce ticha. \u017d\u00e1dn\u00e9 rozhovory. \u017d\u00e1dn\u00e9 nov\u00e9 fotky. Jen ob\u010dasn\u00e9, t\u00e9m\u011b\u0159 neviditeln\u00e9 v\u00fdstupy. Zd\u00e1lo se, \u017ee p\u0159\u00edb\u011bh skon\u010dil \u2014 \u017ee na ni lid\u00e9 zapomn\u011bli.<\/p>\n\n\n\n<p class=\"has-medium-font-size\">Jen\u017ee to byl klid p\u0159ed zlomem.<\/p>\n\n\n\n<p class=\"has-medium-font-size\">Kdy\u017e se znovu objevila, internet explodoval.<\/p>\n\n\n\n<p class=\"has-medium-font-size\">Minus 100 kilogram\u016f.<\/p>\n\n\n\n<p class=\"has-medium-font-size\">Stejn\u00e1 tv\u00e1\u0159 \u2014 ale \u00fapln\u011b jin\u00e1 postava. Sebev\u011bdom\u00fd postoj. Klidn\u00fd pohled. A p\u0159edev\u0161\u00edm vnit\u0159n\u00ed s\u00edla, kter\u00e1 se ned\u00e1 p\u0159edst\u00edrat.<\/p>\n\n\n\n<p class=\"has-medium-font-size\">Fotografie \u201ep\u0159ed\u201c a \u201epo\u201c se za\u010daly \u0161\u00ed\u0159it rychleji ne\u017e kdysi nen\u00e1vist.<\/p>\n\n\n\n<p class=\"has-medium-font-size\">A tehdy p\u0159i\u0161el ten nejv\u00fdmluvn\u011bj\u0161\u00ed moment.<\/p>\n\n\n\n<p class=\"has-medium-font-size\">Ti sam\u00ed lid\u00e9, kte\u0159\u00ed psali \u201eopus\u0165 ji\u201c, za\u010dali ps\u00e1t:<\/p>\n\n\n\n<p class=\"has-medium-font-size\">\u201eM\u00fdlili jsme se\u2026\u201c<br>\u201eVypad\u00e1 \u00fa\u017easn\u011b!\u201c<br>\u201eJak to dok\u00e1zala?!\u201c<\/p>\n\n\n\n<p class=\"has-medium-font-size\">Rychl\u00fd obrat. Bez omluv. Bez p\u0159izn\u00e1n\u00ed chyby. Jen zm\u011bna t\u00f3nu.<\/p>\n\n\n\n<p class=\"has-medium-font-size\">Ale p\u0159i bli\u017e\u0161\u00edm pohledu se vlastn\u011b nezm\u011bnilo v\u016fbec nic.<\/p>\n\n\n\n<p class=\"has-medium-font-size\">Dav z\u016fstal stejn\u00fd.<br>Zm\u011bnil se jen d\u016fvod, pro\u010d ji hodnot\u00ed.<\/p>\n\n\n\n<p class=\"has-medium-font-size\">A tady se nab\u00edz\u00ed nep\u0159\u00edjemn\u00e1 ot\u00e1zka.<\/p>\n\n\n\n<p class=\"has-medium-font-size\">Zhubla \u2014 a t\u00edm se stala \u201edost dobrou\u201c?<br>Nebo spole\u010dnost jen znovu uk\u00e1zala, \u017ee hodnot\u00ed \u010dlov\u011bka podle vzhledu, ne podle toho, k\u00fdm skute\u010dn\u011b je?<\/p>\n\n\n\n<p class=\"has-medium-font-size\">S\u00e1m herec se mimochodem nikdy nepod\u0159\u00eddil tlaku. Ani jednou nezav\u00e1hal. Ani n\u00e1znak, \u017ee by se od n\u00ed distancoval.<\/p>\n\n\n\n<p class=\"has-medium-font-size\">Z\u016fstal po jej\u00edm boku \u2014 i ve chv\u00edl\u00edch, kdy to bylo \u201enepohodln\u00e9\u201c.<\/p>\n\n\n\n<p class=\"has-medium-font-size\">A pr\u00e1v\u011b to dnes p\u016fsob\u00ed siln\u011bji ne\u017e jak\u00e1koli prom\u011bna.<\/p>\n\n\n\n<p class=\"has-medium-font-size\">Proto\u017ee tenhle p\u0159\u00edb\u011bh nem\u00e1 jen jeden zlom.<\/p>\n\n\n\n<p class=\"has-medium-font-size\">Prvn\u00ed je viditeln\u00fd \u2014 minus 100 kilo, nov\u00e1 postava, nov\u00e1 reakce okol\u00ed.<\/p>\n\n\n\n<p class=\"has-medium-font-size\">Ten druh\u00fd je mnohem hlub\u0161\u00ed.<\/p>\n\n\n\n<p class=\"has-medium-font-size\">Lid\u00e9, kte\u0159\u00ed ji v\u010dera poni\u017eovali, j\u00ed dnes tleskaj\u00ed.<br>Ale jejich zp\u016fsob uva\u017eov\u00e1n\u00ed se nezm\u011bnil.<\/p>\n\n\n\n<p class=\"has-medium-font-size\">A pointa nen\u00ed v tom, kolik zhubla.<\/p>\n\n\n\n<p class=\"has-medium-font-size\">Pointa je v tom, jak rychle se m\u011bn\u00ed n\u00e1zory \u2014 a jak m\u00e1lo lid\u00ed si dok\u00e1\u017ee p\u0159iznat, \u017ee se m\u00fdlili.<\/p>\n","protected":false},"excerpt":{"rendered":"Jde o \u017eenu hv\u011bzdy \u201eBonda\u201c, kter\u00e1 byla je\u0161t\u011b ned\u00e1vno ter\u010dem ve\u0159ejn\u00e9ho poni\u017eov\u00e1n\u00ed kv\u016fli sv\u00e9mu vzhledu. A pr\u00e1v\u011b to d\u011bl\u00e1 cel\u00fd p\u0159\u00edb\u011bh tak znepokojiv\u00fdm: \n<a class=\"moretag\" href=\"https:\/\/mybook.am\/?p=26772\"> [...]<\/a>","protected":false},"author":1,"featured_media":26773,"comment_status":"open","ping_status":"open","sticky":false,"template":"","format":"standard","meta":{"footnotes":""},"categories":[1],"tags":[],"class_list":["post-26772","post","type-post","status-publish","format-standard","has-post-thumbnail","hentry","category-ceska"],"yoast_head":"<!-- This site is optimized with the Yoast SEO plugin v27.5 - https:\/\/yoast.com\/product\/yoast-seo-wordpress\/ -->\n<title>\u201eNen\u00ed pro n\u011bj dost dobr\u00e1!\u201c \u2014 tahle v\u011bta se b\u011bhem p\u00e1r hodin roz\u0161\u00ed\u0159ila po soci\u00e1ln\u00edch s\u00edt\u00edch, kdy\u017e se objevily nov\u00e9 fotografie man\u017eelky jednoho z nejzn\u00e1m\u011bj\u0161\u00edch herc\u016f Hollywoodu. -<\/title>\n<meta name=\"robots\" content=\"index, follow, max-snippet:-1, max-image-preview:large, max-video-preview:-1\" \/>\n<link rel=\"canonical\" href=\"https:\/\/mybook.am\/?p=26772\" \/>\n<meta property=\"og:locale\" content=\"ru_RU\" \/>\n<meta property=\"og:type\" content=\"article\" \/>\n<meta property=\"og:title\" content=\"\u201eNen\u00ed pro n\u011bj dost dobr\u00e1!\u201c \u2014 tahle v\u011bta se b\u011bhem p\u00e1r hodin roz\u0161\u00ed\u0159ila po soci\u00e1ln\u00edch s\u00edt\u00edch, kdy\u017e se objevily nov\u00e9 fotografie man\u017eelky jednoho z nejzn\u00e1m\u011bj\u0161\u00edch herc\u016f Hollywoodu. -\" \/>\n<meta property=\"og:description\" content=\"Jde o \u017eenu hv\u011bzdy \u201eBonda\u201c, kter\u00e1 byla je\u0161t\u011b ned\u00e1vno ter\u010dem ve\u0159ejn\u00e9ho poni\u017eov\u00e1n\u00ed kv\u016fli sv\u00e9mu vzhledu. A pr\u00e1v\u011b to d\u011bl\u00e1 cel\u00fd p\u0159\u00edb\u011bh tak znepokojiv\u00fdm:\" \/>\n<meta property=\"og:url\" content=\"https:\/\/mybook.am\/?p=26772\" \/>\n<meta property=\"article:published_time\" content=\"2026-03-19T08:30:21+00:00\" \/>\n<meta property=\"article:modified_time\" content=\"2026-03-19T08:30:22+00:00\" \/>\n<meta property=\"og:image\" content=\"https:\/\/mybook.am\/wp-content\/uploads\/2026\/03\/87984654.jpg\" \/>\n\t<meta property=\"og:image:width\" content=\"544\" \/>\n\t<meta property=\"og:image:height\" content=\"768\" \/>\n\t<meta property=\"og:image:type\" content=\"image\/jpeg\" \/>\n<meta name=\"author\" content=\"admin\" \/>\n<meta name=\"twitter:card\" content=\"summary_large_image\" \/>\n<meta name=\"twitter:label1\" content=\"\u041d\u0430\u043f\u0438\u0441\u0430\u043d\u043e \u0430\u0432\u0442\u043e\u0440\u043e\u043c\" \/>\n\t<meta name=\"twitter:data1\" content=\"admin\" \/>\n\t<meta name=\"twitter:label2\" content=\"\u041f\u0440\u0438\u043c\u0435\u0440\u043d\u043e\u0435 \u0432\u0440\u0435\u043c\u044f \u0434\u043b\u044f \u0447\u0442\u0435\u043d\u0438\u044f\" \/>\n\t<meta name=\"twitter:data2\" content=\"3 \u043c\u0438\u043d\u0443\u0442\u044b\" \/>\n<script type=\"application\/ld+json\" class=\"yoast-schema-graph\">{\"@context\":\"https:\\\/\\\/schema.org\",\"@graph\":[{\"@type\":\"Article\",\"@id\":\"https:\\\/\\\/mybook.am\\\/?p=26772#article\",\"isPartOf\":{\"@id\":\"https:\\\/\\\/mybook.am\\\/?p=26772\"},\"author\":{\"name\":\"admin\",\"@id\":\"https:\\\/\\\/mybook.am\\\/#\\\/schema\\\/person\\\/e730847942cff3a199774e803916e97e\"},\"headline\":\"\u201eNen\u00ed pro n\u011bj dost dobr\u00e1!\u201c \u2014 tahle v\u011bta se b\u011bhem p\u00e1r hodin roz\u0161\u00ed\u0159ila po soci\u00e1ln\u00edch s\u00edt\u00edch, kdy\u017e se objevily nov\u00e9 fotografie man\u017eelky jednoho z nejzn\u00e1m\u011bj\u0161\u00edch herc\u016f Hollywoodu.\",\"datePublished\":\"2026-03-19T08:30:21+00:00\",\"dateModified\":\"2026-03-19T08:30:22+00:00\",\"mainEntityOfPage\":{\"@id\":\"https:\\\/\\\/mybook.am\\\/?p=26772\"},\"wordCount\":544,\"commentCount\":0,\"image\":{\"@id\":\"https:\\\/\\\/mybook.am\\\/?p=26772#primaryimage\"},\"thumbnailUrl\":\"https:\\\/\\\/mybook.am\\\/wp-content\\\/uploads\\\/2026\\\/03\\\/87984654.jpg\",\"articleSection\":[\"\u010cesk\u00e1\"],\"inLanguage\":\"ru-RU\",\"potentialAction\":[{\"@type\":\"CommentAction\",\"name\":\"Comment\",\"target\":[\"https:\\\/\\\/mybook.am\\\/?p=26772#respond\"]}]},{\"@type\":\"WebPage\",\"@id\":\"https:\\\/\\\/mybook.am\\\/?p=26772\",\"url\":\"https:\\\/\\\/mybook.am\\\/?p=26772\",\"name\":\"\u201eNen\u00ed pro n\u011bj dost dobr\u00e1!\u201c \u2014 tahle v\u011bta se b\u011bhem p\u00e1r hodin roz\u0161\u00ed\u0159ila po soci\u00e1ln\u00edch s\u00edt\u00edch, kdy\u017e se objevily nov\u00e9 fotografie man\u017eelky jednoho z nejzn\u00e1m\u011bj\u0161\u00edch herc\u016f Hollywoodu. -\",\"isPartOf\":{\"@id\":\"https:\\\/\\\/mybook.am\\\/#website\"},\"primaryImageOfPage\":{\"@id\":\"https:\\\/\\\/mybook.am\\\/?p=26772#primaryimage\"},\"image\":{\"@id\":\"https:\\\/\\\/mybook.am\\\/?p=26772#primaryimage\"},\"thumbnailUrl\":\"https:\\\/\\\/mybook.am\\\/wp-content\\\/uploads\\\/2026\\\/03\\\/87984654.jpg\",\"datePublished\":\"2026-03-19T08:30:21+00:00\",\"dateModified\":\"2026-03-19T08:30:22+00:00\",\"author\":{\"@id\":\"https:\\\/\\\/mybook.am\\\/#\\\/schema\\\/person\\\/e730847942cff3a199774e803916e97e\"},\"breadcrumb\":{\"@id\":\"https:\\\/\\\/mybook.am\\\/?p=26772#breadcrumb\"},\"inLanguage\":\"ru-RU\",\"potentialAction\":[{\"@type\":\"ReadAction\",\"target\":[\"https:\\\/\\\/mybook.am\\\/?p=26772\"]}]},{\"@type\":\"ImageObject\",\"inLanguage\":\"ru-RU\",\"@id\":\"https:\\\/\\\/mybook.am\\\/?p=26772#primaryimage\",\"url\":\"https:\\\/\\\/mybook.am\\\/wp-content\\\/uploads\\\/2026\\\/03\\\/87984654.jpg\",\"contentUrl\":\"https:\\\/\\\/mybook.am\\\/wp-content\\\/uploads\\\/2026\\\/03\\\/87984654.jpg\",\"width\":544,\"height\":768},{\"@type\":\"BreadcrumbList\",\"@id\":\"https:\\\/\\\/mybook.am\\\/?p=26772#breadcrumb\",\"itemListElement\":[{\"@type\":\"ListItem\",\"position\":1,\"name\":\"\u0413\u043b\u0430\u0432\u043d\u0430\u044f \u0441\u0442\u0440\u0430\u043d\u0438\u0446\u0430\",\"item\":\"https:\\\/\\\/mybook.am\\\/\"},{\"@type\":\"ListItem\",\"position\":2,\"name\":\"\u201eNen\u00ed pro n\u011bj dost dobr\u00e1!\u201c \u2014 tahle v\u011bta se b\u011bhem p\u00e1r hodin roz\u0161\u00ed\u0159ila po soci\u00e1ln\u00edch s\u00edt\u00edch, kdy\u017e se objevily nov\u00e9 fotografie man\u017eelky jednoho z nejzn\u00e1m\u011bj\u0161\u00edch herc\u016f Hollywoodu.\"}]},{\"@type\":\"WebSite\",\"@id\":\"https:\\\/\\\/mybook.am\\\/#website\",\"url\":\"https:\\\/\\\/mybook.am\\\/\",\"name\":\"\",\"description\":\"\",\"potentialAction\":[{\"@type\":\"SearchAction\",\"target\":{\"@type\":\"EntryPoint\",\"urlTemplate\":\"https:\\\/\\\/mybook.am\\\/?s={search_term_string}\"},\"query-input\":{\"@type\":\"PropertyValueSpecification\",\"valueRequired\":true,\"valueName\":\"search_term_string\"}}],\"inLanguage\":\"ru-RU\"},{\"@type\":\"Person\",\"@id\":\"https:\\\/\\\/mybook.am\\\/#\\\/schema\\\/person\\\/e730847942cff3a199774e803916e97e\",\"name\":\"admin\",\"image\":{\"@type\":\"ImageObject\",\"inLanguage\":\"ru-RU\",\"@id\":\"https:\\\/\\\/secure.gravatar.com\\\/avatar\\\/df64e550a0653b7be0f1bcf897f33faad9c2c8153472b2d9319beafb51370f6f?s=96&d=mm&r=g\",\"url\":\"https:\\\/\\\/secure.gravatar.com\\\/avatar\\\/df64e550a0653b7be0f1bcf897f33faad9c2c8153472b2d9319beafb51370f6f?s=96&d=mm&r=g\",\"contentUrl\":\"https:\\\/\\\/secure.gravatar.com\\\/avatar\\\/df64e550a0653b7be0f1bcf897f33faad9c2c8153472b2d9319beafb51370f6f?s=96&d=mm&r=g\",\"caption\":\"admin\"},\"sameAs\":[\"http:\\\/\\\/mybook.am\"],\"url\":\"https:\\\/\\\/mybook.am\\\/?author=1\"}]}<\/script>\n<!-- \/ Yoast SEO plugin. -->","yoast_head_json":{"title":"\u201eNen\u00ed pro n\u011bj dost dobr\u00e1!\u201c \u2014 tahle v\u011bta se b\u011bhem p\u00e1r hodin roz\u0161\u00ed\u0159ila po soci\u00e1ln\u00edch s\u00edt\u00edch, kdy\u017e se objevily nov\u00e9 fotografie man\u017eelky jednoho z nejzn\u00e1m\u011bj\u0161\u00edch herc\u016f Hollywoodu. -","robots":{"index":"index","follow":"follow","max-snippet":"max-snippet:-1","max-image-preview":"max-image-preview:large","max-video-preview":"max-video-preview:-1"},"canonical":"https:\/\/mybook.am\/?p=26772","og_locale":"ru_RU","og_type":"article","og_title":"\u201eNen\u00ed pro n\u011bj dost dobr\u00e1!\u201c \u2014 tahle v\u011bta se b\u011bhem p\u00e1r hodin roz\u0161\u00ed\u0159ila po soci\u00e1ln\u00edch s\u00edt\u00edch, kdy\u017e se objevily nov\u00e9 fotografie man\u017eelky jednoho z nejzn\u00e1m\u011bj\u0161\u00edch herc\u016f Hollywoodu. -","og_description":"Jde o \u017eenu hv\u011bzdy \u201eBonda\u201c, kter\u00e1 byla je\u0161t\u011b ned\u00e1vno ter\u010dem ve\u0159ejn\u00e9ho poni\u017eov\u00e1n\u00ed kv\u016fli sv\u00e9mu vzhledu. A pr\u00e1v\u011b to d\u011bl\u00e1 cel\u00fd p\u0159\u00edb\u011bh tak znepokojiv\u00fdm:","og_url":"https:\/\/mybook.am\/?p=26772","article_published_time":"2026-03-19T08:30:21+00:00","article_modified_time":"2026-03-19T08:30:22+00:00","og_image":[{"width":544,"height":768,"url":"https:\/\/mybook.am\/wp-content\/uploads\/2026\/03\/87984654.jpg","type":"image\/jpeg"}],"author":"admin","twitter_card":"summary_large_image","twitter_misc":{"\u041d\u0430\u043f\u0438\u0441\u0430\u043d\u043e \u0430\u0432\u0442\u043e\u0440\u043e\u043c":"admin","\u041f\u0440\u0438\u043c\u0435\u0440\u043d\u043e\u0435 \u0432\u0440\u0435\u043c\u044f \u0434\u043b\u044f \u0447\u0442\u0435\u043d\u0438\u044f":"3 \u043c\u0438\u043d\u0443\u0442\u044b"},"schema":{"@context":"https:\/\/schema.org","@graph":[{"@type":"Article","@id":"https:\/\/mybook.am\/?p=26772#article","isPartOf":{"@id":"https:\/\/mybook.am\/?p=26772"},"author":{"name":"admin","@id":"https:\/\/mybook.am\/#\/schema\/person\/e730847942cff3a199774e803916e97e"},"headline":"\u201eNen\u00ed pro n\u011bj dost dobr\u00e1!\u201c \u2014 tahle v\u011bta se b\u011bhem p\u00e1r hodin roz\u0161\u00ed\u0159ila po soci\u00e1ln\u00edch s\u00edt\u00edch, kdy\u017e se objevily nov\u00e9 fotografie man\u017eelky jednoho z nejzn\u00e1m\u011bj\u0161\u00edch herc\u016f Hollywoodu.","datePublished":"2026-03-19T08:30:21+00:00","dateModified":"2026-03-19T08:30:22+00:00","mainEntityOfPage":{"@id":"https:\/\/mybook.am\/?p=26772"},"wordCount":544,"commentCount":0,"image":{"@id":"https:\/\/mybook.am\/?p=26772#primaryimage"},"thumbnailUrl":"https:\/\/mybook.am\/wp-content\/uploads\/2026\/03\/87984654.jpg","articleSection":["\u010cesk\u00e1"],"inLanguage":"ru-RU","potentialAction":[{"@type":"CommentAction","name":"Comment","target":["https:\/\/mybook.am\/?p=26772#respond"]}]},{"@type":"WebPage","@id":"https:\/\/mybook.am\/?p=26772","url":"https:\/\/mybook.am\/?p=26772","name":"\u201eNen\u00ed pro n\u011bj dost dobr\u00e1!\u201c \u2014 tahle v\u011bta se b\u011bhem p\u00e1r hodin roz\u0161\u00ed\u0159ila po soci\u00e1ln\u00edch s\u00edt\u00edch, kdy\u017e se objevily nov\u00e9 fotografie man\u017eelky jednoho z nejzn\u00e1m\u011bj\u0161\u00edch herc\u016f Hollywoodu. -","isPartOf":{"@id":"https:\/\/mybook.am\/#website"},"primaryImageOfPage":{"@id":"https:\/\/mybook.am\/?p=26772#primaryimage"},"image":{"@id":"https:\/\/mybook.am\/?p=26772#primaryimage"},"thumbnailUrl":"https:\/\/mybook.am\/wp-content\/uploads\/2026\/03\/87984654.jpg","datePublished":"2026-03-19T08:30:21+00:00","dateModified":"2026-03-19T08:30:22+00:00","author":{"@id":"https:\/\/mybook.am\/#\/schema\/person\/e730847942cff3a199774e803916e97e"},"breadcrumb":{"@id":"https:\/\/mybook.am\/?p=26772#breadcrumb"},"inLanguage":"ru-RU","potentialAction":[{"@type":"ReadAction","target":["https:\/\/mybook.am\/?p=26772"]}]},{"@type":"ImageObject","inLanguage":"ru-RU","@id":"https:\/\/mybook.am\/?p=26772#primaryimage","url":"https:\/\/mybook.am\/wp-content\/uploads\/2026\/03\/87984654.jpg","contentUrl":"https:\/\/mybook.am\/wp-content\/uploads\/2026\/03\/87984654.jpg","width":544,"height":768},{"@type":"BreadcrumbList","@id":"https:\/\/mybook.am\/?p=26772#breadcrumb","itemListElement":[{"@type":"ListItem","position":1,"name":"\u0413\u043b\u0430\u0432\u043d\u0430\u044f \u0441\u0442\u0440\u0430\u043d\u0438\u0446\u0430","item":"https:\/\/mybook.am\/"},{"@type":"ListItem","position":2,"name":"\u201eNen\u00ed pro n\u011bj dost dobr\u00e1!\u201c \u2014 tahle v\u011bta se b\u011bhem p\u00e1r hodin roz\u0161\u00ed\u0159ila po soci\u00e1ln\u00edch s\u00edt\u00edch, kdy\u017e se objevily nov\u00e9 fotografie man\u017eelky jednoho z nejzn\u00e1m\u011bj\u0161\u00edch herc\u016f Hollywoodu."}]},{"@type":"WebSite","@id":"https:\/\/mybook.am\/#website","url":"https:\/\/mybook.am\/","name":"","description":"","potentialAction":[{"@type":"SearchAction","target":{"@type":"EntryPoint","urlTemplate":"https:\/\/mybook.am\/?s={search_term_string}"},"query-input":{"@type":"PropertyValueSpecification","valueRequired":true,"valueName":"search_term_string"}}],"inLanguage":"ru-RU"},{"@type":"Person","@id":"https:\/\/mybook.am\/#\/schema\/person\/e730847942cff3a199774e803916e97e","name":"admin","image":{"@type":"ImageObject","inLanguage":"ru-RU","@id":"https:\/\/secure.gravatar.com\/avatar\/df64e550a0653b7be0f1bcf897f33faad9c2c8153472b2d9319beafb51370f6f?s=96&d=mm&r=g","url":"https:\/\/secure.gravatar.com\/avatar\/df64e550a0653b7be0f1bcf897f33faad9c2c8153472b2d9319beafb51370f6f?s=96&d=mm&r=g","contentUrl":"https:\/\/secure.gravatar.com\/avatar\/df64e550a0653b7be0f1bcf897f33faad9c2c8153472b2d9319beafb51370f6f?s=96&d=mm&r=g","caption":"admin"},"sameAs":["http:\/\/mybook.am"],"url":"https:\/\/mybook.am\/?author=1"}]}},"views":65,"_links":{"self":[{"href":"https:\/\/mybook.am\/index.php?rest_route=\/wp\/v2\/posts\/26772","targetHints":{"allow":["GET"]}}],"collection":[{"href":"https:\/\/mybook.am\/index.php?rest_route=\/wp\/v2\/posts"}],"about":[{"href":"https:\/\/mybook.am\/index.php?rest_route=\/wp\/v2\/types\/post"}],"author":[{"embeddable":true,"href":"https:\/\/mybook.am\/index.php?rest_route=\/wp\/v2\/users\/1"}],"replies":[{"embeddable":true,"href":"https:\/\/mybook.am\/index.php?rest_route=%2Fwp%2Fv2%2Fcomments&post=26772"}],"version-history":[{"count":1,"href":"https:\/\/mybook.am\/index.php?rest_route=\/wp\/v2\/posts\/26772\/revisions"}],"predecessor-version":[{"id":26774,"href":"https:\/\/mybook.am\/index.php?rest_route=\/wp\/v2\/posts\/26772\/revisions\/26774"}],"wp:featuredmedia":[{"embeddable":true,"href":"https:\/\/mybook.am\/index.php?rest_route=\/wp\/v2\/media\/26773"}],"wp:attachment":[{"href":"https:\/\/mybook.am\/index.php?rest_route=%2Fwp%2Fv2%2Fmedia&parent=26772"}],"wp:term":[{"taxonomy":"category","embeddable":true,"href":"https:\/\/mybook.am\/index.php?rest_route=%2Fwp%2Fv2%2Fcategories&post=26772"},{"taxonomy":"post_tag","embeddable":true,"href":"https:\/\/mybook.am\/index.php?rest_route=%2Fwp%2Fv2%2Ftags&post=26772"}],"curies":[{"name":"wp","href":"https:\/\/api.w.org\/{rel}","templated":true}]}}