{"id":27654,"date":"2026-04-26T10:45:20","date_gmt":"2026-04-26T07:45:20","guid":{"rendered":"https:\/\/mybook.am\/?p=27654"},"modified":"2026-04-26T10:45:21","modified_gmt":"2026-04-26T07:45:21","slug":"letadlo-uz-pojizdelo-na-start-kdyz-se-v-prvni-tride-strhl-konflikt-ktery-zastavil-nejen-let-z-madridu-do-new-yorku-ale-i-karieru-muze-v-kokpitu","status":"publish","type":"post","link":"https:\/\/mybook.am\/?p=27654","title":{"rendered":"Letadlo u\u017e poj\u00ed\u017ed\u011blo na start, kdy\u017e se v prvn\u00ed t\u0159\u00edd\u011b strhl konflikt, kter\u00fd zastavil nejen let z Madridu do New Yorku, ale i kari\u00e9ru mu\u017ee v kokpitu."},"content":{"rendered":"\n<p>Kapit\u00e1n Alejandro Mart\u00ednez osobn\u011b zas\u00e1hl do sporu o sedadlo \u2014 a ud\u011blal rozhodnut\u00ed, kter\u00e9ho bude pozd\u011bji litovat.V centru pozornosti byla pasa\u017e\u00e9rka na m\u00edst\u011b 2A. Mlad\u00e1 \u017eena v jednoduch\u00fdch ln\u011bn\u00fdch \u0161atech sed\u011bla u okna a klidn\u011b \u010detla knihu. \u017d\u00e1dn\u00fd luxus, \u017e\u00e1dn\u00e9 zn\u00e1mky postaven\u00ed. Pr\u00e1v\u011b to se stalo probl\u00e9mem.<\/p>\n\n\n\n<figure class=\"wp-block-image size-full is-resized\"><img loading=\"lazy\" decoding=\"async\" width=\"500\" height=\"625\" src=\"https:\/\/mybook.am\/wp-content\/uploads\/2026\/04\/798465498465.png\" alt=\"\" class=\"wp-image-27655\" style=\"width:575px;height:auto\" srcset=\"https:\/\/mybook.am\/wp-content\/uploads\/2026\/04\/798465498465.png 500w, https:\/\/mybook.am\/wp-content\/uploads\/2026\/04\/798465498465-240x300.png 240w\" sizes=\"auto, (max-width: 500px) 100vw, 500px\" \/><\/figure>\n\n\n\n<p>O p\u00e1r krok\u016f d\u00e1l st\u00e1la Victoria \u2014 kapit\u00e1nova man\u017eelka. Jej\u00ed podr\u00e1\u017ed\u011bn\u00ed bylo z\u0159ejm\u00e9. Cht\u011bla pr\u00e1v\u011b toto m\u00edsto. Nejlep\u0161\u00ed v kabin\u011b. A nedok\u00e1zala p\u0159ijmout, \u017ee ho m\u00e1 n\u011bkdo \u201etakov\u00fd\u201c.<\/p>\n\n\n\n<p>Rozhodnut\u00ed p\u0159i\u0161lo okam\u017eit\u011b.<\/p>\n\n\n\n<p>Kapit\u00e1n k \u017een\u011b p\u0159istoupil a bez skr\u00fdvan\u00e9ho opovr\u017een\u00ed j\u00ed na\u0159\u00eddil, aby se p\u0159esunula do ekonomick\u00e9 t\u0159\u00eddy. Bez vysv\u011btlen\u00ed. Bez snahy o domluvu. Prost\u011b rozkaz.<\/p>\n\n\n\n<p>Cestuj\u00edc\u00ed si za\u010dali vym\u011b\u0148ovat pohledy.<\/p>\n\n\n\n<p>\u017dena pomalu zvedla o\u010di. \u017d\u00e1dn\u00fd strach, \u017e\u00e1dn\u00e9 rozho\u0159\u010den\u00ed. Jen klid. Ti\u0161e odpov\u011bd\u011bla, \u017ee na sv\u00e9m m\u00edst\u011b z\u016fstane.<\/p>\n\n\n\n<p>To sta\u010dilo.<\/p>\n\n\n\n<p>Kapit\u00e1n\u016fv hlas ztvrdl. Byl zvykl\u00fd, \u017ee ho lid\u00e9 poslouchaj\u00ed. Obzvl\u00e1\u0161\u0165 na palub\u011b jeho letadla. Obzvl\u00e1\u0161\u0165 ti, kter\u00e9 nepova\u017eoval za sob\u011b rovn\u00e9.<\/p>\n\n\n\n<p>Victoria u\u017e se usm\u00edvala.<\/p>\n\n\n\n<p>Zd\u00e1lo se, \u017ee je rozhodnuto.<\/p>\n\n\n\n<p>Jen\u017ee o p\u00e1r \u0159ad d\u00e1l n\u011bkdo ztuhl. \u0158editel leteck\u00e9 spole\u010dnosti, kter\u00fd byl n\u00e1hodou na palub\u011b, sledoval situaci s rostouc\u00edm nap\u011bt\u00edm. V\u011bd\u011bl n\u011bco, co ostatn\u00ed netu\u0161ili.<\/p>\n\n\n\n<p>Jm\u00e9no t\u00e9 \u017eeny.<\/p>\n\n\n\n<p>Elena V\u00e1zquez.<\/p>\n\n\n\n<p>Za posledn\u00edch \u0161est m\u011bs\u00edc\u016f dok\u00e1zala n\u011bco, o \u010dem se v oboru mluvilo \u0161eptem. Koupila celou spole\u010dnost. Ka\u017ed\u00e9 letadlo. Ka\u017edou linku. Ka\u017ed\u00fd kontrakt.<\/p>\n\n\n\n<p>V\u010detn\u011b kontraktu samotn\u00e9ho kapit\u00e1na.<\/p>\n\n\n\n<p>Ale nikdo ji nepoznal.<\/p>\n\n\n\n<p>A nebyla to n\u00e1hoda.<\/p>\n\n\n\n<p>Elena se v\u017edy vyh\u00fdbala ok\u00e1zalosti. Byla vychov\u00e1na jinak. Otec budoval imp\u00e9rium, matka ji u\u010dila jednoduch\u00e9mu pravidlu: hodnotu \u010dlov\u011bka neur\u010duj\u00ed pen\u00edze, ale to, jak se chov\u00e1 k ostatn\u00edm.<\/p>\n\n\n\n<p>A te\u010f p\u0159ed n\u00ed st\u00e1l \u017eiv\u00fd d\u016fkaz.<\/p>\n\n\n\n<p>Kapit\u00e1n u\u017e ne\u017e\u00e1dal. P\u0159ikazoval. Jeho t\u00f3n byl tvrd\u00fd, t\u00e9m\u011b\u0159 agresivn\u00ed. N\u011bkolik cestuj\u00edc\u00edch za\u010dalo situaci nat\u00e1\u010det na telefony.<\/p>\n\n\n\n<p>Nap\u011bt\u00ed rostlo.<\/p>\n\n\n\n<p>Elena zav\u0159ela knihu. Klidn\u011b, jako by se nic ned\u011blo. Polo\u017eila ji na kolena. Zvedla o\u010di.<\/p>\n\n\n\n<p>V kabin\u011b zavl\u00e1dlo ticho.<\/p>\n\n\n\n<p>Tak hlubok\u00e9, \u017ee bylo sly\u0161et i ventilaci.<\/p>\n\n\n\n<p>Pod\u00edvala se kapit\u00e1novi p\u0159\u00edmo do o\u010d\u00ed. Bez emoc\u00ed. Bez v\u00fdzvy. Ale s n\u011b\u010d\u00edm, co ho na okam\u017eik vyvedlo z rovnov\u00e1hy.<\/p>\n\n\n\n<p>A pak pronesla jedinou v\u011btu.<\/p>\n\n\n\n<p>Klidn\u011b. Jasn\u011b.<\/p>\n\n\n\n<p>\u201eJste si jist\u00fd, \u017ee chcete vydat takov\u00fd rozkaz majitelce t\u00e9to spole\u010dnosti?\u201c<\/p>\n\n\n\n<p>Sekunda.<\/p>\n\n\n\n<p>Druh\u00e1.<\/p>\n\n\n\n<p>Slova jako by se zastavila ve vzduchu.<\/p>\n\n\n\n<p>Kapit\u00e1n\u016fv v\u00fdraz se okam\u017eit\u011b zm\u011bnil. Sebejistota zmizela. Nahradilo ji n\u011bco, co dlouho nepoznal \u2014 pochybnost.<\/p>\n\n\n\n<p>Victoria p\u0159estala usm\u00edvat.<\/p>\n\n\n\n<p>Cestuj\u00edc\u00ed za\u010dali \u0161eptat.<\/p>\n\n\n\n<p>\u0158editel vstal ze sv\u00e9ho m\u00edsta.<\/p>\n\n\n\n<p>A v tu chv\u00edli bylo v\u0161echno jasn\u00e9.<\/p>\n\n\n\n<p>O n\u011bkolik minut pozd\u011bji byl let zpo\u017ed\u011bn. Kapit\u00e1n byl okam\u017eit\u011b odvol\u00e1n k vy\u0161et\u0159en\u00ed p\u0159\u00edmo na leti\u0161ti. Jeho hlas u\u017e nezn\u011bl jist\u011b. Te\u010f se obhajoval.<\/p>\n\n\n\n<p>A Elena znovu otev\u0159ela knihu.<\/p>\n\n\n\n<p>Jako by se nic nestalo.<\/p>\n\n\n\n<p>Jen\u017ee pro jednoho \u010dlov\u011bka t\u00edm v\u0161echno skon\u010dilo.<\/p>\n\n\n\n<p>A pro ostatn\u00ed za\u010dal p\u0159\u00edb\u011bh, o kter\u00e9m se bude je\u0161t\u011b dlouho mluvit \u2014 o moci, o p\u0159edsudc\u00edch a o tom, jak draze se plat\u00ed za chybu, kdy\u017e \u010dlov\u011bka posuzuje\u0161 podle vzhledu m\u00edsto podle skute\u010dnosti.<\/p>\n","protected":false},"excerpt":{"rendered":"Kapit\u00e1n Alejandro Mart\u00ednez osobn\u011b zas\u00e1hl do sporu o sedadlo \u2014 a ud\u011blal rozhodnut\u00ed, kter\u00e9ho bude pozd\u011bji litovat.V centru pozornosti byla pasa\u017e\u00e9rka na m\u00edst\u011b \n<a class=\"moretag\" href=\"https:\/\/mybook.am\/?p=27654\"> [...]<\/a>","protected":false},"author":1,"featured_media":27655,"comment_status":"open","ping_status":"open","sticky":false,"template":"","format":"standard","meta":{"footnotes":""},"categories":[1],"tags":[],"class_list":["post-27654","post","type-post","status-publish","format-standard","has-post-thumbnail","hentry","category-ceska"],"yoast_head":"<!-- This site is optimized with the Yoast SEO plugin v27.4 - https:\/\/yoast.com\/product\/yoast-seo-wordpress\/ -->\n<title>Letadlo u\u017e poj\u00ed\u017ed\u011blo na start, kdy\u017e se v prvn\u00ed t\u0159\u00edd\u011b strhl konflikt, kter\u00fd zastavil nejen let z Madridu do New Yorku, ale i kari\u00e9ru mu\u017ee v kokpitu. -<\/title>\n<meta name=\"robots\" content=\"index, follow, max-snippet:-1, max-image-preview:large, max-video-preview:-1\" \/>\n<link rel=\"canonical\" href=\"https:\/\/mybook.am\/?p=27654\" \/>\n<meta property=\"og:locale\" content=\"ru_RU\" \/>\n<meta property=\"og:type\" content=\"article\" \/>\n<meta property=\"og:title\" content=\"Letadlo u\u017e poj\u00ed\u017ed\u011blo na start, kdy\u017e se v prvn\u00ed t\u0159\u00edd\u011b strhl konflikt, kter\u00fd zastavil nejen let z Madridu do New Yorku, ale i kari\u00e9ru mu\u017ee v kokpitu. -\" \/>\n<meta property=\"og:description\" content=\"Kapit\u00e1n Alejandro Mart\u00ednez osobn\u011b zas\u00e1hl do sporu o sedadlo \u2014 a ud\u011blal rozhodnut\u00ed, kter\u00e9ho bude pozd\u011bji litovat.V centru pozornosti byla pasa\u017e\u00e9rka na m\u00edst\u011b\" \/>\n<meta property=\"og:url\" content=\"https:\/\/mybook.am\/?p=27654\" \/>\n<meta property=\"article:published_time\" content=\"2026-04-26T07:45:20+00:00\" \/>\n<meta property=\"article:modified_time\" content=\"2026-04-26T07:45:21+00:00\" \/>\n<meta property=\"og:image\" content=\"https:\/\/mybook.am\/wp-content\/uploads\/2026\/04\/798465498465.png\" \/>\n\t<meta property=\"og:image:width\" content=\"500\" \/>\n\t<meta property=\"og:image:height\" content=\"625\" \/>\n\t<meta property=\"og:image:type\" content=\"image\/png\" \/>\n<meta name=\"author\" content=\"admin\" \/>\n<meta name=\"twitter:card\" content=\"summary_large_image\" \/>\n<meta name=\"twitter:label1\" content=\"\u041d\u0430\u043f\u0438\u0441\u0430\u043d\u043e \u0430\u0432\u0442\u043e\u0440\u043e\u043c\" \/>\n\t<meta name=\"twitter:data1\" content=\"admin\" \/>\n\t<meta name=\"twitter:label2\" content=\"\u041f\u0440\u0438\u043c\u0435\u0440\u043d\u043e\u0435 \u0432\u0440\u0435\u043c\u044f \u0434\u043b\u044f \u0447\u0442\u0435\u043d\u0438\u044f\" \/>\n\t<meta name=\"twitter:data2\" content=\"3 \u043c\u0438\u043d\u0443\u0442\u044b\" \/>\n<script type=\"application\/ld+json\" class=\"yoast-schema-graph\">{\"@context\":\"https:\\\/\\\/schema.org\",\"@graph\":[{\"@type\":\"Article\",\"@id\":\"https:\\\/\\\/mybook.am\\\/?p=27654#article\",\"isPartOf\":{\"@id\":\"https:\\\/\\\/mybook.am\\\/?p=27654\"},\"author\":{\"name\":\"admin\",\"@id\":\"https:\\\/\\\/mybook.am\\\/#\\\/schema\\\/person\\\/e730847942cff3a199774e803916e97e\"},\"headline\":\"Letadlo u\u017e poj\u00ed\u017ed\u011blo na start, kdy\u017e se v prvn\u00ed t\u0159\u00edd\u011b strhl konflikt, kter\u00fd zastavil nejen let z Madridu do New Yorku, ale i kari\u00e9ru mu\u017ee v kokpitu.\",\"datePublished\":\"2026-04-26T07:45:20+00:00\",\"dateModified\":\"2026-04-26T07:45:21+00:00\",\"mainEntityOfPage\":{\"@id\":\"https:\\\/\\\/mybook.am\\\/?p=27654\"},\"wordCount\":652,\"commentCount\":0,\"image\":{\"@id\":\"https:\\\/\\\/mybook.am\\\/?p=27654#primaryimage\"},\"thumbnailUrl\":\"https:\\\/\\\/mybook.am\\\/wp-content\\\/uploads\\\/2026\\\/04\\\/798465498465.png\",\"articleSection\":[\"\u010cesk\u00e1\"],\"inLanguage\":\"ru-RU\",\"potentialAction\":[{\"@type\":\"CommentAction\",\"name\":\"Comment\",\"target\":[\"https:\\\/\\\/mybook.am\\\/?p=27654#respond\"]}]},{\"@type\":\"WebPage\",\"@id\":\"https:\\\/\\\/mybook.am\\\/?p=27654\",\"url\":\"https:\\\/\\\/mybook.am\\\/?p=27654\",\"name\":\"Letadlo u\u017e poj\u00ed\u017ed\u011blo na start, kdy\u017e se v prvn\u00ed t\u0159\u00edd\u011b strhl konflikt, kter\u00fd zastavil nejen let z Madridu do New Yorku, ale i kari\u00e9ru mu\u017ee v kokpitu. -\",\"isPartOf\":{\"@id\":\"https:\\\/\\\/mybook.am\\\/#website\"},\"primaryImageOfPage\":{\"@id\":\"https:\\\/\\\/mybook.am\\\/?p=27654#primaryimage\"},\"image\":{\"@id\":\"https:\\\/\\\/mybook.am\\\/?p=27654#primaryimage\"},\"thumbnailUrl\":\"https:\\\/\\\/mybook.am\\\/wp-content\\\/uploads\\\/2026\\\/04\\\/798465498465.png\",\"datePublished\":\"2026-04-26T07:45:20+00:00\",\"dateModified\":\"2026-04-26T07:45:21+00:00\",\"author\":{\"@id\":\"https:\\\/\\\/mybook.am\\\/#\\\/schema\\\/person\\\/e730847942cff3a199774e803916e97e\"},\"breadcrumb\":{\"@id\":\"https:\\\/\\\/mybook.am\\\/?p=27654#breadcrumb\"},\"inLanguage\":\"ru-RU\",\"potentialAction\":[{\"@type\":\"ReadAction\",\"target\":[\"https:\\\/\\\/mybook.am\\\/?p=27654\"]}]},{\"@type\":\"ImageObject\",\"inLanguage\":\"ru-RU\",\"@id\":\"https:\\\/\\\/mybook.am\\\/?p=27654#primaryimage\",\"url\":\"https:\\\/\\\/mybook.am\\\/wp-content\\\/uploads\\\/2026\\\/04\\\/798465498465.png\",\"contentUrl\":\"https:\\\/\\\/mybook.am\\\/wp-content\\\/uploads\\\/2026\\\/04\\\/798465498465.png\",\"width\":500,\"height\":625},{\"@type\":\"BreadcrumbList\",\"@id\":\"https:\\\/\\\/mybook.am\\\/?p=27654#breadcrumb\",\"itemListElement\":[{\"@type\":\"ListItem\",\"position\":1,\"name\":\"\u0413\u043b\u0430\u0432\u043d\u0430\u044f \u0441\u0442\u0440\u0430\u043d\u0438\u0446\u0430\",\"item\":\"https:\\\/\\\/mybook.am\\\/\"},{\"@type\":\"ListItem\",\"position\":2,\"name\":\"Letadlo u\u017e poj\u00ed\u017ed\u011blo na start, kdy\u017e se v prvn\u00ed t\u0159\u00edd\u011b strhl konflikt, kter\u00fd zastavil nejen let z Madridu do New Yorku, ale i kari\u00e9ru mu\u017ee v kokpitu.\"}]},{\"@type\":\"WebSite\",\"@id\":\"https:\\\/\\\/mybook.am\\\/#website\",\"url\":\"https:\\\/\\\/mybook.am\\\/\",\"name\":\"\",\"description\":\"\",\"potentialAction\":[{\"@type\":\"SearchAction\",\"target\":{\"@type\":\"EntryPoint\",\"urlTemplate\":\"https:\\\/\\\/mybook.am\\\/?s={search_term_string}\"},\"query-input\":{\"@type\":\"PropertyValueSpecification\",\"valueRequired\":true,\"valueName\":\"search_term_string\"}}],\"inLanguage\":\"ru-RU\"},{\"@type\":\"Person\",\"@id\":\"https:\\\/\\\/mybook.am\\\/#\\\/schema\\\/person\\\/e730847942cff3a199774e803916e97e\",\"name\":\"admin\",\"image\":{\"@type\":\"ImageObject\",\"inLanguage\":\"ru-RU\",\"@id\":\"https:\\\/\\\/secure.gravatar.com\\\/avatar\\\/df64e550a0653b7be0f1bcf897f33faad9c2c8153472b2d9319beafb51370f6f?s=96&d=mm&r=g\",\"url\":\"https:\\\/\\\/secure.gravatar.com\\\/avatar\\\/df64e550a0653b7be0f1bcf897f33faad9c2c8153472b2d9319beafb51370f6f?s=96&d=mm&r=g\",\"contentUrl\":\"https:\\\/\\\/secure.gravatar.com\\\/avatar\\\/df64e550a0653b7be0f1bcf897f33faad9c2c8153472b2d9319beafb51370f6f?s=96&d=mm&r=g\",\"caption\":\"admin\"},\"sameAs\":[\"http:\\\/\\\/mybook.am\"],\"url\":\"https:\\\/\\\/mybook.am\\\/?author=1\"}]}<\/script>\n<!-- \/ Yoast SEO plugin. -->","yoast_head_json":{"title":"Letadlo u\u017e poj\u00ed\u017ed\u011blo na start, kdy\u017e se v prvn\u00ed t\u0159\u00edd\u011b strhl konflikt, kter\u00fd zastavil nejen let z Madridu do New Yorku, ale i kari\u00e9ru mu\u017ee v kokpitu. -","robots":{"index":"index","follow":"follow","max-snippet":"max-snippet:-1","max-image-preview":"max-image-preview:large","max-video-preview":"max-video-preview:-1"},"canonical":"https:\/\/mybook.am\/?p=27654","og_locale":"ru_RU","og_type":"article","og_title":"Letadlo u\u017e poj\u00ed\u017ed\u011blo na start, kdy\u017e se v prvn\u00ed t\u0159\u00edd\u011b strhl konflikt, kter\u00fd zastavil nejen let z Madridu do New Yorku, ale i kari\u00e9ru mu\u017ee v kokpitu. -","og_description":"Kapit\u00e1n Alejandro Mart\u00ednez osobn\u011b zas\u00e1hl do sporu o sedadlo \u2014 a ud\u011blal rozhodnut\u00ed, kter\u00e9ho bude pozd\u011bji litovat.V centru pozornosti byla pasa\u017e\u00e9rka na m\u00edst\u011b","og_url":"https:\/\/mybook.am\/?p=27654","article_published_time":"2026-04-26T07:45:20+00:00","article_modified_time":"2026-04-26T07:45:21+00:00","og_image":[{"width":500,"height":625,"url":"https:\/\/mybook.am\/wp-content\/uploads\/2026\/04\/798465498465.png","type":"image\/png"}],"author":"admin","twitter_card":"summary_large_image","twitter_misc":{"\u041d\u0430\u043f\u0438\u0441\u0430\u043d\u043e \u0430\u0432\u0442\u043e\u0440\u043e\u043c":"admin","\u041f\u0440\u0438\u043c\u0435\u0440\u043d\u043e\u0435 \u0432\u0440\u0435\u043c\u044f \u0434\u043b\u044f \u0447\u0442\u0435\u043d\u0438\u044f":"3 \u043c\u0438\u043d\u0443\u0442\u044b"},"schema":{"@context":"https:\/\/schema.org","@graph":[{"@type":"Article","@id":"https:\/\/mybook.am\/?p=27654#article","isPartOf":{"@id":"https:\/\/mybook.am\/?p=27654"},"author":{"name":"admin","@id":"https:\/\/mybook.am\/#\/schema\/person\/e730847942cff3a199774e803916e97e"},"headline":"Letadlo u\u017e poj\u00ed\u017ed\u011blo na start, kdy\u017e se v prvn\u00ed t\u0159\u00edd\u011b strhl konflikt, kter\u00fd zastavil nejen let z Madridu do New Yorku, ale i kari\u00e9ru mu\u017ee v kokpitu.","datePublished":"2026-04-26T07:45:20+00:00","dateModified":"2026-04-26T07:45:21+00:00","mainEntityOfPage":{"@id":"https:\/\/mybook.am\/?p=27654"},"wordCount":652,"commentCount":0,"image":{"@id":"https:\/\/mybook.am\/?p=27654#primaryimage"},"thumbnailUrl":"https:\/\/mybook.am\/wp-content\/uploads\/2026\/04\/798465498465.png","articleSection":["\u010cesk\u00e1"],"inLanguage":"ru-RU","potentialAction":[{"@type":"CommentAction","name":"Comment","target":["https:\/\/mybook.am\/?p=27654#respond"]}]},{"@type":"WebPage","@id":"https:\/\/mybook.am\/?p=27654","url":"https:\/\/mybook.am\/?p=27654","name":"Letadlo u\u017e poj\u00ed\u017ed\u011blo na start, kdy\u017e se v prvn\u00ed t\u0159\u00edd\u011b strhl konflikt, kter\u00fd zastavil nejen let z Madridu do New Yorku, ale i kari\u00e9ru mu\u017ee v kokpitu. -","isPartOf":{"@id":"https:\/\/mybook.am\/#website"},"primaryImageOfPage":{"@id":"https:\/\/mybook.am\/?p=27654#primaryimage"},"image":{"@id":"https:\/\/mybook.am\/?p=27654#primaryimage"},"thumbnailUrl":"https:\/\/mybook.am\/wp-content\/uploads\/2026\/04\/798465498465.png","datePublished":"2026-04-26T07:45:20+00:00","dateModified":"2026-04-26T07:45:21+00:00","author":{"@id":"https:\/\/mybook.am\/#\/schema\/person\/e730847942cff3a199774e803916e97e"},"breadcrumb":{"@id":"https:\/\/mybook.am\/?p=27654#breadcrumb"},"inLanguage":"ru-RU","potentialAction":[{"@type":"ReadAction","target":["https:\/\/mybook.am\/?p=27654"]}]},{"@type":"ImageObject","inLanguage":"ru-RU","@id":"https:\/\/mybook.am\/?p=27654#primaryimage","url":"https:\/\/mybook.am\/wp-content\/uploads\/2026\/04\/798465498465.png","contentUrl":"https:\/\/mybook.am\/wp-content\/uploads\/2026\/04\/798465498465.png","width":500,"height":625},{"@type":"BreadcrumbList","@id":"https:\/\/mybook.am\/?p=27654#breadcrumb","itemListElement":[{"@type":"ListItem","position":1,"name":"\u0413\u043b\u0430\u0432\u043d\u0430\u044f \u0441\u0442\u0440\u0430\u043d\u0438\u0446\u0430","item":"https:\/\/mybook.am\/"},{"@type":"ListItem","position":2,"name":"Letadlo u\u017e poj\u00ed\u017ed\u011blo na start, kdy\u017e se v prvn\u00ed t\u0159\u00edd\u011b strhl konflikt, kter\u00fd zastavil nejen let z Madridu do New Yorku, ale i kari\u00e9ru mu\u017ee v kokpitu."}]},{"@type":"WebSite","@id":"https:\/\/mybook.am\/#website","url":"https:\/\/mybook.am\/","name":"","description":"","potentialAction":[{"@type":"SearchAction","target":{"@type":"EntryPoint","urlTemplate":"https:\/\/mybook.am\/?s={search_term_string}"},"query-input":{"@type":"PropertyValueSpecification","valueRequired":true,"valueName":"search_term_string"}}],"inLanguage":"ru-RU"},{"@type":"Person","@id":"https:\/\/mybook.am\/#\/schema\/person\/e730847942cff3a199774e803916e97e","name":"admin","image":{"@type":"ImageObject","inLanguage":"ru-RU","@id":"https:\/\/secure.gravatar.com\/avatar\/df64e550a0653b7be0f1bcf897f33faad9c2c8153472b2d9319beafb51370f6f?s=96&d=mm&r=g","url":"https:\/\/secure.gravatar.com\/avatar\/df64e550a0653b7be0f1bcf897f33faad9c2c8153472b2d9319beafb51370f6f?s=96&d=mm&r=g","contentUrl":"https:\/\/secure.gravatar.com\/avatar\/df64e550a0653b7be0f1bcf897f33faad9c2c8153472b2d9319beafb51370f6f?s=96&d=mm&r=g","caption":"admin"},"sameAs":["http:\/\/mybook.am"],"url":"https:\/\/mybook.am\/?author=1"}]}},"views":36,"_links":{"self":[{"href":"https:\/\/mybook.am\/index.php?rest_route=\/wp\/v2\/posts\/27654","targetHints":{"allow":["GET"]}}],"collection":[{"href":"https:\/\/mybook.am\/index.php?rest_route=\/wp\/v2\/posts"}],"about":[{"href":"https:\/\/mybook.am\/index.php?rest_route=\/wp\/v2\/types\/post"}],"author":[{"embeddable":true,"href":"https:\/\/mybook.am\/index.php?rest_route=\/wp\/v2\/users\/1"}],"replies":[{"embeddable":true,"href":"https:\/\/mybook.am\/index.php?rest_route=%2Fwp%2Fv2%2Fcomments&post=27654"}],"version-history":[{"count":1,"href":"https:\/\/mybook.am\/index.php?rest_route=\/wp\/v2\/posts\/27654\/revisions"}],"predecessor-version":[{"id":27656,"href":"https:\/\/mybook.am\/index.php?rest_route=\/wp\/v2\/posts\/27654\/revisions\/27656"}],"wp:featuredmedia":[{"embeddable":true,"href":"https:\/\/mybook.am\/index.php?rest_route=\/wp\/v2\/media\/27655"}],"wp:attachment":[{"href":"https:\/\/mybook.am\/index.php?rest_route=%2Fwp%2Fv2%2Fmedia&parent=27654"}],"wp:term":[{"taxonomy":"category","embeddable":true,"href":"https:\/\/mybook.am\/index.php?rest_route=%2Fwp%2Fv2%2Fcategories&post=27654"},{"taxonomy":"post_tag","embeddable":true,"href":"https:\/\/mybook.am\/index.php?rest_route=%2Fwp%2Fv2%2Ftags&post=27654"}],"curies":[{"name":"wp","href":"https:\/\/api.w.org\/{rel}","templated":true}]}}