{"id":27658,"date":"2026-04-27T08:20:06","date_gmt":"2026-04-27T05:20:06","guid":{"rendered":"https:\/\/mybook.am\/?p=27658"},"modified":"2026-04-27T08:20:07","modified_gmt":"2026-04-27T05:20:07","slug":"tri-motocykly-s-kvilenim-brzd-zastavi-primo-pred-mladou-zenou-v-temer-prazdnem-parku","status":"publish","type":"post","link":"https:\/\/mybook.am\/?p=27658","title":{"rendered":"T\u0159i motocykly s kv\u00edlen\u00edm brzd zastav\u00ed p\u0159\u00edmo p\u0159ed mladou \u017eenou v t\u00e9m\u011b\u0159 pr\u00e1zdn\u00e9m parku."},"content":{"rendered":"\n<p>B\u011bhem n\u011bkolika vte\u0159in je jasn\u00e9: nejde o n\u00e1hodu, ale o c\u00edlen\u00fd \u00fatok. T\u0159i mu\u017ei j\u00ed zablokuj\u00ed cestu, po\u017eaduj\u00ed telefon a \u0161perky, p\u0159esv\u011bd\u010den\u00ed, \u017ee narazili na snadnou ko\u0159ist. Netu\u0161\u00ed, jak z\u00e1sadn\u011b se m\u00fdl\u00ed.Veronika pr\u00e1v\u011b dokon\u010dila b\u011bh a na okraji aleje se sna\u017eila popadnout dech, kdy\u017e se to stalo. Kolem nikdo, ticho, \u017e\u00e1dn\u00e1 pomoc na dosah. Situace, ve kter\u00e9 v\u011bt\u0161ina lid\u00ed neodporuje.<\/p>\n\n\n\n<figure class=\"wp-block-image size-full\"><img loading=\"lazy\" decoding=\"async\" width=\"700\" height=\"420\" src=\"https:\/\/mybook.am\/wp-content\/uploads\/2026\/04\/7984132446.jpeg\" alt=\"\" class=\"wp-image-27660\" srcset=\"https:\/\/mybook.am\/wp-content\/uploads\/2026\/04\/7984132446.jpeg 700w, https:\/\/mybook.am\/wp-content\/uploads\/2026\/04\/7984132446-300x180.jpeg 300w\" sizes=\"auto, (max-width: 700px) 100vw, 700px\" \/><\/figure>\n\n\n\n<p>Hlavn\u00ed z nich ud\u011bl\u00e1 krok vp\u0159ed, p\u0159ejede ji pohledem a pousm\u011bje se, jako by u\u017e bylo rozhodnuto. Jeho hlas zn\u00ed klidn\u011b, t\u00e9m\u011b\u0159 lhostejn\u011b, ale je v n\u011bm c\u00edtit zvyk porou\u010det.<\/p>\n\n\n\n<p>\u2014 Telefon. Hodinky. \u0158et\u00edzek. Hned.<\/p>\n\n\n\n<p>Druh\u00fd ji obch\u00e1z\u00ed z boku, t\u0159et\u00ed uzav\u00edr\u00e1 \u00fanikovou cestu. Pohybuj\u00ed se sehran\u011b, jako by to ned\u011blali poprv\u00e9. P\u0159\u00edli\u0161 bl\u00edzko. P\u0159\u00edli\u0161 sebejist\u011b.<\/p>\n\n\n\n<p>Veronika ml\u010d\u00ed. Ned\u011bl\u00e1 prudk\u00e9 pohyby. Jen jej\u00ed pohled n\u00e1hle ztvrdne.<\/p>\n\n\n\n<p>\u2014 Nerozum\u011bla jsi? \u2014 zm\u011bn\u00ed se t\u00f3n l\u00eddra. \u2014 Nechceme to opakovat.<\/p>\n\n\n\n<p>Jeden z nich nat\u00e1hne ruku k jej\u00edmu rameni. Lehk\u00fd dotek. Test. O\u010dek\u00e1v\u00e1n\u00ed strachu.<\/p>\n\n\n\n<p>\u010cekaj\u00ed, \u017ee ustoup\u00ed. \u017de se rozklepe. \u017de za\u010dne sp\u011b\u0161n\u011b sund\u00e1vat v\u011bci.<\/p>\n\n\n\n<p>Nic z toho se nestane.<\/p>\n\n\n\n<p>\u2014 A kdy\u017e ne? \u2014 zept\u00e1 se ti\u0161e.<\/p>\n\n\n\n<p>Mu\u017ei na okam\u017eik ztuhnou. Ta ot\u00e1zka se nehod\u00ed do jejich sc\u00e9n\u00e1\u0159e.<\/p>\n\n\n\n<p>\u2014 Tak to bude hor\u0161\u00ed, \u2014 odpov\u00ed druh\u00fd, u\u017e podr\u00e1\u017ed\u011bn\u011b.<\/p>\n\n\n\n<p>Ud\u011blaj\u00ed dal\u0161\u00ed krok. Tlak roste. \u00danik nen\u00ed.<\/p>\n\n\n\n<p>A pr\u00e1v\u011b v tu chv\u00edli se v\u0161echno l\u00e1me.<\/p>\n\n\n\n<p>Prvn\u00ed ani nestihne pochopit, co se stalo. Rychl\u00fd pohyb \u2014 a u\u017e le\u017e\u00ed na zemi, vyveden\u00fd z rovnov\u00e1hy p\u0159esn\u00fdm \u00faderem. Druh\u00fd se ji pokus\u00ed chytit, ale b\u011bhem vte\u0159iny ztr\u00e1c\u00ed kontrolu a pad\u00e1 vedle n\u011bj.<\/p>\n\n\n\n<p>T\u0159et\u00ed ustoup\u00ed, ale pozd\u011b. Veronika se pohybuje rychle, jist\u011b, bez emoc\u00ed \u2014 jako by to byla rutina.<\/p>\n\n\n\n<p>\u017d\u00e1dn\u00fd k\u0159ik. \u017d\u00e1dn\u00e1 panika. Jen p\u0159esn\u00e9, nau\u010den\u00e9 reakce.<\/p>\n\n\n\n<p>B\u011bhem n\u011bkolika sekund se situace obrac\u00ed. Ti, kte\u0159\u00ed ji obklopovali, jsou zmaten\u00ed, dezorientovan\u00ed a sna\u017e\u00ed se postavit, ani\u017e ch\u00e1pou, co se pokazilo.<\/p>\n\n\n\n<p>\u2014 Co\u2026 co jsi za\u010d\u2026 \u2014 vydechne jeden z nich.<\/p>\n\n\n\n<p>Odpov\u011b\u010f nep\u0159ich\u00e1z\u00ed.<\/p>\n\n\n\n<p>Veronika u\u017e ustupuje a dr\u017e\u00ed si odstup. Pohled klidn\u00fd, dech vyrovnan\u00fd. \u017d\u00e1dn\u00e1 bezmoc, kterou o\u010dek\u00e1vali.<\/p>\n\n\n\n<p>D\u00edvaj\u00ed se na ni jinak. Beze sm\u00edchu. Bez jistoty.<\/p>\n\n\n\n<p>Najednou ch\u00e1pou: nest\u00e1li proti ob\u011bti.<\/p>\n\n\n\n<p>Jeden se vrh\u00e1 k motorce. Druh\u00fd ho n\u00e1sleduje, t\u0159et\u00ed se je\u0161t\u011b oto\u010d\u00ed, ale v o\u010d\u00edch m\u00e1 u\u017e jen strach.<\/p>\n\n\n\n<p>Motory znovu za\u0159vou. Tentokr\u00e1t ne jako uk\u00e1zka s\u00edly, ale jako \u00fat\u011bk.<\/p>\n\n\n\n<p>Alej ztichne.<\/p>\n\n\n\n<p>Veronika z\u016fstane st\u00e1t sama. Uprav\u00ed si vlasy, zkontroluje hodinky, zhluboka se nadechne. V\u0161echno se vrac\u00ed do norm\u00e1lu.<\/p>\n\n\n\n<p>Jen\u017ee tohle nebyla n\u00e1hoda.<\/p>\n\n\n\n<p>Nejnebezpe\u010dn\u011bj\u0161\u00ed na cel\u00e9 situaci nebyl samotn\u00fd \u00fatok. Byla to jejich jistota, \u017ee p\u0159ed nimi v\u017edy stoj\u00ed n\u011bkdo slab\u0161\u00ed.<\/p>\n\n\n\n<p>N\u011bkdy sta\u010d\u00ed jedin\u00e1 minuta, aby se tahle iluze rozpadla.<\/p>\n","protected":false},"excerpt":{"rendered":"B\u011bhem n\u011bkolika vte\u0159in je jasn\u00e9: nejde o n\u00e1hodu, ale o c\u00edlen\u00fd \u00fatok. T\u0159i mu\u017ei j\u00ed zablokuj\u00ed cestu, po\u017eaduj\u00ed telefon a \u0161perky, p\u0159esv\u011bd\u010den\u00ed, \u017ee \n<a class=\"moretag\" href=\"https:\/\/mybook.am\/?p=27658\"> [...]<\/a>","protected":false},"author":1,"featured_media":27660,"comment_status":"open","ping_status":"open","sticky":false,"template":"","format":"standard","meta":{"footnotes":""},"categories":[1],"tags":[],"class_list":["post-27658","post","type-post","status-publish","format-standard","has-post-thumbnail","hentry","category-ceska"],"yoast_head":"<!-- This site is optimized with the Yoast SEO plugin v27.4 - https:\/\/yoast.com\/product\/yoast-seo-wordpress\/ -->\n<title>T\u0159i motocykly s kv\u00edlen\u00edm brzd zastav\u00ed p\u0159\u00edmo p\u0159ed mladou \u017eenou v t\u00e9m\u011b\u0159 pr\u00e1zdn\u00e9m parku. -<\/title>\n<meta name=\"robots\" content=\"index, follow, max-snippet:-1, max-image-preview:large, max-video-preview:-1\" \/>\n<link rel=\"canonical\" href=\"https:\/\/mybook.am\/?p=27658\" \/>\n<meta property=\"og:locale\" content=\"ru_RU\" \/>\n<meta property=\"og:type\" content=\"article\" \/>\n<meta property=\"og:title\" content=\"T\u0159i motocykly s kv\u00edlen\u00edm brzd zastav\u00ed p\u0159\u00edmo p\u0159ed mladou \u017eenou v t\u00e9m\u011b\u0159 pr\u00e1zdn\u00e9m parku. -\" \/>\n<meta property=\"og:description\" content=\"B\u011bhem n\u011bkolika vte\u0159in je jasn\u00e9: nejde o n\u00e1hodu, ale o c\u00edlen\u00fd \u00fatok. T\u0159i mu\u017ei j\u00ed zablokuj\u00ed cestu, po\u017eaduj\u00ed telefon a \u0161perky, p\u0159esv\u011bd\u010den\u00ed, \u017ee\" \/>\n<meta property=\"og:url\" content=\"https:\/\/mybook.am\/?p=27658\" \/>\n<meta property=\"article:published_time\" content=\"2026-04-27T05:20:06+00:00\" \/>\n<meta property=\"article:modified_time\" content=\"2026-04-27T05:20:07+00:00\" \/>\n<meta property=\"og:image\" content=\"https:\/\/mybook.am\/wp-content\/uploads\/2026\/04\/7984132446.jpeg\" \/>\n\t<meta property=\"og:image:width\" content=\"700\" \/>\n\t<meta property=\"og:image:height\" content=\"420\" \/>\n\t<meta property=\"og:image:type\" content=\"image\/jpeg\" \/>\n<meta name=\"author\" content=\"admin\" \/>\n<meta name=\"twitter:card\" content=\"summary_large_image\" \/>\n<meta name=\"twitter:label1\" content=\"\u041d\u0430\u043f\u0438\u0441\u0430\u043d\u043e \u0430\u0432\u0442\u043e\u0440\u043e\u043c\" \/>\n\t<meta name=\"twitter:data1\" content=\"admin\" \/>\n\t<meta name=\"twitter:label2\" content=\"\u041f\u0440\u0438\u043c\u0435\u0440\u043d\u043e\u0435 \u0432\u0440\u0435\u043c\u044f \u0434\u043b\u044f \u0447\u0442\u0435\u043d\u0438\u044f\" \/>\n\t<meta name=\"twitter:data2\" content=\"3 \u043c\u0438\u043d\u0443\u0442\u044b\" \/>\n<script type=\"application\/ld+json\" class=\"yoast-schema-graph\">{\"@context\":\"https:\\\/\\\/schema.org\",\"@graph\":[{\"@type\":\"Article\",\"@id\":\"https:\\\/\\\/mybook.am\\\/?p=27658#article\",\"isPartOf\":{\"@id\":\"https:\\\/\\\/mybook.am\\\/?p=27658\"},\"author\":{\"name\":\"admin\",\"@id\":\"https:\\\/\\\/mybook.am\\\/#\\\/schema\\\/person\\\/e730847942cff3a199774e803916e97e\"},\"headline\":\"T\u0159i motocykly s kv\u00edlen\u00edm brzd zastav\u00ed p\u0159\u00edmo p\u0159ed mladou \u017eenou v t\u00e9m\u011b\u0159 pr\u00e1zdn\u00e9m parku.\",\"datePublished\":\"2026-04-27T05:20:06+00:00\",\"dateModified\":\"2026-04-27T05:20:07+00:00\",\"mainEntityOfPage\":{\"@id\":\"https:\\\/\\\/mybook.am\\\/?p=27658\"},\"wordCount\":532,\"commentCount\":0,\"image\":{\"@id\":\"https:\\\/\\\/mybook.am\\\/?p=27658#primaryimage\"},\"thumbnailUrl\":\"https:\\\/\\\/mybook.am\\\/wp-content\\\/uploads\\\/2026\\\/04\\\/7984132446.jpeg\",\"articleSection\":[\"\u010cesk\u00e1\"],\"inLanguage\":\"ru-RU\",\"potentialAction\":[{\"@type\":\"CommentAction\",\"name\":\"Comment\",\"target\":[\"https:\\\/\\\/mybook.am\\\/?p=27658#respond\"]}]},{\"@type\":\"WebPage\",\"@id\":\"https:\\\/\\\/mybook.am\\\/?p=27658\",\"url\":\"https:\\\/\\\/mybook.am\\\/?p=27658\",\"name\":\"T\u0159i motocykly s kv\u00edlen\u00edm brzd zastav\u00ed p\u0159\u00edmo p\u0159ed mladou \u017eenou v t\u00e9m\u011b\u0159 pr\u00e1zdn\u00e9m parku. -\",\"isPartOf\":{\"@id\":\"https:\\\/\\\/mybook.am\\\/#website\"},\"primaryImageOfPage\":{\"@id\":\"https:\\\/\\\/mybook.am\\\/?p=27658#primaryimage\"},\"image\":{\"@id\":\"https:\\\/\\\/mybook.am\\\/?p=27658#primaryimage\"},\"thumbnailUrl\":\"https:\\\/\\\/mybook.am\\\/wp-content\\\/uploads\\\/2026\\\/04\\\/7984132446.jpeg\",\"datePublished\":\"2026-04-27T05:20:06+00:00\",\"dateModified\":\"2026-04-27T05:20:07+00:00\",\"author\":{\"@id\":\"https:\\\/\\\/mybook.am\\\/#\\\/schema\\\/person\\\/e730847942cff3a199774e803916e97e\"},\"breadcrumb\":{\"@id\":\"https:\\\/\\\/mybook.am\\\/?p=27658#breadcrumb\"},\"inLanguage\":\"ru-RU\",\"potentialAction\":[{\"@type\":\"ReadAction\",\"target\":[\"https:\\\/\\\/mybook.am\\\/?p=27658\"]}]},{\"@type\":\"ImageObject\",\"inLanguage\":\"ru-RU\",\"@id\":\"https:\\\/\\\/mybook.am\\\/?p=27658#primaryimage\",\"url\":\"https:\\\/\\\/mybook.am\\\/wp-content\\\/uploads\\\/2026\\\/04\\\/7984132446.jpeg\",\"contentUrl\":\"https:\\\/\\\/mybook.am\\\/wp-content\\\/uploads\\\/2026\\\/04\\\/7984132446.jpeg\",\"width\":700,\"height\":420},{\"@type\":\"BreadcrumbList\",\"@id\":\"https:\\\/\\\/mybook.am\\\/?p=27658#breadcrumb\",\"itemListElement\":[{\"@type\":\"ListItem\",\"position\":1,\"name\":\"\u0413\u043b\u0430\u0432\u043d\u0430\u044f \u0441\u0442\u0440\u0430\u043d\u0438\u0446\u0430\",\"item\":\"https:\\\/\\\/mybook.am\\\/\"},{\"@type\":\"ListItem\",\"position\":2,\"name\":\"T\u0159i motocykly s kv\u00edlen\u00edm brzd zastav\u00ed p\u0159\u00edmo p\u0159ed mladou \u017eenou v t\u00e9m\u011b\u0159 pr\u00e1zdn\u00e9m parku.\"}]},{\"@type\":\"WebSite\",\"@id\":\"https:\\\/\\\/mybook.am\\\/#website\",\"url\":\"https:\\\/\\\/mybook.am\\\/\",\"name\":\"\",\"description\":\"\",\"potentialAction\":[{\"@type\":\"SearchAction\",\"target\":{\"@type\":\"EntryPoint\",\"urlTemplate\":\"https:\\\/\\\/mybook.am\\\/?s={search_term_string}\"},\"query-input\":{\"@type\":\"PropertyValueSpecification\",\"valueRequired\":true,\"valueName\":\"search_term_string\"}}],\"inLanguage\":\"ru-RU\"},{\"@type\":\"Person\",\"@id\":\"https:\\\/\\\/mybook.am\\\/#\\\/schema\\\/person\\\/e730847942cff3a199774e803916e97e\",\"name\":\"admin\",\"image\":{\"@type\":\"ImageObject\",\"inLanguage\":\"ru-RU\",\"@id\":\"https:\\\/\\\/secure.gravatar.com\\\/avatar\\\/df64e550a0653b7be0f1bcf897f33faad9c2c8153472b2d9319beafb51370f6f?s=96&d=mm&r=g\",\"url\":\"https:\\\/\\\/secure.gravatar.com\\\/avatar\\\/df64e550a0653b7be0f1bcf897f33faad9c2c8153472b2d9319beafb51370f6f?s=96&d=mm&r=g\",\"contentUrl\":\"https:\\\/\\\/secure.gravatar.com\\\/avatar\\\/df64e550a0653b7be0f1bcf897f33faad9c2c8153472b2d9319beafb51370f6f?s=96&d=mm&r=g\",\"caption\":\"admin\"},\"sameAs\":[\"http:\\\/\\\/mybook.am\"],\"url\":\"https:\\\/\\\/mybook.am\\\/?author=1\"}]}<\/script>\n<!-- \/ Yoast SEO plugin. -->","yoast_head_json":{"title":"T\u0159i motocykly s kv\u00edlen\u00edm brzd zastav\u00ed p\u0159\u00edmo p\u0159ed mladou \u017eenou v t\u00e9m\u011b\u0159 pr\u00e1zdn\u00e9m parku. -","robots":{"index":"index","follow":"follow","max-snippet":"max-snippet:-1","max-image-preview":"max-image-preview:large","max-video-preview":"max-video-preview:-1"},"canonical":"https:\/\/mybook.am\/?p=27658","og_locale":"ru_RU","og_type":"article","og_title":"T\u0159i motocykly s kv\u00edlen\u00edm brzd zastav\u00ed p\u0159\u00edmo p\u0159ed mladou \u017eenou v t\u00e9m\u011b\u0159 pr\u00e1zdn\u00e9m parku. -","og_description":"B\u011bhem n\u011bkolika vte\u0159in je jasn\u00e9: nejde o n\u00e1hodu, ale o c\u00edlen\u00fd \u00fatok. T\u0159i mu\u017ei j\u00ed zablokuj\u00ed cestu, po\u017eaduj\u00ed telefon a \u0161perky, p\u0159esv\u011bd\u010den\u00ed, \u017ee","og_url":"https:\/\/mybook.am\/?p=27658","article_published_time":"2026-04-27T05:20:06+00:00","article_modified_time":"2026-04-27T05:20:07+00:00","og_image":[{"width":700,"height":420,"url":"https:\/\/mybook.am\/wp-content\/uploads\/2026\/04\/7984132446.jpeg","type":"image\/jpeg"}],"author":"admin","twitter_card":"summary_large_image","twitter_misc":{"\u041d\u0430\u043f\u0438\u0441\u0430\u043d\u043e \u0430\u0432\u0442\u043e\u0440\u043e\u043c":"admin","\u041f\u0440\u0438\u043c\u0435\u0440\u043d\u043e\u0435 \u0432\u0440\u0435\u043c\u044f \u0434\u043b\u044f \u0447\u0442\u0435\u043d\u0438\u044f":"3 \u043c\u0438\u043d\u0443\u0442\u044b"},"schema":{"@context":"https:\/\/schema.org","@graph":[{"@type":"Article","@id":"https:\/\/mybook.am\/?p=27658#article","isPartOf":{"@id":"https:\/\/mybook.am\/?p=27658"},"author":{"name":"admin","@id":"https:\/\/mybook.am\/#\/schema\/person\/e730847942cff3a199774e803916e97e"},"headline":"T\u0159i motocykly s kv\u00edlen\u00edm brzd zastav\u00ed p\u0159\u00edmo p\u0159ed mladou \u017eenou v t\u00e9m\u011b\u0159 pr\u00e1zdn\u00e9m parku.","datePublished":"2026-04-27T05:20:06+00:00","dateModified":"2026-04-27T05:20:07+00:00","mainEntityOfPage":{"@id":"https:\/\/mybook.am\/?p=27658"},"wordCount":532,"commentCount":0,"image":{"@id":"https:\/\/mybook.am\/?p=27658#primaryimage"},"thumbnailUrl":"https:\/\/mybook.am\/wp-content\/uploads\/2026\/04\/7984132446.jpeg","articleSection":["\u010cesk\u00e1"],"inLanguage":"ru-RU","potentialAction":[{"@type":"CommentAction","name":"Comment","target":["https:\/\/mybook.am\/?p=27658#respond"]}]},{"@type":"WebPage","@id":"https:\/\/mybook.am\/?p=27658","url":"https:\/\/mybook.am\/?p=27658","name":"T\u0159i motocykly s kv\u00edlen\u00edm brzd zastav\u00ed p\u0159\u00edmo p\u0159ed mladou \u017eenou v t\u00e9m\u011b\u0159 pr\u00e1zdn\u00e9m parku. -","isPartOf":{"@id":"https:\/\/mybook.am\/#website"},"primaryImageOfPage":{"@id":"https:\/\/mybook.am\/?p=27658#primaryimage"},"image":{"@id":"https:\/\/mybook.am\/?p=27658#primaryimage"},"thumbnailUrl":"https:\/\/mybook.am\/wp-content\/uploads\/2026\/04\/7984132446.jpeg","datePublished":"2026-04-27T05:20:06+00:00","dateModified":"2026-04-27T05:20:07+00:00","author":{"@id":"https:\/\/mybook.am\/#\/schema\/person\/e730847942cff3a199774e803916e97e"},"breadcrumb":{"@id":"https:\/\/mybook.am\/?p=27658#breadcrumb"},"inLanguage":"ru-RU","potentialAction":[{"@type":"ReadAction","target":["https:\/\/mybook.am\/?p=27658"]}]},{"@type":"ImageObject","inLanguage":"ru-RU","@id":"https:\/\/mybook.am\/?p=27658#primaryimage","url":"https:\/\/mybook.am\/wp-content\/uploads\/2026\/04\/7984132446.jpeg","contentUrl":"https:\/\/mybook.am\/wp-content\/uploads\/2026\/04\/7984132446.jpeg","width":700,"height":420},{"@type":"BreadcrumbList","@id":"https:\/\/mybook.am\/?p=27658#breadcrumb","itemListElement":[{"@type":"ListItem","position":1,"name":"\u0413\u043b\u0430\u0432\u043d\u0430\u044f \u0441\u0442\u0440\u0430\u043d\u0438\u0446\u0430","item":"https:\/\/mybook.am\/"},{"@type":"ListItem","position":2,"name":"T\u0159i motocykly s kv\u00edlen\u00edm brzd zastav\u00ed p\u0159\u00edmo p\u0159ed mladou \u017eenou v t\u00e9m\u011b\u0159 pr\u00e1zdn\u00e9m parku."}]},{"@type":"WebSite","@id":"https:\/\/mybook.am\/#website","url":"https:\/\/mybook.am\/","name":"","description":"","potentialAction":[{"@type":"SearchAction","target":{"@type":"EntryPoint","urlTemplate":"https:\/\/mybook.am\/?s={search_term_string}"},"query-input":{"@type":"PropertyValueSpecification","valueRequired":true,"valueName":"search_term_string"}}],"inLanguage":"ru-RU"},{"@type":"Person","@id":"https:\/\/mybook.am\/#\/schema\/person\/e730847942cff3a199774e803916e97e","name":"admin","image":{"@type":"ImageObject","inLanguage":"ru-RU","@id":"https:\/\/secure.gravatar.com\/avatar\/df64e550a0653b7be0f1bcf897f33faad9c2c8153472b2d9319beafb51370f6f?s=96&d=mm&r=g","url":"https:\/\/secure.gravatar.com\/avatar\/df64e550a0653b7be0f1bcf897f33faad9c2c8153472b2d9319beafb51370f6f?s=96&d=mm&r=g","contentUrl":"https:\/\/secure.gravatar.com\/avatar\/df64e550a0653b7be0f1bcf897f33faad9c2c8153472b2d9319beafb51370f6f?s=96&d=mm&r=g","caption":"admin"},"sameAs":["http:\/\/mybook.am"],"url":"https:\/\/mybook.am\/?author=1"}]}},"views":27,"_links":{"self":[{"href":"https:\/\/mybook.am\/index.php?rest_route=\/wp\/v2\/posts\/27658","targetHints":{"allow":["GET"]}}],"collection":[{"href":"https:\/\/mybook.am\/index.php?rest_route=\/wp\/v2\/posts"}],"about":[{"href":"https:\/\/mybook.am\/index.php?rest_route=\/wp\/v2\/types\/post"}],"author":[{"embeddable":true,"href":"https:\/\/mybook.am\/index.php?rest_route=\/wp\/v2\/users\/1"}],"replies":[{"embeddable":true,"href":"https:\/\/mybook.am\/index.php?rest_route=%2Fwp%2Fv2%2Fcomments&post=27658"}],"version-history":[{"count":1,"href":"https:\/\/mybook.am\/index.php?rest_route=\/wp\/v2\/posts\/27658\/revisions"}],"predecessor-version":[{"id":27662,"href":"https:\/\/mybook.am\/index.php?rest_route=\/wp\/v2\/posts\/27658\/revisions\/27662"}],"wp:featuredmedia":[{"embeddable":true,"href":"https:\/\/mybook.am\/index.php?rest_route=\/wp\/v2\/media\/27660"}],"wp:attachment":[{"href":"https:\/\/mybook.am\/index.php?rest_route=%2Fwp%2Fv2%2Fmedia&parent=27658"}],"wp:term":[{"taxonomy":"category","embeddable":true,"href":"https:\/\/mybook.am\/index.php?rest_route=%2Fwp%2Fv2%2Fcategories&post=27658"},{"taxonomy":"post_tag","embeddable":true,"href":"https:\/\/mybook.am\/index.php?rest_route=%2Fwp%2Fv2%2Ftags&post=27658"}],"curies":[{"name":"wp","href":"https:\/\/api.w.org\/{rel}","templated":true}]}}