{"id":27664,"date":"2026-04-27T15:57:09","date_gmt":"2026-04-27T12:57:09","guid":{"rendered":"https:\/\/mybook.am\/?p=27664"},"modified":"2026-04-27T15:57:09","modified_gmt":"2026-04-27T12:57:09","slug":"veta-pronesena-na-pohrbu-rozbila-osmadvacet-let-manzelstvi-behem-nekolika-vterin","status":"publish","type":"post","link":"https:\/\/mybook.am\/?p=27664","title":{"rendered":"V\u011bta pronesen\u00e1 na poh\u0159bu rozbila osmadvacet let man\u017eelstv\u00ed b\u011bhem n\u011bkolika vte\u0159in."},"content":{"rendered":"\n<p>P\u0159\u00edmo u rakve ke mn\u011b p\u0159i\u0161la nezn\u00e1m\u00e1 dosp\u00edvaj\u00edc\u00ed d\u00edvka a za\u0161eptala: \u201eOn sl\u00edbil, \u017ee se o m\u011b postar\u00e1\u0161.\u201c Stalo se to p\u0159ed lidmi, v okam\u017eiku, kdy jsem je\u0161t\u011b nedok\u00e1zala p\u0159ijmout jeho smrt. Pr\u00e1v\u011b to z toho ud\u011blalo n\u011bco d\u011bsiv\u011b neskute\u010dn\u00e9ho.S Danielem jsem \u017eila t\u00e9m\u011b\u0159 t\u0159i desetilet\u00ed. Dost dlouho na to, abych si byla jist\u00e1, \u017ee v jeho \u017eivot\u011b nejsou \u017e\u00e1dn\u00e1 tajemstv\u00ed. Nebyli jsme p\u00e1r, kde si ka\u017ed\u00fd \u017eije sv\u016fj vlastn\u00ed sv\u011bt. V\u0161echno bylo na o\u010d\u00edch \u2014 zvyky, minulost, p\u0159\u00e1tel\u00e9, dokonce i drobnosti.<\/p>\n\n\n\n<figure class=\"wp-block-image size-full\"><img loading=\"lazy\" decoding=\"async\" width=\"700\" height=\"525\" src=\"https:\/\/mybook.am\/wp-content\/uploads\/2026\/04\/87984654894.jpg\" alt=\"\" class=\"wp-image-27665\" srcset=\"https:\/\/mybook.am\/wp-content\/uploads\/2026\/04\/87984654894.jpg 700w, https:\/\/mybook.am\/wp-content\/uploads\/2026\/04\/87984654894-300x225.jpg 300w\" sizes=\"auto, (max-width: 700px) 100vw, 700px\" \/><\/figure>\n\n\n\n<p>\u017d\u00e1dn\u00e1 z\u00e1hadn\u00e1 zmizen\u00ed. \u017d\u00e1dn\u00e9 skryt\u00e9 hovory. Jen oby\u010dejn\u00fd \u017eivot: ned\u011bln\u00ed n\u00e1kupy, rann\u00ed k\u00e1va, tich\u00e9 ve\u010dery, kdy u\u017e slova nebyla pot\u0159eba.<\/p>\n\n\n\n<p>A pak \u2014 konec. Srdce se zastavilo p\u0159\u00edmo p\u0159ed domem. Bez varov\u00e1n\u00ed. Minutu p\u0159edt\u00edm mluvil o plot\u011b, kter\u00fd cht\u011bl nat\u0159\u00edt, a o chv\u00edli pozd\u011bji jsem sed\u011bla v sanitce, dr\u017eela ho za ruku a sna\u017eila se ho udr\u017eet p\u0159i \u017eivot\u011b. Jeho prsty ochably je\u0161t\u011b d\u0159\u00edv, ne\u017e jsme dorazili do nemocnice.<\/p>\n\n\n\n<p>Poh\u0159eb prob\u011bhl jako v mlze. Lid\u00e9 p\u0159ich\u00e1zeli, \u0159\u00edkali slova, kter\u00e1 jsem sotva sly\u0161ela. P\u0159ikyvovala jsem, d\u011bkovala, ale uvnit\u0159 bylo pr\u00e1zdno.<\/p>\n\n\n\n<p>A pr\u00e1v\u011b tehdy jsem si j\u00ed v\u0161imla.<\/p>\n\n\n\n<p>\u0160t\u00edhl\u00e1 postava v tmav\u00e9m oble\u010den\u00ed, patn\u00e1ct, mo\u017en\u00e1 \u0161estn\u00e1ct let. St\u00e1la stranou, odd\u011blen\u011b od ostatn\u00edch. Nemluvila s nik\u00fdm. Jen se d\u00edvala. Ne na rakev \u2014 na m\u011b.<\/p>\n\n\n\n<p>P\u0159\u00edli\u0161 pozorn\u011b.<\/p>\n\n\n\n<p>Kdy\u017e se lid\u00e9 za\u010dali rozch\u00e1zet, vydala se ke mn\u011b. Krok za krokem, jako by v\u011bd\u011bla, \u017ee ten rozhovor mus\u00ed p\u0159ij\u00edt.<\/p>\n\n\n\n<p>\u201eUp\u0159\u00edmnou soustrast,\u201c \u0159ekla ti\u0161e.<\/p>\n\n\n\n<p>Odpov\u011bd\u011bla jsem automaticky. V tu chv\u00edli slova nic neznamenala.<\/p>\n\n\n\n<p>Zav\u00e1hala. Vypadalo to, \u017ee odejde. Ale pak se mi pod\u00edvala p\u0159\u00edmo do o\u010d\u00ed a \u0159ekla:<\/p>\n\n\n\n<p>\u201e\u0158ekl mi, \u017ee kdyby se mu n\u011bco stalo\u2026 postar\u00e1\u0161 se o m\u011b.\u201c<\/p>\n\n\n\n<p>Sv\u011bt se na okam\u017eik rozpadl.<\/p>\n\n\n\n<p>Zeptala jsem se znovu, v nad\u011bji, \u017ee jsem se p\u0159eslechla. Neuhla pohledem.<\/p>\n\n\n\n<p>\u201eOn mi to sl\u00edbil,\u201c zopakovala.<\/p>\n\n\n\n<p>Uvnit\u0159 se n\u011bco zlomilo. Nebyla to jen bolest \u2014 byl to chladn\u00fd, nep\u0159\u00edjemn\u00fd pocit podez\u0159en\u00ed.<\/p>\n\n\n\n<p>Kdo to je? Odkud zn\u00e1 m\u00e9ho mu\u017ee? A pro\u010d mluv\u00ed, jako by mezi nimi bylo n\u011bco, o \u010dem jsem nem\u011bla tu\u0161en\u00ed?<\/p>\n\n\n\n<p>D\u00edvala jsem se na ni a sna\u017eila se naj\u00edt cokoli zn\u00e1m\u00e9ho. Rysy, pohled, gesta. Nic.<\/p>\n\n\n\n<p>Ale jej\u00ed jistota byla p\u0159\u00edli\u0161 skute\u010dn\u00e1, ne\u017e aby to byla chyba.<\/p>\n\n\n\n<p>\u201eJak se jmenuje\u0161?\u201c zeptala jsem se.<\/p>\n\n\n\n<p>\u0158ekla jm\u00e9no, kter\u00e9 jsem nikdy nesly\u0161ela.<\/p>\n\n\n\n<p>Ani jednou za t\u011bch osmadvacet let.<\/p>\n\n\n\n<p>A pak ud\u011blala n\u011bco, co mi definitivn\u011b vzalo p\u016fdu pod nohama.<\/p>\n\n\n\n<p>Vyt\u00e1hla z kapsy starou fotografii.<\/p>\n\n\n\n<p>Na n\u00ed byl Daniel.<\/p>\n\n\n\n<p>Mlad\u0161\u00ed, ale bez pochybnost\u00ed to byl on. A vedle n\u011bj st\u00e1la ona. Ta sam\u00e1 d\u00edvka, jen je\u0161t\u011b mlad\u0161\u00ed. Dr\u017eel ji za ramena. Ne jako ciz\u00ed \u010dlov\u011bk.<\/p>\n\n\n\n<p>Jako n\u011bkdo bl\u00edzk\u00fd.<\/p>\n\n\n\n<p>\u201eChodil za mnou,\u201c \u0159ekla. \u201eNe \u010dasto. Ale v\u017edycky \u0159\u00edkal, \u017ee to jednou vysv\u011btl\u00ed.\u201c<\/p>\n\n\n\n<p>Ta slova zas\u00e1hla v\u00edc ne\u017e samotn\u00e1 smrt.<\/p>\n\n\n\n<p>M\u016fj \u017eivot se za\u010dal rozpadat pr\u00e1v\u011b ve chv\u00edli, kdy jsem st\u00e1la vedle jeho rakve.<\/p>\n\n\n\n<p>\u017dila jsem s \u010dlov\u011bkem t\u00e9m\u011b\u0159 t\u0159icet let \u2014 a mo\u017en\u00e1 jsem o n\u011bm nev\u011bd\u011bla to nejd\u016fle\u017eit\u011bj\u0161\u00ed.<\/p>\n\n\n\n<p>\u201eKde?\u201c vydechla jsem.<\/p>\n\n\n\n<p>\u0158ekla m\u00edsto. Jin\u00e1 \u010dtvr\u0165. Jin\u00fd \u017eivot.<\/p>\n\n\n\n<p>Ten, o kter\u00e9m jsem nikdy nesly\u0161ela.<\/p>\n\n\n\n<p>A tehdy mi do\u0161lo n\u011bco, co bylo skute\u010dn\u011b d\u011bsiv\u00e9.<\/p>\n\n\n\n<p>Smrt nevzala jen \u010dlov\u011bka. Zanechala po sob\u011b tajemstv\u00ed, kter\u00e9 se teprve za\u010d\u00edn\u00e1 odhalovat.<\/p>\n\n\n\n<p>A mo\u017en\u00e1 nejbolestiv\u011bj\u0161\u00ed na tom v\u0161em nen\u00ed zrada.<\/p>\n\n\n\n<p>Ale to, \u017ee u\u017e nen\u00ed koho se zeptat.<\/p>\n","protected":false},"excerpt":{"rendered":"P\u0159\u00edmo u rakve ke mn\u011b p\u0159i\u0161la nezn\u00e1m\u00e1 dosp\u00edvaj\u00edc\u00ed d\u00edvka a za\u0161eptala: \u201eOn sl\u00edbil, \u017ee se o m\u011b postar\u00e1\u0161.\u201c Stalo se to p\u0159ed lidmi, \n<a class=\"moretag\" href=\"https:\/\/mybook.am\/?p=27664\"> [...]<\/a>","protected":false},"author":1,"featured_media":27665,"comment_status":"open","ping_status":"open","sticky":false,"template":"","format":"standard","meta":{"footnotes":""},"categories":[1],"tags":[],"class_list":["post-27664","post","type-post","status-publish","format-standard","has-post-thumbnail","hentry","category-ceska"],"yoast_head":"<!-- This site is optimized with the Yoast SEO plugin v27.4 - https:\/\/yoast.com\/product\/yoast-seo-wordpress\/ -->\n<title>V\u011bta pronesen\u00e1 na poh\u0159bu rozbila osmadvacet let man\u017eelstv\u00ed b\u011bhem n\u011bkolika vte\u0159in. -<\/title>\n<meta name=\"robots\" content=\"index, follow, max-snippet:-1, max-image-preview:large, max-video-preview:-1\" \/>\n<link rel=\"canonical\" href=\"https:\/\/mybook.am\/?p=27664\" \/>\n<meta property=\"og:locale\" content=\"ru_RU\" \/>\n<meta property=\"og:type\" content=\"article\" \/>\n<meta property=\"og:title\" content=\"V\u011bta pronesen\u00e1 na poh\u0159bu rozbila osmadvacet let man\u017eelstv\u00ed b\u011bhem n\u011bkolika vte\u0159in. -\" \/>\n<meta property=\"og:description\" content=\"P\u0159\u00edmo u rakve ke mn\u011b p\u0159i\u0161la nezn\u00e1m\u00e1 dosp\u00edvaj\u00edc\u00ed d\u00edvka a za\u0161eptala: \u201eOn sl\u00edbil, \u017ee se o m\u011b postar\u00e1\u0161.\u201c Stalo se to p\u0159ed lidmi,\" \/>\n<meta property=\"og:url\" content=\"https:\/\/mybook.am\/?p=27664\" \/>\n<meta property=\"article:published_time\" content=\"2026-04-27T12:57:09+00:00\" \/>\n<meta property=\"og:image\" content=\"https:\/\/mybook.am\/wp-content\/uploads\/2026\/04\/87984654894.jpg\" \/>\n\t<meta property=\"og:image:width\" content=\"700\" \/>\n\t<meta property=\"og:image:height\" content=\"525\" \/>\n\t<meta property=\"og:image:type\" content=\"image\/jpeg\" \/>\n<meta name=\"author\" content=\"admin\" \/>\n<meta name=\"twitter:card\" content=\"summary_large_image\" \/>\n<meta name=\"twitter:label1\" content=\"\u041d\u0430\u043f\u0438\u0441\u0430\u043d\u043e \u0430\u0432\u0442\u043e\u0440\u043e\u043c\" \/>\n\t<meta name=\"twitter:data1\" content=\"admin\" \/>\n\t<meta name=\"twitter:label2\" content=\"\u041f\u0440\u0438\u043c\u0435\u0440\u043d\u043e\u0435 \u0432\u0440\u0435\u043c\u044f \u0434\u043b\u044f \u0447\u0442\u0435\u043d\u0438\u044f\" \/>\n\t<meta name=\"twitter:data2\" content=\"4 \u043c\u0438\u043d\u0443\u0442\u044b\" \/>\n<script type=\"application\/ld+json\" class=\"yoast-schema-graph\">{\"@context\":\"https:\\\/\\\/schema.org\",\"@graph\":[{\"@type\":\"Article\",\"@id\":\"https:\\\/\\\/mybook.am\\\/?p=27664#article\",\"isPartOf\":{\"@id\":\"https:\\\/\\\/mybook.am\\\/?p=27664\"},\"author\":{\"name\":\"admin\",\"@id\":\"https:\\\/\\\/mybook.am\\\/#\\\/schema\\\/person\\\/e730847942cff3a199774e803916e97e\"},\"headline\":\"V\u011bta pronesen\u00e1 na poh\u0159bu rozbila osmadvacet let man\u017eelstv\u00ed b\u011bhem n\u011bkolika vte\u0159in.\",\"datePublished\":\"2026-04-27T12:57:09+00:00\",\"mainEntityOfPage\":{\"@id\":\"https:\\\/\\\/mybook.am\\\/?p=27664\"},\"wordCount\":688,\"commentCount\":0,\"image\":{\"@id\":\"https:\\\/\\\/mybook.am\\\/?p=27664#primaryimage\"},\"thumbnailUrl\":\"https:\\\/\\\/mybook.am\\\/wp-content\\\/uploads\\\/2026\\\/04\\\/87984654894.jpg\",\"articleSection\":[\"\u010cesk\u00e1\"],\"inLanguage\":\"ru-RU\",\"potentialAction\":[{\"@type\":\"CommentAction\",\"name\":\"Comment\",\"target\":[\"https:\\\/\\\/mybook.am\\\/?p=27664#respond\"]}]},{\"@type\":\"WebPage\",\"@id\":\"https:\\\/\\\/mybook.am\\\/?p=27664\",\"url\":\"https:\\\/\\\/mybook.am\\\/?p=27664\",\"name\":\"V\u011bta pronesen\u00e1 na poh\u0159bu rozbila osmadvacet let man\u017eelstv\u00ed b\u011bhem n\u011bkolika vte\u0159in. -\",\"isPartOf\":{\"@id\":\"https:\\\/\\\/mybook.am\\\/#website\"},\"primaryImageOfPage\":{\"@id\":\"https:\\\/\\\/mybook.am\\\/?p=27664#primaryimage\"},\"image\":{\"@id\":\"https:\\\/\\\/mybook.am\\\/?p=27664#primaryimage\"},\"thumbnailUrl\":\"https:\\\/\\\/mybook.am\\\/wp-content\\\/uploads\\\/2026\\\/04\\\/87984654894.jpg\",\"datePublished\":\"2026-04-27T12:57:09+00:00\",\"author\":{\"@id\":\"https:\\\/\\\/mybook.am\\\/#\\\/schema\\\/person\\\/e730847942cff3a199774e803916e97e\"},\"breadcrumb\":{\"@id\":\"https:\\\/\\\/mybook.am\\\/?p=27664#breadcrumb\"},\"inLanguage\":\"ru-RU\",\"potentialAction\":[{\"@type\":\"ReadAction\",\"target\":[\"https:\\\/\\\/mybook.am\\\/?p=27664\"]}]},{\"@type\":\"ImageObject\",\"inLanguage\":\"ru-RU\",\"@id\":\"https:\\\/\\\/mybook.am\\\/?p=27664#primaryimage\",\"url\":\"https:\\\/\\\/mybook.am\\\/wp-content\\\/uploads\\\/2026\\\/04\\\/87984654894.jpg\",\"contentUrl\":\"https:\\\/\\\/mybook.am\\\/wp-content\\\/uploads\\\/2026\\\/04\\\/87984654894.jpg\",\"width\":700,\"height\":525},{\"@type\":\"BreadcrumbList\",\"@id\":\"https:\\\/\\\/mybook.am\\\/?p=27664#breadcrumb\",\"itemListElement\":[{\"@type\":\"ListItem\",\"position\":1,\"name\":\"\u0413\u043b\u0430\u0432\u043d\u0430\u044f \u0441\u0442\u0440\u0430\u043d\u0438\u0446\u0430\",\"item\":\"https:\\\/\\\/mybook.am\\\/\"},{\"@type\":\"ListItem\",\"position\":2,\"name\":\"V\u011bta pronesen\u00e1 na poh\u0159bu rozbila osmadvacet let man\u017eelstv\u00ed b\u011bhem n\u011bkolika vte\u0159in.\"}]},{\"@type\":\"WebSite\",\"@id\":\"https:\\\/\\\/mybook.am\\\/#website\",\"url\":\"https:\\\/\\\/mybook.am\\\/\",\"name\":\"\",\"description\":\"\",\"potentialAction\":[{\"@type\":\"SearchAction\",\"target\":{\"@type\":\"EntryPoint\",\"urlTemplate\":\"https:\\\/\\\/mybook.am\\\/?s={search_term_string}\"},\"query-input\":{\"@type\":\"PropertyValueSpecification\",\"valueRequired\":true,\"valueName\":\"search_term_string\"}}],\"inLanguage\":\"ru-RU\"},{\"@type\":\"Person\",\"@id\":\"https:\\\/\\\/mybook.am\\\/#\\\/schema\\\/person\\\/e730847942cff3a199774e803916e97e\",\"name\":\"admin\",\"image\":{\"@type\":\"ImageObject\",\"inLanguage\":\"ru-RU\",\"@id\":\"https:\\\/\\\/secure.gravatar.com\\\/avatar\\\/df64e550a0653b7be0f1bcf897f33faad9c2c8153472b2d9319beafb51370f6f?s=96&d=mm&r=g\",\"url\":\"https:\\\/\\\/secure.gravatar.com\\\/avatar\\\/df64e550a0653b7be0f1bcf897f33faad9c2c8153472b2d9319beafb51370f6f?s=96&d=mm&r=g\",\"contentUrl\":\"https:\\\/\\\/secure.gravatar.com\\\/avatar\\\/df64e550a0653b7be0f1bcf897f33faad9c2c8153472b2d9319beafb51370f6f?s=96&d=mm&r=g\",\"caption\":\"admin\"},\"sameAs\":[\"http:\\\/\\\/mybook.am\"],\"url\":\"https:\\\/\\\/mybook.am\\\/?author=1\"}]}<\/script>\n<!-- \/ Yoast SEO plugin. -->","yoast_head_json":{"title":"V\u011bta pronesen\u00e1 na poh\u0159bu rozbila osmadvacet let man\u017eelstv\u00ed b\u011bhem n\u011bkolika vte\u0159in. -","robots":{"index":"index","follow":"follow","max-snippet":"max-snippet:-1","max-image-preview":"max-image-preview:large","max-video-preview":"max-video-preview:-1"},"canonical":"https:\/\/mybook.am\/?p=27664","og_locale":"ru_RU","og_type":"article","og_title":"V\u011bta pronesen\u00e1 na poh\u0159bu rozbila osmadvacet let man\u017eelstv\u00ed b\u011bhem n\u011bkolika vte\u0159in. -","og_description":"P\u0159\u00edmo u rakve ke mn\u011b p\u0159i\u0161la nezn\u00e1m\u00e1 dosp\u00edvaj\u00edc\u00ed d\u00edvka a za\u0161eptala: \u201eOn sl\u00edbil, \u017ee se o m\u011b postar\u00e1\u0161.\u201c Stalo se to p\u0159ed lidmi,","og_url":"https:\/\/mybook.am\/?p=27664","article_published_time":"2026-04-27T12:57:09+00:00","og_image":[{"width":700,"height":525,"url":"https:\/\/mybook.am\/wp-content\/uploads\/2026\/04\/87984654894.jpg","type":"image\/jpeg"}],"author":"admin","twitter_card":"summary_large_image","twitter_misc":{"\u041d\u0430\u043f\u0438\u0441\u0430\u043d\u043e \u0430\u0432\u0442\u043e\u0440\u043e\u043c":"admin","\u041f\u0440\u0438\u043c\u0435\u0440\u043d\u043e\u0435 \u0432\u0440\u0435\u043c\u044f \u0434\u043b\u044f \u0447\u0442\u0435\u043d\u0438\u044f":"4 \u043c\u0438\u043d\u0443\u0442\u044b"},"schema":{"@context":"https:\/\/schema.org","@graph":[{"@type":"Article","@id":"https:\/\/mybook.am\/?p=27664#article","isPartOf":{"@id":"https:\/\/mybook.am\/?p=27664"},"author":{"name":"admin","@id":"https:\/\/mybook.am\/#\/schema\/person\/e730847942cff3a199774e803916e97e"},"headline":"V\u011bta pronesen\u00e1 na poh\u0159bu rozbila osmadvacet let man\u017eelstv\u00ed b\u011bhem n\u011bkolika vte\u0159in.","datePublished":"2026-04-27T12:57:09+00:00","mainEntityOfPage":{"@id":"https:\/\/mybook.am\/?p=27664"},"wordCount":688,"commentCount":0,"image":{"@id":"https:\/\/mybook.am\/?p=27664#primaryimage"},"thumbnailUrl":"https:\/\/mybook.am\/wp-content\/uploads\/2026\/04\/87984654894.jpg","articleSection":["\u010cesk\u00e1"],"inLanguage":"ru-RU","potentialAction":[{"@type":"CommentAction","name":"Comment","target":["https:\/\/mybook.am\/?p=27664#respond"]}]},{"@type":"WebPage","@id":"https:\/\/mybook.am\/?p=27664","url":"https:\/\/mybook.am\/?p=27664","name":"V\u011bta pronesen\u00e1 na poh\u0159bu rozbila osmadvacet let man\u017eelstv\u00ed b\u011bhem n\u011bkolika vte\u0159in. -","isPartOf":{"@id":"https:\/\/mybook.am\/#website"},"primaryImageOfPage":{"@id":"https:\/\/mybook.am\/?p=27664#primaryimage"},"image":{"@id":"https:\/\/mybook.am\/?p=27664#primaryimage"},"thumbnailUrl":"https:\/\/mybook.am\/wp-content\/uploads\/2026\/04\/87984654894.jpg","datePublished":"2026-04-27T12:57:09+00:00","author":{"@id":"https:\/\/mybook.am\/#\/schema\/person\/e730847942cff3a199774e803916e97e"},"breadcrumb":{"@id":"https:\/\/mybook.am\/?p=27664#breadcrumb"},"inLanguage":"ru-RU","potentialAction":[{"@type":"ReadAction","target":["https:\/\/mybook.am\/?p=27664"]}]},{"@type":"ImageObject","inLanguage":"ru-RU","@id":"https:\/\/mybook.am\/?p=27664#primaryimage","url":"https:\/\/mybook.am\/wp-content\/uploads\/2026\/04\/87984654894.jpg","contentUrl":"https:\/\/mybook.am\/wp-content\/uploads\/2026\/04\/87984654894.jpg","width":700,"height":525},{"@type":"BreadcrumbList","@id":"https:\/\/mybook.am\/?p=27664#breadcrumb","itemListElement":[{"@type":"ListItem","position":1,"name":"\u0413\u043b\u0430\u0432\u043d\u0430\u044f \u0441\u0442\u0440\u0430\u043d\u0438\u0446\u0430","item":"https:\/\/mybook.am\/"},{"@type":"ListItem","position":2,"name":"V\u011bta pronesen\u00e1 na poh\u0159bu rozbila osmadvacet let man\u017eelstv\u00ed b\u011bhem n\u011bkolika vte\u0159in."}]},{"@type":"WebSite","@id":"https:\/\/mybook.am\/#website","url":"https:\/\/mybook.am\/","name":"","description":"","potentialAction":[{"@type":"SearchAction","target":{"@type":"EntryPoint","urlTemplate":"https:\/\/mybook.am\/?s={search_term_string}"},"query-input":{"@type":"PropertyValueSpecification","valueRequired":true,"valueName":"search_term_string"}}],"inLanguage":"ru-RU"},{"@type":"Person","@id":"https:\/\/mybook.am\/#\/schema\/person\/e730847942cff3a199774e803916e97e","name":"admin","image":{"@type":"ImageObject","inLanguage":"ru-RU","@id":"https:\/\/secure.gravatar.com\/avatar\/df64e550a0653b7be0f1bcf897f33faad9c2c8153472b2d9319beafb51370f6f?s=96&d=mm&r=g","url":"https:\/\/secure.gravatar.com\/avatar\/df64e550a0653b7be0f1bcf897f33faad9c2c8153472b2d9319beafb51370f6f?s=96&d=mm&r=g","contentUrl":"https:\/\/secure.gravatar.com\/avatar\/df64e550a0653b7be0f1bcf897f33faad9c2c8153472b2d9319beafb51370f6f?s=96&d=mm&r=g","caption":"admin"},"sameAs":["http:\/\/mybook.am"],"url":"https:\/\/mybook.am\/?author=1"}]}},"views":26,"_links":{"self":[{"href":"https:\/\/mybook.am\/index.php?rest_route=\/wp\/v2\/posts\/27664","targetHints":{"allow":["GET"]}}],"collection":[{"href":"https:\/\/mybook.am\/index.php?rest_route=\/wp\/v2\/posts"}],"about":[{"href":"https:\/\/mybook.am\/index.php?rest_route=\/wp\/v2\/types\/post"}],"author":[{"embeddable":true,"href":"https:\/\/mybook.am\/index.php?rest_route=\/wp\/v2\/users\/1"}],"replies":[{"embeddable":true,"href":"https:\/\/mybook.am\/index.php?rest_route=%2Fwp%2Fv2%2Fcomments&post=27664"}],"version-history":[{"count":1,"href":"https:\/\/mybook.am\/index.php?rest_route=\/wp\/v2\/posts\/27664\/revisions"}],"predecessor-version":[{"id":27666,"href":"https:\/\/mybook.am\/index.php?rest_route=\/wp\/v2\/posts\/27664\/revisions\/27666"}],"wp:featuredmedia":[{"embeddable":true,"href":"https:\/\/mybook.am\/index.php?rest_route=\/wp\/v2\/media\/27665"}],"wp:attachment":[{"href":"https:\/\/mybook.am\/index.php?rest_route=%2Fwp%2Fv2%2Fmedia&parent=27664"}],"wp:term":[{"taxonomy":"category","embeddable":true,"href":"https:\/\/mybook.am\/index.php?rest_route=%2Fwp%2Fv2%2Fcategories&post=27664"},{"taxonomy":"post_tag","embeddable":true,"href":"https:\/\/mybook.am\/index.php?rest_route=%2Fwp%2Fv2%2Ftags&post=27664"}],"curies":[{"name":"wp","href":"https:\/\/api.w.org\/{rel}","templated":true}]}}