{"id":27688,"date":"2026-05-01T09:24:35","date_gmt":"2026-05-01T06:24:35","guid":{"rendered":"https:\/\/mybook.am\/?p=27688"},"modified":"2026-05-01T09:24:36","modified_gmt":"2026-05-01T06:24:36","slug":"jedna-fotografie-vyvolala-paniku-na-internetu-lide-ji-otevreli-jako-obycejny-snimek-a-o-par-vterin-pozdeji-uz-psali-lituju-ze-jsem-to-zvetsil","status":"publish","type":"post","link":"https:\/\/mybook.am\/?p=27688","title":{"rendered":"Jedna fotografie vyvolala paniku na internetu \u2014 lid\u00e9 ji otev\u0159eli jako oby\u010dejn\u00fd sn\u00edmek a o p\u00e1r vte\u0159in pozd\u011bji u\u017e psali: \u201eLituju, \u017ee jsem to zv\u011bt\u0161il.\u201c"},"content":{"rendered":"\n<p>Zpo\u010d\u00e1tku nikdo nech\u00e1pal, co se d\u011bje. Obr\u00e1zek p\u016fsobil klidn\u011b, t\u00e9m\u011b\u0159 pr\u00e1zdn\u011b, bez k\u0159iku, bez krve, bez zjevn\u00e9 hrozby. A pr\u00e1v\u011b to bylo nejd\u011bsiv\u011bj\u0161\u00ed: nebezpe\u010dn\u00fd detail byl schovan\u00fd tam, kam se skoro nikdo ned\u00edv\u00e1.Fotografie se objevila v jedn\u00e9 popul\u00e1rn\u00ed skupin\u011b a zpo\u010d\u00e1tku nevzbudila pozornost. N\u011bkdo ji jen p\u0159ejel o\u010dima. N\u011bkdo dal reakci. N\u011bkdo napsal: \u201eA co na tom m\u00e1 b\u00fdt?\u201c<\/p>\n\n\n\n<figure class=\"wp-block-image size-full is-resized\"><img loading=\"lazy\" decoding=\"async\" width=\"400\" height=\"704\" src=\"https:\/\/mybook.am\/wp-content\/uploads\/2026\/05\/798465465.jpg\" alt=\"\" class=\"wp-image-27690\" style=\"width:605px;height:auto\" srcset=\"https:\/\/mybook.am\/wp-content\/uploads\/2026\/05\/798465465.jpg 400w, https:\/\/mybook.am\/wp-content\/uploads\/2026\/05\/798465465-170x300.jpg 170w\" sizes=\"auto, (max-width: 400px) 100vw, 400px\" \/><\/figure>\n\n\n\n<p>Pak ale jeden koment\u00e1\u0159 v\u0161echno zm\u011bnil.<\/p>\n\n\n\n<p>\u201eZv\u011bt\u0161ete prav\u00fd roh. A ne\u0159\u00edkejte, \u017ee to nevid\u00edte.\u201c<\/p>\n\n\n\n<p>B\u011bhem p\u00e1r minut se pod p\u0159\u00edsp\u011bvkem rozjel chaos. Lid\u00e9 se vraceli k obr\u00e1zku, otev\u00edrali ho na celou obrazovku, p\u0159ibli\u017eovali detaily \u2014 a najednou ztichli.<\/p>\n\n\n\n<p>\u2014 Po\u010dkej\u2026 to je obli\u010dej?<br>\u2014 Ne. To nem\u016f\u017ee b\u00fdt obli\u010dej.<br>\u2014 Tak pro\u010d se d\u00edv\u00e1 p\u0159\u00edmo na n\u00e1s?<\/p>\n\n\n\n<p>Od t\u00e9 chv\u00edle p\u0159estal b\u00fdt sn\u00edmek oby\u010dejn\u00fd.<\/p>\n\n\n\n<p>Autor tvrdil, \u017ee fotka vznikla n\u00e1hodou. \u017d\u00e1dn\u00e1 inscenace. \u017d\u00e1dn\u00e9 filtry. Jen z\u00e1b\u011br, kter\u00fd cht\u011bl p\u016fvodn\u011b smazat.<\/p>\n\n\n\n<p>Pak se na n\u011bj pod\u00edval je\u0161t\u011b jednou.<\/p>\n\n\n\n<p>A uvid\u011bl n\u011bco, co p\u0159i focen\u00ed v\u016fbec nezaznamenal.<\/p>\n\n\n\n<p>V pozad\u00ed, mezi st\u00edny a rozmazan\u00fdmi detaily, byla postava. Ne cel\u00e1. Ne tak, aby hned bila do o\u010d\u00ed. Sp\u00ed\u0161 naopak \u2014 jako by se schov\u00e1vala, ale p\u0159itom z\u016fst\u00e1vala dost viditeln\u00e1, aby vyvolala nep\u0159\u00edjemn\u00fd pocit.<\/p>\n\n\n\n<p>Nejv\u00edc znepokojiv\u00e9 nebylo jej\u00ed tvar.<\/p>\n\n\n\n<p>Ale sm\u011br pohledu.<\/p>\n\n\n\n<p>Ta postava se ned\u00edvala na lidi na fotografii. Ned\u00edvala se stranou. Ne\u0161lo o n\u00e1hodu.<\/p>\n\n\n\n<p>D\u00edvala se p\u0159\u00edmo na toho, kdo dr\u017eel fotoapar\u00e1t.<\/p>\n\n\n\n<p>Pod sn\u00edmkem za\u010daly p\u0159ib\u00fdvat stovky koment\u00e1\u0159\u016f.<\/p>\n\n\n\n<p>\u201eNejd\u0159\u00edv jsem se sm\u00e1l, pak jsem to uvid\u011bl.\u201c<\/p>\n\n\n\n<p>\u201ePro\u010d jsem to zv\u011bt\u0161oval\u2026 te\u010f to nem\u016f\u017eu dostat z hlavy.\u201c<\/p>\n\n\n\n<p>\u201eTo nen\u00ed st\u00edn. St\u00edny nemaj\u00ed o\u010di.\u201c<\/p>\n\n\n\n<p>N\u011bkte\u0159\u00ed tvrdili, \u017ee jde jen o hru sv\u011btla. Jin\u00ed mluvili o odrazu. Dal\u0161\u00ed zv\u011bt\u0161ovali obraz a\u017e na pixely a zv\u00fdraz\u0148ovali detaily, aby dok\u00e1zali, \u017ee tam opravdu n\u011bco je.<\/p>\n\n\n\n<p>Jen\u017ee \u010d\u00edm v\u00edc se to lid\u00e9 sna\u017eili vysv\u011btlit, t\u00edm hor\u0161\u00ed to bylo.<\/p>\n\n\n\n<p>Proto\u017ee p\u0159i v\u011bt\u0161\u00edm p\u0159ibl\u00ed\u017een\u00ed se objevila dal\u0161\u00ed v\u011bc.<\/p>\n\n\n\n<p>Ruka.<\/p>\n\n\n\n<p>Tenk\u00e1, sotva viditeln\u00e1, jako by byla p\u0159itisknut\u00e1 ke sklu nebo ke st\u011bn\u011b. Nach\u00e1zela se tam, kde podle autora nikdo b\u00fdt nemohl.<\/p>\n\n\n\n<p>\u2014 Tam bylo zav\u0159eno.<br>\u2014 Za t\u011bmi dve\u0159mi je pr\u00e1zdn\u00e1 m\u00edstnost.<br>\u2014 Kontrolovali jsme to hned po focen\u00ed.<\/p>\n\n\n\n<p>Tahle slova jen zv\u00fd\u0161ila nap\u011bt\u00ed.<\/p>\n\n\n\n<p>N\u011bkte\u0159\u00ed cht\u011bli origin\u00e1l bez komprese. Jin\u00ed \u017e\u00e1dali video z m\u00edsta. A kdy\u017e autor zve\u0159ejnil dal\u0161\u00ed fotografii stejn\u00e9ho m\u00edsta \u2014 tentokr\u00e1t za norm\u00e1ln\u00edho sv\u011btla \u2014 bylo to je\u0161t\u011b hor\u0161\u00ed.<\/p>\n\n\n\n<p>Nebyla tam nic.<\/p>\n\n\n\n<p>\u017d\u00e1dn\u00e9 zrcadlo.<\/p>\n\n\n\n<p>\u017d\u00e1dn\u00fd plak\u00e1t.<\/p>\n\n\n\n<p>\u017d\u00e1dn\u00fd p\u0159edm\u011bt, kter\u00fd by mohl vytvo\u0159it takov\u00fd tvar.<\/p>\n\n\n\n<p>Jen pr\u00e1zdn\u00e1 st\u011bna.<\/p>\n\n\n\n<p>A pr\u00e1v\u011b to rozproudilo diskusi naplno.<\/p>\n\n\n\n<p>Ti, co se sm\u00e1li, mazali koment\u00e1\u0159e. Ti, co mluvili o manipulaci, za\u010dali pochybovat. A autor napsal jen jednu v\u011btu:<\/p>\n\n\n\n<p>\u201eU\u017e se tam nechci vracet.\u201c<\/p>\n\n\n\n<p>Pak se p\u0159\u00edb\u011bh roz\u0161\u00ed\u0159il je\u0161t\u011b rychleji. Lid\u00e9 ho sd\u00edleli, pos\u00edlali d\u00e1l, rozeb\u00edrali ka\u017ed\u00fd detail. Ne\u0159e\u0161ili u\u017e, jestli je sn\u00edmek d\u011bsiv\u00fd.<\/p>\n\n\n\n<p>\u0158e\u0161ili n\u011bco jin\u00e9ho.<\/p>\n\n\n\n<p>Pro\u010d si toho v\u011bt\u0161ina lid\u00ed nev\u0161imne hned?<\/p>\n\n\n\n<p>N\u011bkdo to vid\u011bl b\u011bhem p\u00e1r sekund. Jin\u00fd koukal dlouho a nic. A pak mu n\u011bkdo napsal: \u201eNed\u00edvej se doprost\u0159ed. Pod\u00edvej se do st\u00ednu.\u201c<\/p>\n\n\n\n<p>A v tu chv\u00edli se v\u0161echno zm\u011bnilo.<\/p>\n\n\n\n<p>Oby\u010dejn\u00fd obr\u00e1zek se prom\u011bnil v past na o\u010di. Nejprve vid\u00ed\u0161 m\u00edstnost, sv\u011btlo, detaily. A pak \u2014 to.<\/p>\n\n\n\n<p>A mozek se tomu br\u00e1n\u00ed uv\u011b\u0159it.<\/p>\n\n\n\n<p>Nejsiln\u011bj\u0161\u00ed moment p\u0159i\u0161el pozd\u011bji, kdy\u017e si jeden u\u017eivatel v\u0161iml je\u0161t\u011b n\u011b\u010deho.<\/p>\n\n\n\n<p>Ne na pozad\u00ed.<\/p>\n\n\n\n<p>Ale na obli\u010deji \u010dlov\u011bka v pop\u0159ed\u00ed.<\/p>\n\n\n\n<p>Ten \u010dlov\u011bk se ned\u00edval do kamery. Ned\u00edval se na ostatn\u00ed.<\/p>\n\n\n\n<p>D\u00edval se p\u0159esn\u011b tam, kde byla ta postava.<\/p>\n\n\n\n<p>Jako by ji vid\u011bl u\u017e v tu chv\u00edli.<\/p>\n\n\n\n<p>A t\u00edm se v\u0161echno zm\u011bnilo.<\/p>\n\n\n\n<p>Najednou to nevypadalo jako n\u00e1hoda. Sp\u00ed\u0161 jako moment, kter\u00fd n\u011bkdo zachytil \u2014 ani\u017e by ch\u00e1pal, co vlastn\u011b fot\u00ed.<\/p>\n\n\n\n<p>Autor p\u0159\u00edsp\u011bvek pozd\u011bji smazal. Ale bylo pozd\u011b. Sn\u00edmky kolovaly d\u00e1l.<\/p>\n\n\n\n<p>A ka\u017ed\u00fd, kdo se na tu fotografii pod\u00edv\u00e1, pro\u017eije to sam\u00e9.<\/p>\n\n\n\n<p>Nejprve lhostejnost.<\/p>\n\n\n\n<p>Pak pochybnost.<\/p>\n\n\n\n<p>Pak p\u0159ibl\u00ed\u017een\u00ed.<\/p>\n\n\n\n<p>A pak ticho.<\/p>\n\n\n\n<p>Proto\u017ee existuj\u00ed obrazy, kter\u00e9 ned\u011bs\u00ed t\u00edm, co ukazuj\u00ed p\u0159\u00edmo.<\/p>\n\n\n\n<p>Ale t\u00edm, co si za\u010dne\u0161 dom\u00fd\u0161let s\u00e1m.<\/p>\n\n\n\n<p>A to je mo\u017en\u00e1 to nejhor\u0161\u00ed.<\/p>\n\n\n\n<p>Zav\u0159e\u0161 fotografii\u2026 ale z\u016fstane ti v hlav\u011b ot\u00e1zka: pokud to byl jen st\u00edn, pro\u010d vypadal tak, jako by v\u011bd\u011bl, \u017ee si ho jednou v\u0161imne\u0161?<\/p>\n","protected":false},"excerpt":{"rendered":"Zpo\u010d\u00e1tku nikdo nech\u00e1pal, co se d\u011bje. Obr\u00e1zek p\u016fsobil klidn\u011b, t\u00e9m\u011b\u0159 pr\u00e1zdn\u011b, bez k\u0159iku, bez krve, bez zjevn\u00e9 hrozby. A pr\u00e1v\u011b to bylo nejd\u011bsiv\u011bj\u0161\u00ed: \n<a class=\"moretag\" href=\"https:\/\/mybook.am\/?p=27688\"> [...]<\/a>","protected":false},"author":1,"featured_media":27690,"comment_status":"open","ping_status":"open","sticky":false,"template":"","format":"standard","meta":{"footnotes":""},"categories":[1],"tags":[],"class_list":["post-27688","post","type-post","status-publish","format-standard","has-post-thumbnail","hentry","category-ceska"],"yoast_head":"<!-- This site is optimized with the Yoast SEO plugin v27.5 - https:\/\/yoast.com\/product\/yoast-seo-wordpress\/ -->\n<title>Jedna fotografie vyvolala paniku na internetu \u2014 lid\u00e9 ji otev\u0159eli jako oby\u010dejn\u00fd sn\u00edmek a o p\u00e1r vte\u0159in pozd\u011bji u\u017e psali: \u201eLituju, \u017ee jsem to zv\u011bt\u0161il.\u201c -<\/title>\n<meta name=\"robots\" content=\"index, follow, max-snippet:-1, max-image-preview:large, max-video-preview:-1\" \/>\n<link rel=\"canonical\" href=\"https:\/\/mybook.am\/?p=27688\" \/>\n<meta property=\"og:locale\" content=\"ru_RU\" \/>\n<meta property=\"og:type\" content=\"article\" \/>\n<meta property=\"og:title\" content=\"Jedna fotografie vyvolala paniku na internetu \u2014 lid\u00e9 ji otev\u0159eli jako oby\u010dejn\u00fd sn\u00edmek a o p\u00e1r vte\u0159in pozd\u011bji u\u017e psali: \u201eLituju, \u017ee jsem to zv\u011bt\u0161il.\u201c -\" \/>\n<meta property=\"og:description\" content=\"Zpo\u010d\u00e1tku nikdo nech\u00e1pal, co se d\u011bje. Obr\u00e1zek p\u016fsobil klidn\u011b, t\u00e9m\u011b\u0159 pr\u00e1zdn\u011b, bez k\u0159iku, bez krve, bez zjevn\u00e9 hrozby. A pr\u00e1v\u011b to bylo nejd\u011bsiv\u011bj\u0161\u00ed:\" \/>\n<meta property=\"og:url\" content=\"https:\/\/mybook.am\/?p=27688\" \/>\n<meta property=\"article:published_time\" content=\"2026-05-01T06:24:35+00:00\" \/>\n<meta property=\"article:modified_time\" content=\"2026-05-01T06:24:36+00:00\" \/>\n<meta property=\"og:image\" content=\"https:\/\/mybook.am\/wp-content\/uploads\/2026\/05\/798465465.jpg\" \/>\n\t<meta property=\"og:image:width\" content=\"400\" \/>\n\t<meta property=\"og:image:height\" content=\"704\" \/>\n\t<meta property=\"og:image:type\" content=\"image\/jpeg\" \/>\n<meta name=\"author\" content=\"admin\" \/>\n<meta name=\"twitter:card\" content=\"summary_large_image\" \/>\n<meta name=\"twitter:label1\" content=\"\u041d\u0430\u043f\u0438\u0441\u0430\u043d\u043e \u0430\u0432\u0442\u043e\u0440\u043e\u043c\" \/>\n\t<meta name=\"twitter:data1\" content=\"admin\" \/>\n\t<meta name=\"twitter:label2\" content=\"\u041f\u0440\u0438\u043c\u0435\u0440\u043d\u043e\u0435 \u0432\u0440\u0435\u043c\u044f \u0434\u043b\u044f \u0447\u0442\u0435\u043d\u0438\u044f\" \/>\n\t<meta name=\"twitter:data2\" content=\"4 \u043c\u0438\u043d\u0443\u0442\u044b\" \/>\n<script type=\"application\/ld+json\" class=\"yoast-schema-graph\">{\"@context\":\"https:\\\/\\\/schema.org\",\"@graph\":[{\"@type\":\"Article\",\"@id\":\"https:\\\/\\\/mybook.am\\\/?p=27688#article\",\"isPartOf\":{\"@id\":\"https:\\\/\\\/mybook.am\\\/?p=27688\"},\"author\":{\"name\":\"admin\",\"@id\":\"https:\\\/\\\/mybook.am\\\/#\\\/schema\\\/person\\\/e730847942cff3a199774e803916e97e\"},\"headline\":\"Jedna fotografie vyvolala paniku na internetu \u2014 lid\u00e9 ji otev\u0159eli jako oby\u010dejn\u00fd sn\u00edmek a o p\u00e1r vte\u0159in pozd\u011bji u\u017e psali: \u201eLituju, \u017ee jsem to zv\u011bt\u0161il.\u201c\",\"datePublished\":\"2026-05-01T06:24:35+00:00\",\"dateModified\":\"2026-05-01T06:24:36+00:00\",\"mainEntityOfPage\":{\"@id\":\"https:\\\/\\\/mybook.am\\\/?p=27688\"},\"wordCount\":899,\"commentCount\":0,\"image\":{\"@id\":\"https:\\\/\\\/mybook.am\\\/?p=27688#primaryimage\"},\"thumbnailUrl\":\"https:\\\/\\\/mybook.am\\\/wp-content\\\/uploads\\\/2026\\\/05\\\/798465465.jpg\",\"articleSection\":[\"\u010cesk\u00e1\"],\"inLanguage\":\"ru-RU\",\"potentialAction\":[{\"@type\":\"CommentAction\",\"name\":\"Comment\",\"target\":[\"https:\\\/\\\/mybook.am\\\/?p=27688#respond\"]}]},{\"@type\":\"WebPage\",\"@id\":\"https:\\\/\\\/mybook.am\\\/?p=27688\",\"url\":\"https:\\\/\\\/mybook.am\\\/?p=27688\",\"name\":\"Jedna fotografie vyvolala paniku na internetu \u2014 lid\u00e9 ji otev\u0159eli jako oby\u010dejn\u00fd sn\u00edmek a o p\u00e1r vte\u0159in pozd\u011bji u\u017e psali: \u201eLituju, \u017ee jsem to zv\u011bt\u0161il.\u201c -\",\"isPartOf\":{\"@id\":\"https:\\\/\\\/mybook.am\\\/#website\"},\"primaryImageOfPage\":{\"@id\":\"https:\\\/\\\/mybook.am\\\/?p=27688#primaryimage\"},\"image\":{\"@id\":\"https:\\\/\\\/mybook.am\\\/?p=27688#primaryimage\"},\"thumbnailUrl\":\"https:\\\/\\\/mybook.am\\\/wp-content\\\/uploads\\\/2026\\\/05\\\/798465465.jpg\",\"datePublished\":\"2026-05-01T06:24:35+00:00\",\"dateModified\":\"2026-05-01T06:24:36+00:00\",\"author\":{\"@id\":\"https:\\\/\\\/mybook.am\\\/#\\\/schema\\\/person\\\/e730847942cff3a199774e803916e97e\"},\"breadcrumb\":{\"@id\":\"https:\\\/\\\/mybook.am\\\/?p=27688#breadcrumb\"},\"inLanguage\":\"ru-RU\",\"potentialAction\":[{\"@type\":\"ReadAction\",\"target\":[\"https:\\\/\\\/mybook.am\\\/?p=27688\"]}]},{\"@type\":\"ImageObject\",\"inLanguage\":\"ru-RU\",\"@id\":\"https:\\\/\\\/mybook.am\\\/?p=27688#primaryimage\",\"url\":\"https:\\\/\\\/mybook.am\\\/wp-content\\\/uploads\\\/2026\\\/05\\\/798465465.jpg\",\"contentUrl\":\"https:\\\/\\\/mybook.am\\\/wp-content\\\/uploads\\\/2026\\\/05\\\/798465465.jpg\",\"width\":400,\"height\":704},{\"@type\":\"BreadcrumbList\",\"@id\":\"https:\\\/\\\/mybook.am\\\/?p=27688#breadcrumb\",\"itemListElement\":[{\"@type\":\"ListItem\",\"position\":1,\"name\":\"\u0413\u043b\u0430\u0432\u043d\u0430\u044f \u0441\u0442\u0440\u0430\u043d\u0438\u0446\u0430\",\"item\":\"https:\\\/\\\/mybook.am\\\/\"},{\"@type\":\"ListItem\",\"position\":2,\"name\":\"Jedna fotografie vyvolala paniku na internetu \u2014 lid\u00e9 ji otev\u0159eli jako oby\u010dejn\u00fd sn\u00edmek a o p\u00e1r vte\u0159in pozd\u011bji u\u017e psali: \u201eLituju, \u017ee jsem to zv\u011bt\u0161il.\u201c\"}]},{\"@type\":\"WebSite\",\"@id\":\"https:\\\/\\\/mybook.am\\\/#website\",\"url\":\"https:\\\/\\\/mybook.am\\\/\",\"name\":\"\",\"description\":\"\",\"potentialAction\":[{\"@type\":\"SearchAction\",\"target\":{\"@type\":\"EntryPoint\",\"urlTemplate\":\"https:\\\/\\\/mybook.am\\\/?s={search_term_string}\"},\"query-input\":{\"@type\":\"PropertyValueSpecification\",\"valueRequired\":true,\"valueName\":\"search_term_string\"}}],\"inLanguage\":\"ru-RU\"},{\"@type\":\"Person\",\"@id\":\"https:\\\/\\\/mybook.am\\\/#\\\/schema\\\/person\\\/e730847942cff3a199774e803916e97e\",\"name\":\"admin\",\"image\":{\"@type\":\"ImageObject\",\"inLanguage\":\"ru-RU\",\"@id\":\"https:\\\/\\\/secure.gravatar.com\\\/avatar\\\/df64e550a0653b7be0f1bcf897f33faad9c2c8153472b2d9319beafb51370f6f?s=96&d=mm&r=g\",\"url\":\"https:\\\/\\\/secure.gravatar.com\\\/avatar\\\/df64e550a0653b7be0f1bcf897f33faad9c2c8153472b2d9319beafb51370f6f?s=96&d=mm&r=g\",\"contentUrl\":\"https:\\\/\\\/secure.gravatar.com\\\/avatar\\\/df64e550a0653b7be0f1bcf897f33faad9c2c8153472b2d9319beafb51370f6f?s=96&d=mm&r=g\",\"caption\":\"admin\"},\"sameAs\":[\"http:\\\/\\\/mybook.am\"],\"url\":\"https:\\\/\\\/mybook.am\\\/?author=1\"}]}<\/script>\n<!-- \/ Yoast SEO plugin. -->","yoast_head_json":{"title":"Jedna fotografie vyvolala paniku na internetu \u2014 lid\u00e9 ji otev\u0159eli jako oby\u010dejn\u00fd sn\u00edmek a o p\u00e1r vte\u0159in pozd\u011bji u\u017e psali: \u201eLituju, \u017ee jsem to zv\u011bt\u0161il.\u201c -","robots":{"index":"index","follow":"follow","max-snippet":"max-snippet:-1","max-image-preview":"max-image-preview:large","max-video-preview":"max-video-preview:-1"},"canonical":"https:\/\/mybook.am\/?p=27688","og_locale":"ru_RU","og_type":"article","og_title":"Jedna fotografie vyvolala paniku na internetu \u2014 lid\u00e9 ji otev\u0159eli jako oby\u010dejn\u00fd sn\u00edmek a o p\u00e1r vte\u0159in pozd\u011bji u\u017e psali: \u201eLituju, \u017ee jsem to zv\u011bt\u0161il.\u201c -","og_description":"Zpo\u010d\u00e1tku nikdo nech\u00e1pal, co se d\u011bje. Obr\u00e1zek p\u016fsobil klidn\u011b, t\u00e9m\u011b\u0159 pr\u00e1zdn\u011b, bez k\u0159iku, bez krve, bez zjevn\u00e9 hrozby. A pr\u00e1v\u011b to bylo nejd\u011bsiv\u011bj\u0161\u00ed:","og_url":"https:\/\/mybook.am\/?p=27688","article_published_time":"2026-05-01T06:24:35+00:00","article_modified_time":"2026-05-01T06:24:36+00:00","og_image":[{"width":400,"height":704,"url":"https:\/\/mybook.am\/wp-content\/uploads\/2026\/05\/798465465.jpg","type":"image\/jpeg"}],"author":"admin","twitter_card":"summary_large_image","twitter_misc":{"\u041d\u0430\u043f\u0438\u0441\u0430\u043d\u043e \u0430\u0432\u0442\u043e\u0440\u043e\u043c":"admin","\u041f\u0440\u0438\u043c\u0435\u0440\u043d\u043e\u0435 \u0432\u0440\u0435\u043c\u044f \u0434\u043b\u044f \u0447\u0442\u0435\u043d\u0438\u044f":"4 \u043c\u0438\u043d\u0443\u0442\u044b"},"schema":{"@context":"https:\/\/schema.org","@graph":[{"@type":"Article","@id":"https:\/\/mybook.am\/?p=27688#article","isPartOf":{"@id":"https:\/\/mybook.am\/?p=27688"},"author":{"name":"admin","@id":"https:\/\/mybook.am\/#\/schema\/person\/e730847942cff3a199774e803916e97e"},"headline":"Jedna fotografie vyvolala paniku na internetu \u2014 lid\u00e9 ji otev\u0159eli jako oby\u010dejn\u00fd sn\u00edmek a o p\u00e1r vte\u0159in pozd\u011bji u\u017e psali: \u201eLituju, \u017ee jsem to zv\u011bt\u0161il.\u201c","datePublished":"2026-05-01T06:24:35+00:00","dateModified":"2026-05-01T06:24:36+00:00","mainEntityOfPage":{"@id":"https:\/\/mybook.am\/?p=27688"},"wordCount":899,"commentCount":0,"image":{"@id":"https:\/\/mybook.am\/?p=27688#primaryimage"},"thumbnailUrl":"https:\/\/mybook.am\/wp-content\/uploads\/2026\/05\/798465465.jpg","articleSection":["\u010cesk\u00e1"],"inLanguage":"ru-RU","potentialAction":[{"@type":"CommentAction","name":"Comment","target":["https:\/\/mybook.am\/?p=27688#respond"]}]},{"@type":"WebPage","@id":"https:\/\/mybook.am\/?p=27688","url":"https:\/\/mybook.am\/?p=27688","name":"Jedna fotografie vyvolala paniku na internetu \u2014 lid\u00e9 ji otev\u0159eli jako oby\u010dejn\u00fd sn\u00edmek a o p\u00e1r vte\u0159in pozd\u011bji u\u017e psali: \u201eLituju, \u017ee jsem to zv\u011bt\u0161il.\u201c -","isPartOf":{"@id":"https:\/\/mybook.am\/#website"},"primaryImageOfPage":{"@id":"https:\/\/mybook.am\/?p=27688#primaryimage"},"image":{"@id":"https:\/\/mybook.am\/?p=27688#primaryimage"},"thumbnailUrl":"https:\/\/mybook.am\/wp-content\/uploads\/2026\/05\/798465465.jpg","datePublished":"2026-05-01T06:24:35+00:00","dateModified":"2026-05-01T06:24:36+00:00","author":{"@id":"https:\/\/mybook.am\/#\/schema\/person\/e730847942cff3a199774e803916e97e"},"breadcrumb":{"@id":"https:\/\/mybook.am\/?p=27688#breadcrumb"},"inLanguage":"ru-RU","potentialAction":[{"@type":"ReadAction","target":["https:\/\/mybook.am\/?p=27688"]}]},{"@type":"ImageObject","inLanguage":"ru-RU","@id":"https:\/\/mybook.am\/?p=27688#primaryimage","url":"https:\/\/mybook.am\/wp-content\/uploads\/2026\/05\/798465465.jpg","contentUrl":"https:\/\/mybook.am\/wp-content\/uploads\/2026\/05\/798465465.jpg","width":400,"height":704},{"@type":"BreadcrumbList","@id":"https:\/\/mybook.am\/?p=27688#breadcrumb","itemListElement":[{"@type":"ListItem","position":1,"name":"\u0413\u043b\u0430\u0432\u043d\u0430\u044f \u0441\u0442\u0440\u0430\u043d\u0438\u0446\u0430","item":"https:\/\/mybook.am\/"},{"@type":"ListItem","position":2,"name":"Jedna fotografie vyvolala paniku na internetu \u2014 lid\u00e9 ji otev\u0159eli jako oby\u010dejn\u00fd sn\u00edmek a o p\u00e1r vte\u0159in pozd\u011bji u\u017e psali: \u201eLituju, \u017ee jsem to zv\u011bt\u0161il.\u201c"}]},{"@type":"WebSite","@id":"https:\/\/mybook.am\/#website","url":"https:\/\/mybook.am\/","name":"","description":"","potentialAction":[{"@type":"SearchAction","target":{"@type":"EntryPoint","urlTemplate":"https:\/\/mybook.am\/?s={search_term_string}"},"query-input":{"@type":"PropertyValueSpecification","valueRequired":true,"valueName":"search_term_string"}}],"inLanguage":"ru-RU"},{"@type":"Person","@id":"https:\/\/mybook.am\/#\/schema\/person\/e730847942cff3a199774e803916e97e","name":"admin","image":{"@type":"ImageObject","inLanguage":"ru-RU","@id":"https:\/\/secure.gravatar.com\/avatar\/df64e550a0653b7be0f1bcf897f33faad9c2c8153472b2d9319beafb51370f6f?s=96&d=mm&r=g","url":"https:\/\/secure.gravatar.com\/avatar\/df64e550a0653b7be0f1bcf897f33faad9c2c8153472b2d9319beafb51370f6f?s=96&d=mm&r=g","contentUrl":"https:\/\/secure.gravatar.com\/avatar\/df64e550a0653b7be0f1bcf897f33faad9c2c8153472b2d9319beafb51370f6f?s=96&d=mm&r=g","caption":"admin"},"sameAs":["http:\/\/mybook.am"],"url":"https:\/\/mybook.am\/?author=1"}]}},"views":30,"_links":{"self":[{"href":"https:\/\/mybook.am\/index.php?rest_route=\/wp\/v2\/posts\/27688","targetHints":{"allow":["GET"]}}],"collection":[{"href":"https:\/\/mybook.am\/index.php?rest_route=\/wp\/v2\/posts"}],"about":[{"href":"https:\/\/mybook.am\/index.php?rest_route=\/wp\/v2\/types\/post"}],"author":[{"embeddable":true,"href":"https:\/\/mybook.am\/index.php?rest_route=\/wp\/v2\/users\/1"}],"replies":[{"embeddable":true,"href":"https:\/\/mybook.am\/index.php?rest_route=%2Fwp%2Fv2%2Fcomments&post=27688"}],"version-history":[{"count":1,"href":"https:\/\/mybook.am\/index.php?rest_route=\/wp\/v2\/posts\/27688\/revisions"}],"predecessor-version":[{"id":27691,"href":"https:\/\/mybook.am\/index.php?rest_route=\/wp\/v2\/posts\/27688\/revisions\/27691"}],"wp:featuredmedia":[{"embeddable":true,"href":"https:\/\/mybook.am\/index.php?rest_route=\/wp\/v2\/media\/27690"}],"wp:attachment":[{"href":"https:\/\/mybook.am\/index.php?rest_route=%2Fwp%2Fv2%2Fmedia&parent=27688"}],"wp:term":[{"taxonomy":"category","embeddable":true,"href":"https:\/\/mybook.am\/index.php?rest_route=%2Fwp%2Fv2%2Fcategories&post=27688"},{"taxonomy":"post_tag","embeddable":true,"href":"https:\/\/mybook.am\/index.php?rest_route=%2Fwp%2Fv2%2Ftags&post=27688"}],"curies":[{"name":"wp","href":"https:\/\/api.w.org\/{rel}","templated":true}]}}